{"id":67972,"date":"2026-06-04T19:25:23","date_gmt":"2026-06-04T22:25:23","guid":{"rendered":"https:\/\/guialimeira.com.br\/feirao-casa-paulista-oferece-mais-de-r-303-milhoes-em-subsidios-para-compra-do-primeiro-imovel-na-regiao-metropolitana-de-sao-paulo\/"},"modified":"2026-06-04T19:25:23","modified_gmt":"2026-06-04T22:25:23","slug":"feirao-casa-paulista-oferece-mais-de-r-303-milhoes-em-subsidios-para-compra-do-primeiro-imovel-na-regiao-metropolitana-de-sao-paulo","status":"publish","type":"post","link":"https:\/\/guialimeira.com.br\/news\/feirao-casa-paulista-oferece-mais-de-r-303-milhoes-em-subsidios-para-compra-do-primeiro-imovel-na-regiao-metropolitana-de-sao-paulo\/","title":{"rendered":"Feir\u00e3o Casa Paulista oferece mais de R$\u00a030,3 milh\u00f5es\u00a0em subs\u00eddios para compra do primeiro im\u00f3vel na Regi\u00e3o Metropolitana de S\u00e3o Paulo\u00a0"},"content":{"rendered":"<p> <br \/>\n<br \/><img data-recalc-dims=\"1\" decoding=\"async\" src=\"https:\/\/i0.wp.com\/www.agenciasp.sp.gov.br\/wp-content\/uploads\/2026\/02\/Captura-de-tela-2026-02-05-073005.png?w=696&#038;ssl=1\" \/><\/p>\n<div>\n<p class=\"wp-block-paragraph\">O Governo de S\u00e3o Paulo, por meio do programa Casa Paulista, vai disponibilizar mais de R$\u00a030,3 milh\u00f5es\u00a0em subs\u00eddios para a nova edi\u00e7\u00e3o do Feir\u00e3o Casa Paulista, que ocorre nas cidades de\u00a0S\u00e3o\u00a0Paulo e Po\u00e1, entre\u00a0esta quinta-feira (4\/06) e domingo (7\/06).\u00a0<\/p>\n<p class=\"wp-block-paragraph\">Ser\u00e3o oferecidas\u00a01,9 mil\u00a0novas Cartas de Cr\u00e9dito Imobili\u00e1rio, das quais\u00a01.869 para S\u00e3o Paulo, duas para Osasco, 28 para Suzano e duas para Itaquaquecetuba.\u00a0As\u00a0cartas\u00a0t\u00eam valor de R$ 16 mil cada uma\u00a0e\u00a0s\u00e3o concedidas a fundo perdido para fam\u00edlias que desejam adquirir o primeiro im\u00f3vel.\u00a0Os interessados poder\u00e3o escolher entre\u00a0mais de 100\u00a0empreendimentos de diferentes construtoras.\u00a0<\/p>\n<p class=\"wp-block-paragraph\">Para participar, \u00e9 necess\u00e1rio atender aos requisitos do programa Casa Paulista \u2013 Carta de Cr\u00e9dito Imobili\u00e1rio: possuir renda familiar de at\u00e9 tr\u00eas\u00a0sal\u00e1rios m\u00ednimos; n\u00e3o possuir im\u00f3vel no pr\u00f3prio nome; n\u00e3o ter financiamento imobili\u00e1rio ativo; e n\u00e3o ter sido beneficiado por outro programa habitacional.\u00a0\u00a0\u00a0<\/p>\n<p class=\"wp-block-paragraph\">Os atendimentos para\u00a0comercializa\u00e7\u00e3o de unidades em\u00a0Suzano e Itaquaquecetuba ocorrer\u00e3o em Po\u00e1, na Avenida Vital Brasil, 35, das 9h \u00e0s 18h.\u00a0J\u00e1 a oferta de cartas de cr\u00e9dito para empreendimentos localizados em S\u00e3o Paulo e Osasco ocorrer\u00e1 na pr\u00f3pria capital, nos endere\u00e7os e hor\u00e1rios abaixo:\u00a0<\/p>\n<p class=\"wp-block-paragraph\"><strong>Endere\u00e7o 1: Avenida Carlos\u00a0Liviero, 830 \u2013 Sacom\u00e3\u00a0<\/strong><\/p>\n<p class=\"wp-block-paragraph\">Atendimento dos dias 4 a 6\/06, das 9h \u00e0s 18h\u00a0<\/p>\n<p class=\"wp-block-paragraph\"><strong>Endere\u00e7o 2: Avenida Miguel Ign\u00e1cio Curi,\u00a0111\u00a0\u2013 Artur Alvim\u00a0<\/strong><\/p>\n<p class=\"wp-block-paragraph\">Atendimento dos dias 4 a 6\/06, das 9h \u00e0s 18h\u00a0<\/p>\n<p class=\"wp-block-paragraph\"><strong>Endere\u00e7o 3: Avenida Miguel Yunes, 1067 \u2013 Usina Piratininga\u00a0\u00a0<\/strong><\/p>\n<p class=\"wp-block-paragraph\">Atendimento dos dias 4 a 6\/06, das 9h \u00e0s 18h\u00a0<\/p>\n<p class=\"wp-block-paragraph\"><strong>Endere\u00e7o 4: Avenida Raimundo Pereira de Magalh\u00e3es, 7395 \u2013\u00a0Pirituba\u00a0<\/strong><\/p>\n<p class=\"wp-block-paragraph\">Atendimento dos dias 4 a 6\/06, das 9h \u00e0s 18h\u00a0<\/p>\n<p class=\"wp-block-paragraph\"><strong>Endere\u00e7o 5: Rua Andr\u00e9 de Almeida, 2375 \u2013 S\u00e3o Mateus\u00a0\u00a0<\/strong><\/p>\n<p class=\"wp-block-paragraph\">Atendimento dos dias 4 a 6\/06, das 9h \u00e0s 18h\u00a0<\/p>\n<p class=\"wp-block-paragraph\"><strong>Endere\u00e7o 6: Rua Barros\u00a0Cassal, 170 \u2013 Itaquera\u00a0<\/strong><\/p>\n<p class=\"wp-block-paragraph\">Atendimento dos dias 4 a 6\/06, das 9h \u00e0s 18h\u00a0<\/p>\n<p class=\"wp-block-paragraph\"><strong>Endere\u00e7o 7: Rua Carm\u00e9lia Morano, 153 \u2013 Jardim Arpoador\u00a0<\/strong><\/p>\n<p class=\"wp-block-paragraph\"><em>Neste posto de atendimento, tamb\u00e9m ser\u00e3o comercializadas unidades habitacionais localizadas em Osasco.<\/em>\u00a0<\/p>\n<p class=\"wp-block-paragraph\">Atendimento dos dias 4 a 6\/06, das 9h \u00e0s 18h\u00a0<\/p>\n<p class=\"wp-block-paragraph\"><strong>Endere\u00e7o 8: Esquina da Avenida Jacu P\u00eassego com a Rua Agrimensor\u00a0Sugaya, 7\u00a0\u2013 Itaquera\u00a0<\/strong><\/p>\n<p class=\"wp-block-paragraph\">Atendimento nos dias 6 e 7\/06, das 9h \u00e0s 20h\u00a0<\/p>\n<p class=\"wp-block-paragraph\"><strong>Endere\u00e7o 9: Avenida Marechal Tito, 1533 \u2013\u00a0S\u00e3o Miguel\u00a0<\/strong><\/p>\n<p class=\"wp-block-paragraph\">Atendimento nos dias 6 e 7\/06, das 9h \u00e0s 20h\u00a0<\/p>\n<h3 class=\"wp-block-heading\"><strong>Nova fase<\/strong>\u00a0<\/h3>\n<p class=\"wp-block-paragraph\">Ap\u00f3s um per\u00edodo de an\u00e1lises e balan\u00e7os, os Feir\u00f5es Casa Paulista foram retomados no final de janeiro, com a publica\u00e7\u00e3o de novo chamamento para empresas interessadas. Para esta nova fase de retomada, a SDUH estabeleceu crit\u00e9rios rigorosos de prioriza\u00e7\u00e3o para garantir a agilidade das entregas. Ter\u00e3o prefer\u00eancia os empreendimentos com previs\u00e3o de entrega das chaves at\u00e9 junho de 2026. Al\u00e9m disso, os im\u00f3veis devem possuir no m\u00ednimo dois dormit\u00f3rios e estar devidamente contratados junto \u00e0 Caixa Econ\u00f4mica Federal at\u00e9 a data final da realiza\u00e7\u00e3o do feir\u00e3o. As entidades organizadoras interessadas, sejam elas prefeituras, associa\u00e7\u00f5es ou empresas privadas, devem encaminhar o Termo de Ades\u00e3o exclusivamente pelo e-mail\u00a0<a href=\"https:\/\/www.agenciasp.sp.gov.br\/feirao-casa-paulista-oferece-mais-de-r-303-milhoes-em-subsidios-para-compra-do-primeiro-imovel-na-regiao-metropolitana-de-sao-paulo\/mailto:feirao@casapaulista.sp.gov.br\" target=\"_blank\" rel=\"noreferrer noopener\">feirao@casapaulista.sp.gov.br<\/a>.\u00a0<\/p>\n<p class=\"wp-block-paragraph\">O evento segue as normas da Resolu\u00e7\u00e3o SDUH n\u00ba 43, de 22 de agosto de 2025. Durante os feir\u00f5es, as construtoras podem ofertar tanto unidades de empreendimentos j\u00e1 cadastrados quanto novos projetos que recebam aporte pontual para o evento, desde que utilizem financiamento via FGTS. Ap\u00f3s o encerramento das atividades, as empresas t\u00eam o prazo de cinco dias \u00fateis para enviar \u00e0 SDUH um relat\u00f3rio detalhado contendo as informa\u00e7\u00f5es das fam\u00edlias atendidas e das unidades negociadas, subsidiando a autoriza\u00e7\u00e3o para a libera\u00e7\u00e3o dos recursos.\u00a0<\/p>\n<h3 class=\"wp-block-heading\"><strong>Balan\u00e7o do Casa Paulista \u2013 Carta de Cr\u00e9dito Imobili\u00e1rio<\/strong>\u00a0<\/h3>\n<p class=\"wp-block-paragraph\">Desde 2023, o programa Casa Paulista entregou na Regi\u00e3o\u00a0Metropolitana de S\u00e3o Paulo\u00a0mais de\u00a013,1\u00a0mil unidades habitacionais pela modalidade Carta de Cr\u00e9dito Imobili\u00e1rio, com investimento de R$\u00a0196,6\u00a0milh\u00f5es. Outras\u00a024,5 mil unidades est\u00e3o em constru\u00e7\u00e3o, sob aporte de R$\u00a0369,6\u00a0milh\u00f5es.\u00a0<\/p>\n<p class=\"wp-block-paragraph\">Os subs\u00eddios demonstram o compromisso do Governo de S\u00e3o Paulo em ampliar o atendimento habitacional e priorizar as fam\u00edlias que mais necessitam de apoio do Estado. Levantamento da SDUH mostra que, em empreendimentos participantes do programa, a renda m\u00e9dia das fam\u00edlias beneficiadas com os subs\u00eddios estaduais \u00e9 de R$ 2,8 mil, equivalentes a 1,87\u00a0sal\u00e1rio\u00a0m\u00ednimo\u00a0em 2025. Nos mesmos empreendimentos, a renda m\u00e9dia dos compradores que n\u00e3o utilizam o cheque do Casa Paulista \u00e9 de R$ 5,2 mil (3,44\u00a0sal\u00e1rios m\u00ednimos), evidenciando o impacto social do benef\u00edcio.\u00a0<\/p>\n<\/p><\/div>\n<p><br \/>\n<br \/><a href=\"https:\/\/www.agenciasp.sp.gov.br\/feirao-casa-paulista-oferece-mais-de-r-303-milhoes-em-subsidios-para-compra-do-primeiro-imovel-na-regiao-metropolitana-de-sao-paulo\/\" rel=\"noopener\">Informa\u00e7\u00f5es GOV.SP<\/a><\/p>\n","protected":false},"excerpt":{"rendered":"<p>O Governo de S\u00e3o Paulo, por meio do programa Casa Paulista, vai disponibilizar mais de R$\u00a030,3 milh\u00f5es\u00a0em subs\u00eddios para a nova edi\u00e7\u00e3o do Feir\u00e3o Casa Paulista, que ocorre nas cidades de\u00a0S\u00e3o\u00a0Paulo e Po\u00e1, entre\u00a0esta quinta-feira (4\/06) e domingo (7\/06).\u00a0 Ser\u00e3o oferecidas\u00a01,9 mil\u00a0novas Cartas de Cr\u00e9dito Imobili\u00e1rio, das quais\u00a01.869 para S\u00e3o Paulo, duas para Osasco, 28 [&hellip;]<\/p>\n","protected":false},"author":1,"featured_media":54486,"comment_status":"","ping_status":"open","sticky":false,"template":"","format":"standard","meta":{"_jetpack_newsletter_access":"","_jetpack_dont_email_post_to_subs":false,"_jetpack_newsletter_tier_id":0,"_jetpack_memberships_contains_paywalled_content":false,"_mbp_banners":[],"_jetpack_feature_clip_id":0,"_jetpack_memberships_contains_paid_content":false,"footnotes":"","jetpack_publicize_message":"","jetpack_publicize_feature_enabled":true,"jetpack_social_post_already_shared":true,"jetpack_social_options":{"image_generator_settings":{"template":"highway","default_image_id":0,"font":"","enabled":false},"version":2},"jetpack_post_was_ever_published":false},"categories":[21],"tags":[],"class_list":["post-67972","post","type-post","status-publish","format-standard","has-post-thumbnail","category-sp-news"],"jetpack_publicize_connections":[],"jetpack-related-posts":[],"jetpack_shortlink":"https:\/\/wp.me\/p7Eq1F-hGk","jetpack_sharing_enabled":true,"jetpack_featured_media_url":"https:\/\/i0.wp.com\/guialimeira.com.br\/news\/wp-content\/uploads\/2026\/02\/Feirao-Casa-Paulista-oferece-R-46-milhoes-em-subsidios-para.png?fit=1234%2C919&ssl=1","_links":{"self":[{"href":"https:\/\/guialimeira.com.br\/news\/wp-json\/wp\/v2\/posts\/67972","targetHints":{"allow":["GET"]}}],"collection":[{"href":"https:\/\/guialimeira.com.br\/news\/wp-json\/wp\/v2\/posts"}],"about":[{"href":"https:\/\/guialimeira.com.br\/news\/wp-json\/wp\/v2\/types\/post"}],"author":[{"embeddable":true,"href":"https:\/\/guialimeira.com.br\/news\/wp-json\/wp\/v2\/users\/1"}],"replies":[{"embeddable":true,"href":"https:\/\/guialimeira.com.br\/news\/wp-json\/wp\/v2\/comments?post=67972"}],"version-history":[{"count":0,"href":"https:\/\/guialimeira.com.br\/news\/wp-json\/wp\/v2\/posts\/67972\/revisions"}],"wp:featuredmedia":[{"embeddable":true,"href":"https:\/\/guialimeira.com.br\/news\/wp-json\/wp\/v2\/media\/54486"}],"wp:attachment":[{"href":"https:\/\/guialimeira.com.br\/news\/wp-json\/wp\/v2\/media?parent=67972"}],"wp:term":[{"taxonomy":"category","embeddable":true,"href":"https:\/\/guialimeira.com.br\/news\/wp-json\/wp\/v2\/categories?post=67972"},{"taxonomy":"post_tag","embeddable":true,"href":"https:\/\/guialimeira.com.br\/news\/wp-json\/wp\/v2\/tags?post=67972"}],"curies":[{"name":"wp","href":"https:\/\/api.w.org\/{rel}","templated":true}]}}