{"id":67944,"date":"2026-06-04T14:19:37","date_gmt":"2026-06-04T17:19:37","guid":{"rendered":"https:\/\/guialimeira.com.br\/centro-tea-paulista-sala-multissensorial-fortalece-terapias-e-promove-bem-estar-para-pessoas-com-autismo\/"},"modified":"2026-06-04T14:19:37","modified_gmt":"2026-06-04T17:19:37","slug":"centro-tea-paulista-sala-multissensorial-fortalece-terapias-e-promove-bem-estar-para-pessoas-com-autismo","status":"publish","type":"post","link":"https:\/\/guialimeira.com.br\/news\/centro-tea-paulista-sala-multissensorial-fortalece-terapias-e-promove-bem-estar-para-pessoas-com-autismo\/","title":{"rendered":"Centro TEA Paulista: sala multissensorial fortalece terapias e promove bem-estar para pessoas com autismo"},"content":{"rendered":"<p> <br \/>\n<br \/><img data-recalc-dims=\"1\" decoding=\"async\" src=\"https:\/\/i0.wp.com\/www.agenciasp.sp.gov.br\/wp-content\/uploads\/2026\/06\/CentroTEA_SalaMultissensocial21.jpg?w=696&#038;ssl=1\" \/><\/p>\n<div>\n<p class=\"wp-block-paragraph\">O <a href=\"https:\/\/www.agenciasp.sp.gov.br\/sp-encerra-ano-com-mais-de-130-mil-carteiras-de-identificacao-emitidas-para-pessoas-com-tea\/\" rel=\"noopener\">Centro TEA Paulista<\/a>, iniciativa do Governo do Estado de S\u00e3o Paulo voltada ao atendimento e apoio \u00e0s pessoas com Transtorno do Espectro Autista (TEA) e suas fam\u00edlias, conta com uma sala multissensorial especialmente projetada para contribuir no desenvolvimento, na regula\u00e7\u00e3o emocional e no bem-estar das pessoas com autismo. Inaugurado em junho de 2025, o Centro TEA Paulista eo Centro de Cidadania da Pessoa com Defici\u00eancia atenderam quase 4 mil pessoas neste primeiro ano de funcionamento.<\/p>\n<p class=\"wp-block-paragraph\"><strong>LEIA TAMB\u00c9M: <a href=\"https:\/\/www.agenciasp.sp.gov.br\/centro-tea-paulista-completa-1-ano\/\" rel=\"noopener\">Centro TEA Paulista completa um ano como refer\u00eancia no cuidado e atendimento \u00e0s pessoas autistas<\/a><\/strong><\/p>\n<p class=\"wp-block-paragraph\">O espa\u00e7o integra recursos tecnol\u00f3gicos e terap\u00eauticos que estimulam diferentes sentidos \u2014 como vis\u00e3o, audi\u00e7\u00e3o, tato e propriocep\u00e7\u00e3o \u2014 em um ambiente controlado, acolhedor e seguro. A proposta da sala multissensorial \u00e9 proporcionar est\u00edmulos sensoriais planejados que auxiliam no processamento sensorial, aspecto frequentemente desafiador para pessoas no espectro autista.<\/p>\n<h3 class=\"wp-block-heading\">Avan\u00e7o na inclus\u00e3o<\/h3>\n<p class=\"wp-block-paragraph\">Entre os equipamentos dispon\u00edveis est\u00e3o pain\u00e9is luminosos interativos, fibras \u00f3pticas, proje\u00e7\u00f5es visuais, recursos sonoros e materiais t\u00e1teis que permitem atividades terap\u00eauticas individualizadas. Esses est\u00edmulos s\u00e3o utilizados por profissionais especializados para promover relaxamento, melhorar a concentra\u00e7\u00e3o, reduzir n\u00edveis de ansiedade e favorecer a comunica\u00e7\u00e3o e a intera\u00e7\u00e3o.<\/p>\n<p class=\"wp-block-paragraph\"><strong>LEIA TAMB\u00c9M: <\/strong><a href=\"https:\/\/www.agenciasp.sp.gov.br\/museu-da-inclusao-abre-exposicao-gratuita-sobre-os-10-anos-do-centro-de-treinamento-paralimpico-brasileiro\/\" rel=\"noopener\"><strong>Museu da inclus\u00e3o abre exposi\u00e7\u00e3o gratuita sobre os 10 anos do Centro de Treinamento Paral\u00edmpico Brasileiro<\/strong><\/a><\/p>\n<p class=\"wp-block-paragraph\">De acordo com especialistas, ambientes multissensoriais t\u00eam se mostrado aliados importantes no acompanhamento terap\u00eautico de pessoas com TEA, pois permitem trabalhar habilidades cognitivas, emocionais e motoras de forma l\u00fadica e adaptada \u00e0s necessidades de cada indiv\u00edduo.<\/p>\n<p class=\"wp-block-paragraph\">Para o secret\u00e1rio de Estado dos Direitos da Pessoa com Defici\u00eancia, Marcos da Costa, a iniciativa representa um avan\u00e7o no fortalecimento da rede de apoio \u00e0s pessoas com autismo no estado.<\/p>\n<p class=\"wp-block-paragraph\"><strong>LEIA TAMB\u00c9M: <\/strong><a href=\"https:\/\/www.agenciasp.sp.gov.br\/da-doacao-a-entrega-como-a-campanha-do-agasalho-distribui-itens-em-todo-o-estado\/\" rel=\"noopener\"><strong>Da doa\u00e7\u00e3o \u00e0 entrega: como a Campanha do Agasalho distribui itens em todo o estado<\/strong><\/a><\/p>\n<p class=\"wp-block-paragraph\">\u201cA sala multissensorial \u00e9 uma ferramenta importante para estimular o desenvolvimento, promover bem-estar e contribuir para a autonomia das pessoas com autismo. Nosso objetivo \u00e9 ampliar cada vez mais iniciativas como essa, garantindo que as fam\u00edlias encontrem no Estado apoio, acolhimento e acesso a servi\u00e7os especializados\u201d, afirma o secret\u00e1rio.<\/p>\n<p class=\"wp-block-paragraph\">A estrutura ser\u00e1 replicada em novas unidades do Centro TEA Paulista. A sala multissensorial ser\u00e1 instalada no Centro TEA Paulista que ser\u00e1 implantado em Bauru, que est\u00e1 em processo de licita\u00e7\u00e3o, e nas demais unidades que vierem a ser criadas nas regi\u00f5es administrativas do Estado de S\u00e3o Paulo, ampliando o acesso a esse recurso terap\u00eautico em diferentes territ\u00f3rios.<\/p>\n<p class=\"wp-block-paragraph\">No Centro TEA Paulista tamb\u00e9m funciona o Centro de Cidadania da Pessoa com Defici\u00eancia, espa\u00e7o voltado ao acolhimento, orienta\u00e7\u00e3o e promo\u00e7\u00e3o de direitos, que oferece apoio social, informa\u00e7\u00f5es sobre pol\u00edticas p\u00fablicas e encaminhamentos para servi\u00e7os da rede de atendimento.<\/p>\n<p class=\"wp-block-paragraph\">A iniciativa refor\u00e7a o compromisso da Secretaria de Estado dos Direitos da Pessoa com Defici\u00eancia com a promo\u00e7\u00e3o de pol\u00edticas p\u00fablicas que garantam inclus\u00e3o, autonomia e qualidade de vida para as pessoas com defici\u00eancia. Ao oferecer estruturas especializadas como a sala multissensorial, o Centro TEA Paulista se consolida como refer\u00eancia no atendimento e no apoio \u00e0s pessoas com autismo no Estado de S\u00e3o Paulo.<\/p>\n<h3 class=\"wp-block-heading\">Sobre o Centro TEA Paulista<\/h3>\n<p class=\"wp-block-paragraph\">O Centro TEA Paulista \u00e9 um equipamento p\u00fablico estadual voltado ao acolhimento, orienta\u00e7\u00e3o e forma\u00e7\u00e3o relacionados ao Transtorno do Espectro Autista. O espa\u00e7o promove atividades de apoio \u00e0s fam\u00edlias, capacita\u00e7\u00e3o de profissionais e dissemina\u00e7\u00e3o de conhecimento para fortalecer a rede de atendimento \u00e0s pessoas com TEA em todo o estado. Al\u00e9m disso, abriga o Centro de Cidadania da Pessoa com Defici\u00eancia, ampliando o acesso da popula\u00e7\u00e3o a informa\u00e7\u00f5es e servi\u00e7os voltados \u00e0 garantia de direitos.<\/p>\n<p>Funcionamento: Segunda a sexta-feira, das 8h \u00e0s 18h (presencial), e todos os dias, por 24 horas (remoto)<\/p>\n<\/p><\/div>\n<p><br \/>\n<br \/><a href=\"https:\/\/www.agenciasp.sp.gov.br\/centro-tea-paulista-sala-multissensorial-fortalece-terapias-e-promove-bem-estar-para-pessoas-com-autismo\/\" rel=\"noopener\">Informa\u00e7\u00f5es GOV.SP<\/a><\/p>\n","protected":false},"excerpt":{"rendered":"<p>O Centro TEA Paulista, iniciativa do Governo do Estado de S\u00e3o Paulo voltada ao atendimento e apoio \u00e0s pessoas com Transtorno do Espectro Autista (TEA) e suas fam\u00edlias, conta com uma sala multissensorial especialmente projetada para contribuir no desenvolvimento, na regula\u00e7\u00e3o emocional e no bem-estar das pessoas com autismo. Inaugurado em junho de 2025, o [&hellip;]<\/p>\n","protected":false},"author":1,"featured_media":67945,"comment_status":"","ping_status":"open","sticky":false,"template":"","format":"standard","meta":{"_jetpack_newsletter_access":"","_jetpack_dont_email_post_to_subs":false,"_jetpack_newsletter_tier_id":0,"_jetpack_memberships_contains_paywalled_content":false,"_mbp_banners":[],"_jetpack_feature_clip_id":0,"_jetpack_memberships_contains_paid_content":false,"footnotes":"","jetpack_publicize_message":"","jetpack_publicize_feature_enabled":true,"jetpack_social_post_already_shared":true,"jetpack_social_options":{"image_generator_settings":{"template":"highway","default_image_id":0,"font":"","enabled":false},"version":2},"jetpack_post_was_ever_published":false},"categories":[21],"tags":[],"class_list":["post-67944","post","type-post","status-publish","format-standard","has-post-thumbnail","category-sp-news"],"jetpack_publicize_connections":[],"jetpack-related-posts":[],"jetpack_shortlink":"https:\/\/wp.me\/p7Eq1F-hFS","jetpack_sharing_enabled":true,"jetpack_featured_media_url":"https:\/\/i0.wp.com\/guialimeira.com.br\/news\/wp-content\/uploads\/2026\/06\/Centro-TEA-Paulista-sala-multissensorial-fortalece-terapias-e-promove-bem-estar.jpg?fit=2048%2C1365&ssl=1","_links":{"self":[{"href":"https:\/\/guialimeira.com.br\/news\/wp-json\/wp\/v2\/posts\/67944","targetHints":{"allow":["GET"]}}],"collection":[{"href":"https:\/\/guialimeira.com.br\/news\/wp-json\/wp\/v2\/posts"}],"about":[{"href":"https:\/\/guialimeira.com.br\/news\/wp-json\/wp\/v2\/types\/post"}],"author":[{"embeddable":true,"href":"https:\/\/guialimeira.com.br\/news\/wp-json\/wp\/v2\/users\/1"}],"replies":[{"embeddable":true,"href":"https:\/\/guialimeira.com.br\/news\/wp-json\/wp\/v2\/comments?post=67944"}],"version-history":[{"count":0,"href":"https:\/\/guialimeira.com.br\/news\/wp-json\/wp\/v2\/posts\/67944\/revisions"}],"wp:featuredmedia":[{"embeddable":true,"href":"https:\/\/guialimeira.com.br\/news\/wp-json\/wp\/v2\/media\/67945"}],"wp:attachment":[{"href":"https:\/\/guialimeira.com.br\/news\/wp-json\/wp\/v2\/media?parent=67944"}],"wp:term":[{"taxonomy":"category","embeddable":true,"href":"https:\/\/guialimeira.com.br\/news\/wp-json\/wp\/v2\/categories?post=67944"},{"taxonomy":"post_tag","embeddable":true,"href":"https:\/\/guialimeira.com.br\/news\/wp-json\/wp\/v2\/tags?post=67944"}],"curies":[{"name":"wp","href":"https:\/\/api.w.org\/{rel}","templated":true}]}}