{"id":67941,"date":"2026-06-04T13:18:13","date_gmt":"2026-06-04T16:18:13","guid":{"rendered":"https:\/\/guialimeira.com.br\/policia-rodoviaria-fiscaliza-70-mil-motoristas-durante-acoes-do-maio-amarelo-em-sp\/"},"modified":"2026-06-04T13:18:13","modified_gmt":"2026-06-04T16:18:13","slug":"policia-rodoviaria-fiscaliza-70-mil-motoristas-durante-acoes-do-maio-amarelo-em-sp","status":"publish","type":"post","link":"https:\/\/guialimeira.com.br\/news\/policia-rodoviaria-fiscaliza-70-mil-motoristas-durante-acoes-do-maio-amarelo-em-sp\/","title":{"rendered":"Pol\u00edcia Rodovi\u00e1ria fiscaliza 70 mil motoristas durante a\u00e7\u00f5es do Maio Amarelo em SP"},"content":{"rendered":"<p> <br \/>\n<br \/><img data-recalc-dims=\"1\" decoding=\"async\" src=\"https:\/\/i0.wp.com\/www.agenciasp.sp.gov.br\/wp-content\/uploads\/2025\/11\/00060165.jpg?w=696&#038;ssl=1\" \/><\/p>\n<div>\n<p class=\"wp-block-paragraph\">A Pol\u00edcia Militar Rodovi\u00e1ria intensificou as a\u00e7\u00f5es de fiscaliza\u00e7\u00e3o e conscientiza\u00e7\u00e3o durante a campanha Maio Amarelo 2026 e fiscalizou mais de 70 mil condutores nas rodovias estaduais de S\u00e3o Paulo. As atividades ocorreram ao longo de todo o m\u00eas de maio, com o objetivo de prevenir acidentes, preservar vidas e promover comportamentos mais seguros no tr\u00e2nsito.<\/p>\n<p class=\"wp-block-paragraph\">Durante o per\u00edodo, os policiais realizaram mais de 123 mil testes de etil\u00f4metro, que resultaram em 4,3 mil autua\u00e7\u00f5es relacionadas \u00e0 alcoolemia e 71 flagrantes. Foram fiscalizados 52,2 mil ve\u00edculos e aplicadas 135,6 mil multas em diferentes opera\u00e7\u00f5es realizadas em todo o estado.<\/p>\n<p class=\"wp-block-paragraph\">LEIA TAMB\u00c9M: <a href=\"https:\/\/www.agenciasp.sp.gov.br\/megablitz-da-lei-seca-flagra-mais-de-250-motoristas-sob-efeito-de-alcool-na-capital\/\" rel=\"noopener\">Megablitz da Lei Seca flagra mais de 250 motoristas sob efeito de \u00e1lcool na capital paulista<\/a><\/p>\n<p class=\"wp-block-paragraph\">\u201cA campanha Maio Amarelo refor\u00e7a a import\u00e2ncia da conscientiza\u00e7\u00e3o e da responsabilidade compartilhada no tr\u00e2nsito. Ao longo do m\u00eas, intensificamos a\u00e7\u00f5es de fiscaliza\u00e7\u00e3o e educa\u00e7\u00e3o em parceria com \u00f3rg\u00e3os p\u00fablicos e concession\u00e1rias, levando orienta\u00e7\u00e3o aos usu\u00e1rios das rodovias e coibindo condutas que colocam vidas em risco. Os resultados demonstram que a combina\u00e7\u00e3o entre preven\u00e7\u00e3o, presen\u00e7a policial e respeito \u00e0s normas de tr\u00e2nsito \u00e9 fundamental para reduzir acidentes e preservar vidas, que \u00e9 a nossa principal miss\u00e3o\u201d, destacou o comandante do Policiamento Rodovi\u00e1rio, coronel Hugo Ara\u00fajo dos Santos.<\/p>\n<p class=\"wp-block-paragraph\">Com o tema \u201cNo tr\u00e2nsito, enxergar o outro \u00e9 salvar vidas\u201d, a campanha mobilizou os seis Batalh\u00f5es de Policiamento Rodovi\u00e1rio em a\u00e7\u00f5es voltadas \u00e0 fiscaliza\u00e7\u00e3o, educa\u00e7\u00e3o para o tr\u00e2nsito e orienta\u00e7\u00e3o dos usu\u00e1rios das estradas.<\/p>\n<p class=\"wp-block-paragraph\">Entre as a\u00e7\u00f5es de destaque esteve a Opera\u00e7\u00e3o H\u00e9rcules, voltada \u00e0 fiscaliza\u00e7\u00e3o de motociclistas. A iniciativa resultou na abordagem de 17,2 mil motocicletas, na emiss\u00e3o de 38,3 mil autua\u00e7\u00f5es e no recolhimento de 619 motos irregulares.<\/p>\n<p class=\"wp-block-paragraph\">J\u00e1 as opera\u00e7\u00f5es Vagalume e Faixa Refletiva tiveram como foco a preven\u00e7\u00e3o de sinistros causados por problemas de ilumina\u00e7\u00e3o e sinaliza\u00e7\u00e3o. Durante as a\u00e7\u00f5es, foram fiscalizados 16,5 mil ve\u00edculos nas rodovias paulistas.<\/p>\n<p class=\"wp-block-paragraph\">LEIA TAMB\u00c9M: <a href=\"https:\/\/www.agenciasp.sp.gov.br\/motoristas-sao-prioridade-na-4a-semana-do-maio-amarelo\/\" rel=\"noopener\">Motoristas s\u00e3o prioridade na 4\u00aa semana do Maio Amarelo<\/a><\/p>\n<p class=\"wp-block-paragraph\">Al\u00e9m das atividades operacionais, a PM Rodovi\u00e1ria promoveu uma s\u00e9rie de a\u00e7\u00f5es educativas voltadas \u00e0 conscientiza\u00e7\u00e3o sobre a seguran\u00e7a vi\u00e1ria. Cerca de 8 mil pessoas participaram de palestras realizadas em empresas, escolas e institui\u00e7\u00f5es p\u00fablicas.<\/p>\n<p class=\"wp-block-paragraph\">As a\u00e7\u00f5es tamb\u00e9m contemplaram p\u00fablicos espec\u00edficos. Mais de 500 ciclistas participaram de atividades educativas, enquanto cerca de 700 andarilhos receberam orienta\u00e7\u00f5es sobre seguran\u00e7a no tr\u00e2nsito. No total, as iniciativas preventivas alcan\u00e7aram 7,9 mil pessoas.<\/p>\n<p class=\"wp-block-paragraph\">Queda dos \u00edndices criminais no quadrimestre<\/p>\n<p class=\"wp-block-paragraph\">O estado de S\u00e3o Paulo encerrou os quatro primeiros meses de 2026 com queda nos principais indicadores criminais relacionados ao tr\u00e2nsito e recordes hist\u00f3ricos de redu\u00e7\u00e3o em diferentes modalidades, de acordo com a Secretaria da Seguran\u00e7a P\u00fablica.<\/p>\n<p class=\"wp-block-paragraph\">Os roubos de ve\u00edculos chegaram ao menor patamar desde o in\u00edcio da s\u00e9rie hist\u00f3rica, em 2001. O n\u00famero caiu de 9 mil ocorr\u00eancias em 2025 para 5,8 mil em 2026, redu\u00e7\u00e3o de 34,7%. Os furtos de carga ca\u00edram 8,2%, de 171 para 157 ocorr\u00eancias. Nos furtos de ve\u00edculos, a redu\u00e7\u00e3o foi de 11,1%, com os registros passando de 29,8 mil para 26,5 mil casos.<\/p>\n<p class=\"wp-block-paragraph\">No per\u00edodo, tamb\u00e9m foram recuperados 14.110 ve\u00edculos.<\/p>\n<p class=\"wp-block-paragraph\">Os roubos de carga tamb\u00e9m tiveram uma queda hist\u00f3rica de 33,6%, passando de 1,3 mil registros para 867 casos. \u00c9 a primeira vez que esse tipo de crime fica abaixo de mil ocorr\u00eancias nos quatro primeiros meses do ano em todo o estado.<\/p>\n<\/p><\/div>\n<p><br \/>\n<br \/><a href=\"https:\/\/www.agenciasp.sp.gov.br\/policia-rodoviaria-fiscaliza-70-mil-motoristas-durante-acoes-do-maio-amarelo-em-sp\/\" rel=\"noopener\">Informa\u00e7\u00f5es GOV.SP<\/a><\/p>\n","protected":false},"excerpt":{"rendered":"<p>A Pol\u00edcia Militar Rodovi\u00e1ria intensificou as a\u00e7\u00f5es de fiscaliza\u00e7\u00e3o e conscientiza\u00e7\u00e3o durante a campanha Maio Amarelo 2026 e fiscalizou mais de 70 mil condutores nas rodovias estaduais de S\u00e3o Paulo. As atividades ocorreram ao longo de todo o m\u00eas de maio, com o objetivo de prevenir acidentes, preservar vidas e promover comportamentos mais seguros no [&hellip;]<\/p>\n","protected":false},"author":1,"featured_media":50006,"comment_status":"","ping_status":"open","sticky":false,"template":"","format":"standard","meta":{"_jetpack_newsletter_access":"","_jetpack_dont_email_post_to_subs":false,"_jetpack_newsletter_tier_id":0,"_jetpack_memberships_contains_paywalled_content":false,"_mbp_banners":[],"_jetpack_feature_clip_id":0,"_jetpack_memberships_contains_paid_content":false,"footnotes":"","jetpack_publicize_message":"","jetpack_publicize_feature_enabled":true,"jetpack_social_post_already_shared":true,"jetpack_social_options":{"image_generator_settings":{"template":"highway","default_image_id":0,"font":"","enabled":false},"version":2},"jetpack_post_was_ever_published":false},"categories":[21],"tags":[],"class_list":["post-67941","post","type-post","status-publish","format-standard","has-post-thumbnail","category-sp-news"],"jetpack_publicize_connections":[],"jetpack-related-posts":[],"jetpack_shortlink":"https:\/\/wp.me\/p7Eq1F-hFP","jetpack_sharing_enabled":true,"jetpack_featured_media_url":"https:\/\/i0.wp.com\/guialimeira.com.br\/news\/wp-content\/uploads\/2025\/11\/PM-de-SP-prende-brasileira-procurada-pela-Interpol.jpg?fit=1041%2C587&ssl=1","_links":{"self":[{"href":"https:\/\/guialimeira.com.br\/news\/wp-json\/wp\/v2\/posts\/67941","targetHints":{"allow":["GET"]}}],"collection":[{"href":"https:\/\/guialimeira.com.br\/news\/wp-json\/wp\/v2\/posts"}],"about":[{"href":"https:\/\/guialimeira.com.br\/news\/wp-json\/wp\/v2\/types\/post"}],"author":[{"embeddable":true,"href":"https:\/\/guialimeira.com.br\/news\/wp-json\/wp\/v2\/users\/1"}],"replies":[{"embeddable":true,"href":"https:\/\/guialimeira.com.br\/news\/wp-json\/wp\/v2\/comments?post=67941"}],"version-history":[{"count":0,"href":"https:\/\/guialimeira.com.br\/news\/wp-json\/wp\/v2\/posts\/67941\/revisions"}],"wp:featuredmedia":[{"embeddable":true,"href":"https:\/\/guialimeira.com.br\/news\/wp-json\/wp\/v2\/media\/50006"}],"wp:attachment":[{"href":"https:\/\/guialimeira.com.br\/news\/wp-json\/wp\/v2\/media?parent=67941"}],"wp:term":[{"taxonomy":"category","embeddable":true,"href":"https:\/\/guialimeira.com.br\/news\/wp-json\/wp\/v2\/categories?post=67941"},{"taxonomy":"post_tag","embeddable":true,"href":"https:\/\/guialimeira.com.br\/news\/wp-json\/wp\/v2\/tags?post=67941"}],"curies":[{"name":"wp","href":"https:\/\/api.w.org\/{rel}","templated":true}]}}