{"id":67936,"date":"2026-06-04T12:16:55","date_gmt":"2026-06-04T15:16:55","guid":{"rendered":"https:\/\/guialimeira.com.br\/cetesb-atualiza-bandeiras-que-mostram-se-as-praias-sao-proprias-para-banho-no-litoral-paulista\/"},"modified":"2026-06-04T12:16:55","modified_gmt":"2026-06-04T15:16:55","slug":"cetesb-atualiza-bandeiras-que-mostram-se-as-praias-sao-proprias-para-banho-no-litoral-paulista","status":"publish","type":"post","link":"https:\/\/guialimeira.com.br\/news\/cetesb-atualiza-bandeiras-que-mostram-se-as-praias-sao-proprias-para-banho-no-litoral-paulista\/","title":{"rendered":"Cetesb atualiza bandeiras que mostram se as praias s\u00e3o pr\u00f3prias para banho no litoral paulista"},"content":{"rendered":"<p> <br \/>\n<\/p>\n<div>\n<p class=\"wp-block-paragraph\">As 175 praias do litoral paulista ganharam um novo layout em suas sinaliza\u00e7\u00f5es de balneabilidade. A iniciativa da Companhia Ambiental do Estado de S\u00e3o Paulo (Cetesb), vinculada \u00e0 Secretaria de Meio Ambiente, Infraestrutura e Log\u00edstica (Semil), moderniza a comunica\u00e7\u00e3o com o p\u00fablico e oferece dados mais claros, precisos e de f\u00e1cil leitura para moradores e turistas.<\/p>\n<p class=\"wp-block-paragraph\">A principal mudan\u00e7a est\u00e1 na atualiza\u00e7\u00e3o das antigas bandeiras verde (pr\u00f3pria) e vermelha (impr\u00f3pria). O novo design permite a identifica\u00e7\u00e3o da qualidade da \u00e1gua de forma r\u00e1pida e visual. Al\u00e9m disso, as placas e bandeiras agora contam com informa\u00e7\u00f5es em ingl\u00eas, o que amplia a acessibilidade para os visitantes estrangeiros.<\/p>\n<figure class=\"wp-block-image size-full\"><img data-recalc-dims=\"1\" fetchpriority=\"high\" decoding=\"async\" width=\"636\" height=\"482\" src=\"https:\/\/i0.wp.com\/www.agenciasp.sp.gov.br\/wp-content\/uploads\/2026\/06\/WhatsApp-Image-2026-06-04-at-11.45.11.jpeg?resize=636%2C482&#038;ssl=1\" alt=\"\" class=\"wp-image-149469\" srcset=\"https:\/\/www.agenciasp.sp.gov.br\/wp-content\/uploads\/2026\/06\/WhatsApp-Image-2026-06-04-at-11.45.11.jpeg 636w, https:\/\/www.agenciasp.sp.gov.br\/wp-content\/uploads\/2026\/06\/WhatsApp-Image-2026-06-04-at-11.45.11-300x227.jpeg 300w, https:\/\/www.agenciasp.sp.gov.br\/wp-content\/uploads\/2026\/06\/WhatsApp-Image-2026-06-04-at-11.45.11-150x114.jpeg 150w\" sizes=\"(max-width: 636px) 100vw, 636px\"\/><figcaption class=\"wp-element-caption\">Novas placas. Imagem de divulga\u00e7\u00e3o gerada por IA<\/figcaption><\/figure>\n<p class=\"wp-block-paragraph\"><strong>LEIA TAMB\u00c9M: <a href=\"https:\/\/www.agenciasp.sp.gov.br\/abre-e-fecha-de-corpus-christi-confira-o-funcionamento-dos-servicos-estaduais\/\" rel=\"noopener\">Abre e fecha de Corpus Christi: confira o funcionamento dos servi\u00e7os estaduais<\/a><\/strong><\/p>\n<p class=\"wp-block-paragraph\">Com essa reformula\u00e7\u00e3o, a expectativa \u00e9 aprimorar a experi\u00eancia de lazer, com foco em bem-estar e conscientiza\u00e7\u00e3o. A transi\u00e7\u00e3o para o novo modelo visual simplifica o entendimento das condi\u00e7\u00f5es da \u00e1gua e se consolida como uma ferramenta eficaz na preven\u00e7\u00e3o de riscos \u00e0 sa\u00fade.<\/p>\n<h3 class=\"wp-block-heading\">Balneabilidade no Corpus Christi<\/h3>\n<p class=\"wp-block-paragraph\">O boletim da Companhia, divulgado nesta quinta-feira (4), aponta que 117 praias ostentam a bandeira verde para este feriado prolongado. No litoral norte, munic\u00edpios como S\u00e3o Sebasti\u00e3o, Ubatuba e Ilhabela t\u00eam diversas op\u00e7\u00f5es pr\u00f3prias para o mergulho. Na Baixada Santista, as boas op\u00e7\u00f5es est\u00e3o em Ilha Comprida e Peru\u00edbe.<\/p>\n<p class=\"wp-block-paragraph\"><strong>LEIA TAMB\u00c9M: <a href=\"https:\/\/www.agenciasp.sp.gov.br\/corpus-christi-deve-registrar-o-maior-movimento-nas-rodovias-paulistas-em-2026\/\" rel=\"noopener\">Corpus Christi deve registrar o maior movimento nas rodovias paulistas em 2026<\/a><\/strong><\/p>\n<p class=\"wp-block-paragraph\">O monitoramento indica 58 pontos com bandeira vermelha no Litoral, portanto, fique ligado: respeite as sinaliza\u00e7\u00f5es, afinal, praias consideradas impr\u00f3prias podem causar quadros de infec\u00e7\u00f5es gastrointestinais, de pele e de vias respirat\u00f3rias. Caso chova durante o feriado, a recomenda\u00e7\u00e3o \u00e9 evitar o mar nas 24 horas seguintes aos temporais.<\/p>\n<p class=\"wp-block-paragraph\">Mesmo com as temperaturas mais baixas, sempre tem quem aproveita para caminhar na areia, praticar esportes ou at\u00e9 encarar um mergulho. Ent\u00e3o vale conferir a situa\u00e7\u00e3o das praias antes de sair de casa atrav\u00e9s do mapa interativo no site oficial da Cetesb ou pelo aplicativo gratuito (dispon\u00edvel para Android e iOS).<\/p>\n<\/p><\/div>\n<p><br \/>\n<br \/><a href=\"https:\/\/www.agenciasp.sp.gov.br\/cetesb-atualiza-bandeiras-que-mostram-se-as-praias-sao-proprias-para-banho-no-litoral-paulista\/\" rel=\"noopener\">Informa\u00e7\u00f5es GOV.SP<\/a><\/p>\n","protected":false},"excerpt":{"rendered":"<p>As 175 praias do litoral paulista ganharam um novo layout em suas sinaliza\u00e7\u00f5es de balneabilidade. A iniciativa da Companhia Ambiental do Estado de S\u00e3o Paulo (Cetesb), vinculada \u00e0 Secretaria de Meio Ambiente, Infraestrutura e Log\u00edstica (Semil), moderniza a comunica\u00e7\u00e3o com o p\u00fablico e oferece dados mais claros, precisos e de f\u00e1cil leitura para moradores e [&hellip;]<\/p>\n","protected":false},"author":1,"featured_media":67937,"comment_status":"","ping_status":"open","sticky":false,"template":"","format":"standard","meta":{"_jetpack_newsletter_access":"","_jetpack_dont_email_post_to_subs":false,"_jetpack_newsletter_tier_id":0,"_jetpack_memberships_contains_paywalled_content":false,"_mbp_banners":[],"_jetpack_feature_clip_id":0,"_jetpack_memberships_contains_paid_content":false,"footnotes":"","jetpack_publicize_message":"","jetpack_publicize_feature_enabled":true,"jetpack_social_post_already_shared":true,"jetpack_social_options":{"image_generator_settings":{"template":"highway","default_image_id":0,"font":"","enabled":false},"version":2},"jetpack_post_was_ever_published":false},"categories":[21],"tags":[],"class_list":["post-67936","post","type-post","status-publish","format-standard","has-post-thumbnail","category-sp-news"],"jetpack_publicize_connections":[],"jetpack-related-posts":[],"jetpack_shortlink":"https:\/\/wp.me\/p7Eq1F-hFK","jetpack_sharing_enabled":true,"jetpack_featured_media_url":"https:\/\/i0.wp.com\/guialimeira.com.br\/news\/wp-content\/uploads\/2026\/06\/Cetesb-atualiza-bandeiras-que-mostram-se-as-praias-sao-proprias.jpeg?fit=636%2C482&ssl=1","_links":{"self":[{"href":"https:\/\/guialimeira.com.br\/news\/wp-json\/wp\/v2\/posts\/67936","targetHints":{"allow":["GET"]}}],"collection":[{"href":"https:\/\/guialimeira.com.br\/news\/wp-json\/wp\/v2\/posts"}],"about":[{"href":"https:\/\/guialimeira.com.br\/news\/wp-json\/wp\/v2\/types\/post"}],"author":[{"embeddable":true,"href":"https:\/\/guialimeira.com.br\/news\/wp-json\/wp\/v2\/users\/1"}],"replies":[{"embeddable":true,"href":"https:\/\/guialimeira.com.br\/news\/wp-json\/wp\/v2\/comments?post=67936"}],"version-history":[{"count":0,"href":"https:\/\/guialimeira.com.br\/news\/wp-json\/wp\/v2\/posts\/67936\/revisions"}],"wp:featuredmedia":[{"embeddable":true,"href":"https:\/\/guialimeira.com.br\/news\/wp-json\/wp\/v2\/media\/67937"}],"wp:attachment":[{"href":"https:\/\/guialimeira.com.br\/news\/wp-json\/wp\/v2\/media?parent=67936"}],"wp:term":[{"taxonomy":"category","embeddable":true,"href":"https:\/\/guialimeira.com.br\/news\/wp-json\/wp\/v2\/categories?post=67936"},{"taxonomy":"post_tag","embeddable":true,"href":"https:\/\/guialimeira.com.br\/news\/wp-json\/wp\/v2\/tags?post=67936"}],"curies":[{"name":"wp","href":"https:\/\/api.w.org\/{rel}","templated":true}]}}