{"id":67932,"date":"2026-06-04T11:16:02","date_gmt":"2026-06-04T14:16:02","guid":{"rendered":"https:\/\/guialimeira.com.br\/provao-paulista-reduz-barreiras-ao-ensino-superior-aponta-pesquisador-de-stanford\/"},"modified":"2026-06-04T11:16:02","modified_gmt":"2026-06-04T14:16:02","slug":"provao-paulista-reduz-barreiras-ao-ensino-superior-aponta-pesquisador-de-stanford","status":"publish","type":"post","link":"https:\/\/guialimeira.com.br\/news\/provao-paulista-reduz-barreiras-ao-ensino-superior-aponta-pesquisador-de-stanford\/","title":{"rendered":"Prov\u00e3o Paulista reduz barreiras ao ensino superior, aponta pesquisador de Stanford"},"content":{"rendered":"<p> <br \/>\n<br \/><img data-recalc-dims=\"1\" decoding=\"async\" src=\"https:\/\/i0.wp.com\/www.agenciasp.sp.gov.br\/wp-content\/uploads\/2026\/06\/55119534126_30ef8c4bcb_k.jpg?w=696&#038;ssl=1\" \/><\/p>\n<div>\n<p class=\"wp-block-paragraph\">Um pesquisador brasileiro da Stanford University est\u00e1 usando a experi\u00eancia acad\u00eamica internacional para investigar os desafios enfrentados por estudantes da rede estadual paulista no acesso ao ensino superior. Gabriel Marcondes Koraicho, doutorando na Escola de Educa\u00e7\u00e3o de Stanford, desenvolve uma pesquisa sobre barreiras de acesso, aspira\u00e7\u00f5es dos jovens e a dist\u00e2ncia entre o desejo de entrar na faculdade e a efetiva participa\u00e7\u00e3o no Prov\u00e3o Paulista Seriado, no Enem (Exame Nacional do Ensino M\u00e9dio) e em outros vestibulares.<\/p>\n<p class=\"wp-block-paragraph\">Os primeiros achados do pesquisador apontam que a\u00e7\u00f5es da Secretaria da Educa\u00e7\u00e3o do Estado de S\u00e3o Paulo (Seduc-SP), como a aplica\u00e7\u00e3o do Prov\u00e3o dentro das mesmas escolas em que os alunos est\u00e3o matriculados e durante a semana, assim como ferramentas como o Prepara SP, ajudam a encurtar a dist\u00e2ncia entre jovens e a vida acad\u00eamica. Os primeiros resultados j\u00e1 contribuem para o refor\u00e7o de a\u00e7\u00f5es junto a escolas e familiares dos estudantes.<\/p>\n<p class=\"wp-block-paragraph\"><strong>LEIA TAMB\u00c9M: <\/strong><a href=\"https:\/\/www.agenciasp.sp.gov.br\/sp-retoma-saresp-para-3a-serie-do-ensino-medio-e-avalia-aprendizagem-de-339-mil-estudantes-em-junho\/\" rel=\"noopener\">Rede estadual passa a contar com duas avalia\u00e7\u00f5es complementares no Ensino M\u00e9dio<\/a><\/p>\n<p class=\"wp-block-paragraph\">Formado em economia pela USP (Universidade de S\u00e3o Paulo), antes do doutorado nos Estados Unidos, Koraicho fez mestrado na Funda\u00e7\u00e3o Get\u00falio Vargas e j\u00e1 estudava pol\u00edticas p\u00fablicas relacionadas ao acesso universit\u00e1rio, como o Enem. Agora, em Stanford, o pesquisador estabeleceu uma parceria com a Seduc-SP, iniciada em 2024, com o objetivo de compreender quais s\u00e3o as barreiras percebidas pelos pr\u00f3prios estudantes. \u201cA gente quis olhar para os alunos e perguntar diretamente o que eles apontam como principais barreiras\u201d, aborda, sobre o projeto de pesquisa em parceria com seu orientador.<\/p>\n<p class=\"wp-block-paragraph\">A pesquisa reuniu mais de 200 mil respostas de estudantes da rede p\u00fablica paulista. Os dados j\u00e1 levantados revelam um cen\u00e1rio que chamou a aten\u00e7\u00e3o do pesquisador: mais de 80% dos estudantes entrevistados afirmaram ter interesse em ingressar no ensino superior nos dois anos seguintes \u00e0 conclus\u00e3o da escola. \u201cEsse foi um resultado inicialmente surpreendente para mim\u201d, diz Koraicho. \u201cMais de 80% dos alunos falam que sim nas duas pesquisas realizadas, tanto no come\u00e7o quanto no final do ano. Isso mostra que ainda h\u00e1 uma consider\u00e1vel aspira\u00e7\u00e3o e interesse pelo ensino superior\u201d.<\/p>\n<p class=\"wp-block-paragraph\"><strong>LEIA TAMB\u00c9M: <\/strong><a href=\"https:\/\/www.agenciasp.sp.gov.br\/governo-de-sp-amplia-ensino-tecnico-melhora-desempenho-no-saresp-e-acelera-investimentos-em-educacao\/\" rel=\"noopener\">Governo de SP amplia ensino t\u00e9cnico, melhora desempenho no Saresp e acelera investimentos em educa\u00e7\u00e3o<\/a><\/p>\n<p class=\"wp-block-paragraph\">Ao mesmo tempo, o estudo identificou um forte descompasso entre inten\u00e7\u00e3o e pr\u00e1tica. Embora a maioria dos estudantes manifestasse desejo de fazer faculdade, apenas 47,5% declararam ter comparecido aos dois dias do Enem em 2024, na primeira etapa da pesquisa. Para o doutorando de Stanford, existe uma lacuna importante entre o sonho e a execu\u00e7\u00e3o das a\u00e7\u00f5es necess\u00e1rias para alcan\u00e7ar esse objetivo. \u201cExiste o interesse, mas as a\u00e7\u00f5es que os alunos tomam, talvez por necessidade de algu\u00e9m guiando, n\u00e3o s\u00e3o necessariamente as esperadas dentro do processo\u201d, afirma. Ele destaca, por isso, a import\u00e2ncia da aproxima\u00e7\u00e3o dos familiares e das a\u00e7\u00f5es desenvolvidas pelas escolas.<\/p>\n<p class=\"wp-block-paragraph\">A pesquisa tamb\u00e9m aponta diferen\u00e7as importantes entre o Enem e o Prov\u00e3o Paulista Seriado. O levantamento mostrou que a presen\u00e7a no Prov\u00e3o Paulista foi cerca de 20 pontos percentuais maior do que no Enem. Para o brasileiro doutorando em Stanford, isso ajuda a explicar a import\u00e2ncia de aproximar os exames do cotidiano escolar. \u201cO interessante \u00e9 a import\u00e2ncia do Prov\u00e3o no sentido de fazer a prova acontecer na sala de aula, no dia a dia do aluno. Isso reduz bastante as barreiras\u201d.<\/p>\n<p class=\"wp-block-paragraph\"><strong>LEIA TAMB\u00c9M: <\/strong><a href=\"https:\/\/www.agenciasp.sp.gov.br\/matific-tarefasp-e-mais-conheca-as-ferramentas-que-ajudaram-estudantes-de-sp-no-desempenho-no-saresp\/\" rel=\"noopener\">Matific, TarefaSP e mais: conhe\u00e7a as ferramentas que ajudaram estudantes de SP no desempenho no Saresp<\/a><\/p>\n<p class=\"wp-block-paragraph\">Outro aspecto observado \u00e9 a realidade socioecon\u00f4mica dos estudantes. A maioria afirma que pretende trabalhar logo ap\u00f3s concluir o Ensino M\u00e9dio, conciliando emprego e estudos. \u201cA maioria dos estudantes vincula o estudo ao trabalho. O percentual de pessoas que declaram que s\u00f3 v\u00e3o estudar no ensino superior \u00e9 super baixo\u201d, explica o pesquisador. Para ele, essa realidade precisa ser considerada pelas universidades e pelas pol\u00edticas p\u00fablicas. \u201cA universidade ainda tem uma vis\u00e3o muito elitizada de que o aluno vai apenas estudar, mas a realidade do brasileiro m\u00e9dio n\u00e3o \u00e9 essa\u201d.<\/p>\n<p class=\"wp-block-paragraph\">Apesar dos desafios, o pesquisador afirma ter encontrado percep\u00e7\u00f5es positivas dos estudantes em rela\u00e7\u00e3o ao papel da escola e das fam\u00edlias. \u201cOs alunos t\u00eam uma vis\u00e3o positiva da participa\u00e7\u00e3o dos pais e da escola\u201d, conta. Ainda assim, ele acredita que h\u00e1 espa\u00e7o para melhorar.<\/p>\n<h3 class=\"wp-block-heading\">O que SP faz<\/h3>\n<p class=\"wp-block-paragraph\">Com mais de 200 mil respostas e participa\u00e7\u00e3o de estudantes de todas as regi\u00f5es do estado, Koraicho acredita que o estudo pode ajudar a rede estadual paulista a pensar novas estrat\u00e9gias de apoio aos jovens. \u201cEsse trabalho traz mais evid\u00eancia e aten\u00e7\u00e3o para esses pontos e pode permitir que isso seja usado positivamente na elabora\u00e7\u00e3o de pol\u00edticas p\u00fablicas. Al\u00e9m disso, espero contribuir para algumas pol\u00edticas p\u00fablicas e medidas que podem ser tomadas dentro do ambiente escolar, porque a gente sabe que existe uma diversidade de escolas e recursos, porque a pesquisa confirma a import\u00e2ncia da escola na vida acad\u00eamica, ao mesmo tempo que a gente precisa puxar cada vez mais os pais para a escola, porque os alunos apontaram a fam\u00edlia como um fator importante para a superar essas barreiras\u201d.<\/p>\n<p class=\"wp-block-paragraph\">Em 2025, a Seduc-SP implantou o aplicativo Sala do Futuro, dispon\u00edvel para alunos e seus respons\u00e1veis, que tem, entre os objetivos, aproximar as fam\u00edlias da vida escolar de seus filhos. Na aplica\u00e7\u00e3o, as fam\u00edlias podem ter acesso \u00e0 frequ\u00eancia escolar, boletins e atividades dos estudantes. Desde ent\u00e3o, 615 mil familiares j\u00e1 baixaram e acessaram a Sala do Futuro.<\/p>\n<p class=\"wp-block-paragraph\"><strong>LEIA TAMB\u00c9M: <\/strong><a href=\"https:\/\/www.agenciasp.sp.gov.br\/estado-de-sp-atinge-maior-patamar-de-desenvolvimento-humano-em-13-anos\/\" rel=\"noopener\">Estado de SP atinge maior patamar de desenvolvimento humano em 13 anos<\/a><\/p>\n<p class=\"wp-block-paragraph\">\u00c9 por meio do mesmo aplicativo, na vers\u00e3o para estudantes, que os matriculados na 2\u00aa e 3\u00aa s\u00e9rie do Ensino M\u00e9dio t\u00eam acesso \u00e0 plataforma Prepara SP, um cursinho online preparat\u00f3rio para os vestibulares. Al\u00e9m das trilhas de estudos voltadas ao Enem, a Seduc-SP implantou dentro da ferramenta atividades preparat\u00f3rias espec\u00edficas para o Prov\u00e3o Paulista Seriado e, neste ano, as voltadas aos estudantes da EJA (Educa\u00e7\u00e3o de Jovens e Adultos).\u00a0<\/p>\n<p class=\"wp-block-paragraph\">\u201cNeste ano, j\u00e1 atingimos 93% dos estudantes da 3\u00aa s\u00e9rie do Ensino M\u00e9dio no Prepara SP, que oferece exerc\u00edcios, aulas e simulados para o Prov\u00e3o Paulista, Enem e outros vestibulares\u201d, comenta Diogo Canhadas, assessor da Diretoria de Modalidades da Seduc-SP.<\/p>\n<p class=\"wp-block-paragraph\">No Prepara SP, est\u00e3o dispon\u00edveis aulas com did\u00e1tica exclusiva, com dura\u00e7\u00e3o entre sete e 15 minutos cada uma. Os conte\u00fados da plataforma incluem tamb\u00e9m resumos e cards e disponibilizados digitalmente, a fim de auxiliar o estudante na assimila\u00e7\u00e3o e recapitula\u00e7\u00e3o do que foi visto em aula. Canhadas destaca que o uso da ferramenta n\u00e3o \u00e9 obrigat\u00f3rio, mas complementa as aulas do curr\u00edculo oficial e apoia estudantes na prepara\u00e7\u00e3o para as provas que d\u00e3o acesso ao ensino superior.<\/p>\n<p class=\"wp-block-paragraph\">\u201cO tipo de pesquisa que o Gabriel faz e os resultados mais recentes foram importantes para que a gente constru\u00edsse um redesenho do que a gente vai fazer ao longo deste ano nas a\u00e7\u00f5es de comunica\u00e7\u00e3o, com foco no aluno e tamb\u00e9m na comunica\u00e7\u00e3o com os pais, por meio da Sala do Futuro\u201d, comenta Canhadas.<\/p>\n<p class=\"wp-block-paragraph\">Para o assessor da Seduc-SP, a pesquisa j\u00e1 produziu efeitos. \u201cA gente, que \u00e9 da rede, sabe que os pais s\u00e3o importantes, que o professor \u00e9 importante. Todas essas pessoas que podem refor\u00e7ar para o aluno, ao longo do ano letivo, as datas, o cronograma de vestibular e como \u00e9 importante estudar e seguir com seu projeto de vida. Agora, a Secretaria pode ancorar e facilitar a comunica\u00e7\u00e3o dessas informa\u00e7\u00f5es\u201d, complementa.<\/p>\n<p class=\"wp-block-paragraph\">Outra a\u00e7\u00e3o da Educa\u00e7\u00e3o \u00e9 a oferta, para os estudantes, de uma ferramenta chamada FutureME, direcionada \u00e0 orienta\u00e7\u00e3o profissional, que pode apoiar os estudantes a definirem sua profiss\u00e3o do futuro e a \u00e1rea de forma\u00e7\u00e3o no ensino superior. A aplica\u00e7\u00e3o \u00e9 de uso opcional e utilizada durante as aulas de projeto de vida, disciplina do curr\u00edculo dispon\u00edvel para todos os estudantes da 3\u00aa s\u00e9rie do Ensino M\u00e9dio.<\/p>\n<h3 class=\"wp-block-heading\">Prov\u00e3o Paulista<\/h3>\n<p class=\"wp-block-paragraph\">Em tr\u00eas edi\u00e7\u00f5es, o Prov\u00e3o Paulista Seriado, avalia\u00e7\u00e3o do Governo do Estado que d\u00e1 acesso direto \u00e0 USP (Universidade de S\u00e3o Paulo), Unesp (Universidade Estadual Paulista), Unicamp (Universidade Estadual de Campinas), Fatecs (Faculdades de Tecnologia do Estado de S\u00e3o Paulo) e Univesp (Universidade Virtual do Estado de S\u00e3o Paulo) j\u00e1 abriu mais de 46 mil vagas no ensino superior, destinadas a alunos da rede p\u00fablica de S\u00e3o Paulo, mas tamb\u00e9m de todo o pa\u00eds.\u00a0<\/p>\n<p class=\"wp-block-paragraph\">Para os estudantes da rede p\u00fablica estadual, o formato de aplica\u00e7\u00e3o das provas \u2014 enaltecido pelo doutorando em Stanford \u2014 facilita a presen\u00e7a dos estudantes nos dias de prova. Para eles, o Prov\u00e3o Paulista Seriado \u00e9 aplicado na mesma unidade de ensino em que eles est\u00e3o matriculados, durante a semana e tamb\u00e9m durante o dia.\u00a0\u00a0<\/p>\n<p class=\"wp-block-paragraph\">E o pesquisador destaca a sua expectativa com alunos vestibulandos, a partir do resultado de seus estudos com a rede p\u00fablica: \u201cEu acho que a minha pesquisa ajuda a refor\u00e7ar alguns debates. Por exemplo, quando \u00e9 o momento que o aluno deve realizar a prova do vestibular? Ser\u00e1 que a gente n\u00e3o deveria passar por algum modelo que os alunos deveriam realizar a prova sempre em sala de aula, durante o ano letivo dele, e sair desse modelo que eles s\u00f3 fazem a prova [do Enem ou outros vestibulares], que ele faz a prova em um fim de semana espec\u00edfico do ano?\u201d.\u00a0<\/p>\n<p class=\"wp-block-paragraph\">Canhadas comenta sobre a import\u00e2ncia da pesquisa dar luz ao Prov\u00e3o: \u201cO Governo do Estado implantou o Prov\u00e3o Paulista de forma in\u00e9dita e ele tem se mostrado diferenciado. Embora a gente j\u00e1 soubesse disso empiricamente, esse recolhimento de dados e esse tratamento de dados mostram a evid\u00eancia de que existe uma barreira que foi eliminada. A gente est\u00e1 dentro da sala de aula do aluno, com a prova na m\u00e3o dele, convencendo o professor tamb\u00e9m a colaborar com essa prepara\u00e7\u00e3o e aplica\u00e7\u00e3o\u201d, finaliza.<\/p>\n<h3 class=\"wp-block-heading\">Import\u00e2ncia da educa\u00e7\u00e3o<\/h3>\n<p class=\"wp-block-paragraph\">Ao falar sobre as motiva\u00e7\u00f5es pessoais da pesquisa, Gabriel relaciona diretamente sua trajet\u00f3ria de vida \u00e0 educa\u00e7\u00e3o. \u201cO quanto a educa\u00e7\u00e3o foi importante para mim em termos de gerar oportunidades e mobilidade social foi o que me motivou. Basicamente, fui criado somente pela minha m\u00e3e e pela minha av\u00f3, ent\u00e3o educa\u00e7\u00e3o sempre foi o grande diferencial para eu conseguir ir mais longe e ter mais oportunidades\u201d, afirma. \u201c\u00c9 a minha maneira de devolver para a sociedade as oportunidades que me foram dadas\u201d.<\/p>\n<p class=\"wp-block-paragraph\">Ele conta que n\u00e3o vem de uma fam\u00edlia de professores, mas sempre teve interesse pela educa\u00e7\u00e3o e pelo ambiente escolar. \u201cQuando eu era mais novo, pensava muito em ser professor\u201d, lembra. Hoje, mesmo em um doutorado voltado \u00e0 pesquisa, diz que os momentos em sala de aula continuam sendo os mais marcantes. \u201cEu comecei estudando economia, que inicialmente pode parecer um tema decolado de educa\u00e7\u00e3o, mas a economia tem um campo de estudos sobre pol\u00edticas p\u00fablicas e foi a\u00ed que eu pude dar esse enfoque \u00e0 educa\u00e7\u00e3o. Eu acho que s\u00e3o os momentos em que mais me divirto, quando posso ter contato com os alunos\u201d.<\/p>\n<p class=\"wp-block-paragraph\">Nos pr\u00f3ximos passos, a pesquisa de Gabriel deve avan\u00e7ar sobre temas ligados ao ensino t\u00e9cnico, trabalho e projeto de vida. A proposta inclui ampliar os question\u00e1rios aplicados pela Secretaria da Educa\u00e7\u00e3o para entender como os jovens escolhem cursos t\u00e9cnicos, como enxergam o mercado de trabalho e quais s\u00e3o seus planos ap\u00f3s o Ensino M\u00e9dio.<\/p>\n<\/p><\/div>\n<p><br \/>\n<br \/><a href=\"https:\/\/www.agenciasp.sp.gov.br\/provao-paulista-aponta-pesquisa-stanford\/\" rel=\"noopener\">Informa\u00e7\u00f5es GOV.SP<\/a><\/p>\n","protected":false},"excerpt":{"rendered":"<p>Um pesquisador brasileiro da Stanford University est\u00e1 usando a experi\u00eancia acad\u00eamica internacional para investigar os desafios enfrentados por estudantes da rede estadual paulista no acesso ao ensino superior. Gabriel Marcondes Koraicho, doutorando na Escola de Educa\u00e7\u00e3o de Stanford, desenvolve uma pesquisa sobre barreiras de acesso, aspira\u00e7\u00f5es dos jovens e a dist\u00e2ncia entre o desejo de [&hellip;]<\/p>\n","protected":false},"author":1,"featured_media":67933,"comment_status":"","ping_status":"open","sticky":false,"template":"","format":"standard","meta":{"_jetpack_newsletter_access":"","_jetpack_dont_email_post_to_subs":false,"_jetpack_newsletter_tier_id":0,"_jetpack_memberships_contains_paywalled_content":false,"_mbp_banners":[],"_jetpack_feature_clip_id":0,"_jetpack_memberships_contains_paid_content":false,"footnotes":"","jetpack_publicize_message":"","jetpack_publicize_feature_enabled":true,"jetpack_social_post_already_shared":true,"jetpack_social_options":{"image_generator_settings":{"template":"highway","default_image_id":0,"font":"","enabled":false},"version":2},"jetpack_post_was_ever_published":false},"categories":[21],"tags":[],"class_list":["post-67932","post","type-post","status-publish","format-standard","has-post-thumbnail","category-sp-news"],"jetpack_publicize_connections":[],"jetpack-related-posts":[],"jetpack_shortlink":"https:\/\/wp.me\/p7Eq1F-hFG","jetpack_sharing_enabled":true,"jetpack_featured_media_url":"https:\/\/i0.wp.com\/guialimeira.com.br\/news\/wp-content\/uploads\/2026\/06\/Provao-Paulista-reduz-barreiras-ao-ensino-superior-aponta-pesquisador-de.jpg?fit=2047%2C1365&ssl=1","_links":{"self":[{"href":"https:\/\/guialimeira.com.br\/news\/wp-json\/wp\/v2\/posts\/67932","targetHints":{"allow":["GET"]}}],"collection":[{"href":"https:\/\/guialimeira.com.br\/news\/wp-json\/wp\/v2\/posts"}],"about":[{"href":"https:\/\/guialimeira.com.br\/news\/wp-json\/wp\/v2\/types\/post"}],"author":[{"embeddable":true,"href":"https:\/\/guialimeira.com.br\/news\/wp-json\/wp\/v2\/users\/1"}],"replies":[{"embeddable":true,"href":"https:\/\/guialimeira.com.br\/news\/wp-json\/wp\/v2\/comments?post=67932"}],"version-history":[{"count":0,"href":"https:\/\/guialimeira.com.br\/news\/wp-json\/wp\/v2\/posts\/67932\/revisions"}],"wp:featuredmedia":[{"embeddable":true,"href":"https:\/\/guialimeira.com.br\/news\/wp-json\/wp\/v2\/media\/67933"}],"wp:attachment":[{"href":"https:\/\/guialimeira.com.br\/news\/wp-json\/wp\/v2\/media?parent=67932"}],"wp:term":[{"taxonomy":"category","embeddable":true,"href":"https:\/\/guialimeira.com.br\/news\/wp-json\/wp\/v2\/categories?post=67932"},{"taxonomy":"post_tag","embeddable":true,"href":"https:\/\/guialimeira.com.br\/news\/wp-json\/wp\/v2\/tags?post=67932"}],"curies":[{"name":"wp","href":"https:\/\/api.w.org\/{rel}","templated":true}]}}