{"id":67928,"date":"2026-06-04T10:15:17","date_gmt":"2026-06-04T13:15:17","guid":{"rendered":"https:\/\/guialimeira.com.br\/mau-cheiro-do-rio-fazia-a-gente-perder-a-fome-morador-de-barueri-conta-sobre-mudanca-na-qualidade-de-vida-apos-despoluicao\/"},"modified":"2026-06-04T10:15:17","modified_gmt":"2026-06-04T13:15:17","slug":"mau-cheiro-do-rio-fazia-a-gente-perder-a-fome-morador-de-barueri-conta-sobre-mudanca-na-qualidade-de-vida-apos-despoluicao","status":"publish","type":"post","link":"https:\/\/guialimeira.com.br\/news\/mau-cheiro-do-rio-fazia-a-gente-perder-a-fome-morador-de-barueri-conta-sobre-mudanca-na-qualidade-de-vida-apos-despoluicao\/","title":{"rendered":"&#8216;Mau cheiro do rio fazia a gente perder a fome&#8217;: morador de Barueri conta sobre mudan\u00e7a na qualidade de vida ap\u00f3s despolui\u00e7\u00e3o"},"content":{"rendered":"<p> <br \/>\n<\/p>\n<div>\n<p class=\"wp-block-paragraph\">O aumento dos investimentos no tratamento de esgoto na Grande S\u00e3o Paulo j\u00e1 mostra resultados na despolui\u00e7\u00e3o de rios e na qualidade de vida da popula\u00e7\u00e3o. O aposentado Domingos Pessoa Cabral Filho, 66 anos, morador de Barueri h\u00e1 tr\u00eas d\u00e9cadas, afirma que o mau cheiro do c\u00f3rrego Fazenda atrapalhava at\u00e9 nos momentos das refei\u00e7\u00f5es. A realidade mudou ap\u00f3s as obras executadas pela Sabesp para amplia\u00e7\u00e3o da coleta e do tratamento de esgoto na regi\u00e3o.\u00a0<\/p>\n<p class=\"wp-block-paragraph\">Com investimento de aproximadamente R$ 7 milh\u00f5es, as interven\u00e7\u00f5es inclu\u00edram a implanta\u00e7\u00e3o de cerca de tr\u00eas quil\u00f4metros de tubula\u00e7\u00f5es para encaminhar os efluentes \u00e0 Esta\u00e7\u00e3o de Tratamento de Esgoto (ETE) Barueri. As obras permitiram que aproximadamente 600 im\u00f3veis da bacia do Fazenda passassem a ter seus esgotos destinados ao tratamento adequado.<\/p>\n<p class=\"wp-block-paragraph\"><strong>LEIA MAIS: <a href=\"https:\/\/www.agenciasp.sp.gov.br\/moradora-de-itaquaquecetuba-armazenava-agua-em-garrafas-embaixo-da-pia-antes-de-receber-caixa-dagua-gratuita\/\" rel=\"noopener\">Moradora de Itaquaquecetuba armazenava \u00e1gua em garrafas embaixo da pia antes de receber caixa d\u2019\u00e1gua gratuita<\/a><\/strong><\/p>\n<p class=\"wp-block-paragraph\">Para a secret\u00e1ria de Meio Ambiente, Infraestrutura e Log\u00edstica do Estado de S\u00e3o Paulo, Nat\u00e1lia Resende, o resultado observado no C\u00f3rrego Fazenda evidencia os benef\u00edcios dos investimentos em infraestrutura de saneamento. \u201cDepois de todo o investimento que foi feito em virtude do Programa IntegraTiet\u00ea, chegamos a uma situa\u00e7\u00e3o com uma \u00e1gua muito mais limpa. \u00c9 uma obra invis\u00edvel, enterrada, mas que gera resultados concretos para a popula\u00e7\u00e3o\u201d, afirmou.<\/p>\n<figure class=\"wp-block-image size-large\"><img data-recalc-dims=\"1\" fetchpriority=\"high\" decoding=\"async\" width=\"696\" height=\"464\" src=\"https:\/\/i0.wp.com\/www.agenciasp.sp.gov.br\/wp-content\/uploads\/2026\/06\/corrego-fazenda-foto-arthur-pacheco-governo-de-sp-2-1024x683.jpg?resize=696%2C464&#038;ssl=1\" alt=\"\" class=\"wp-image-149302\" srcset=\"https:\/\/www.agenciasp.sp.gov.br\/wp-content\/uploads\/2026\/06\/corrego-fazenda-foto-arthur-pacheco-governo-de-sp-2-1024x683.jpg 1024w, https:\/\/www.agenciasp.sp.gov.br\/wp-content\/uploads\/2026\/06\/corrego-fazenda-foto-arthur-pacheco-governo-de-sp-2-300x200.jpg 300w, https:\/\/www.agenciasp.sp.gov.br\/wp-content\/uploads\/2026\/06\/corrego-fazenda-foto-arthur-pacheco-governo-de-sp-2-768x512.jpg 768w, https:\/\/www.agenciasp.sp.gov.br\/wp-content\/uploads\/2026\/06\/corrego-fazenda-foto-arthur-pacheco-governo-de-sp-2-1536x1024.jpg 1536w, https:\/\/www.agenciasp.sp.gov.br\/wp-content\/uploads\/2026\/06\/corrego-fazenda-foto-arthur-pacheco-governo-de-sp-2-150x100.jpg 150w, https:\/\/www.agenciasp.sp.gov.br\/wp-content\/uploads\/2026\/06\/corrego-fazenda-foto-arthur-pacheco-governo-de-sp-2.jpg 2048w\" sizes=\"(max-width: 1024px) 100vw, 1024px\"\/><figcaption class=\"wp-element-caption\"><em>Para a secret\u00e1ria Nat\u00e1lia Resende, o resultado observado no C\u00f3rrego Fazenda evidencia os benef\u00edcios dos investimentos em infraestrutura de saneamento. Foto: Arthur Pacheco\/Governo de SP.<\/em><\/figcaption><\/figure>\n<p class=\"wp-block-paragraph\">Nascido em Teresina (PI), Domingos chegou a S\u00e3o Paulo aos 18 anos e mora ao lado do c\u00f3rrego com a esposa, Mari\u00ea, e o filho, Fl\u00e1vio. Ao longo dos anos, acompanhou os impactos da aus\u00eancia de coleta de esgoto na regi\u00e3o.\u00a0<\/p>\n<p class=\"wp-block-paragraph\">\u201cO mau cheiro era muito grande. Atrapalhava at\u00e9 na hora das refei\u00e7\u00f5es. Era de perder a fome. E era muito triste ver a natureza daquele jeito, o c\u00f3rrego sujo e com aquele cheiro que n\u00e3o dava pra chegar perto\u201d, relata. \u201cMelhorou muito. Eu achava que seria imposs\u00edvel despoluir essa \u00e1gua e ficou muito bom.\u201d<\/p>\n<p class=\"wp-block-paragraph\"><strong>LEIA MAIS: <a href=\"https:\/\/www.agenciasp.sp.gov.br\/tarifa-social-paulista-numero-de-beneficiarios-chega-a-crescer-mais-de-10-vezes-em-cidades-de-sp\/\" rel=\"noopener\">Tarifa Social Paulista: n\u00famero de benefici\u00e1rios chega a crescer mais de 10 vezes em cidades de SP<\/a><\/strong><\/p>\n<p class=\"wp-block-paragraph\">Al\u00e9m da redu\u00e7\u00e3o do odor, Domingos destaca mudan\u00e7as vis\u00edveis no ambiente ao redor do c\u00f3rrego. \u201cA gente j\u00e1 come\u00e7ou a ver uns peixinhos, que antes n\u00e3o apareciam.\u201d<\/p>\n<p class=\"wp-block-paragraph\">A secret\u00e1ria Nat\u00e1lia Resende ressalta que a amplia\u00e7\u00e3o da coleta e do tratamento de esgoto produz benef\u00edcios tanto para a popula\u00e7\u00e3o quanto para o meio ambiente. \u201cN\u00e3o tem mais odor e ele consegue ter uma qualidade de vida muito maior, n\u00e3o s\u00f3 o Seu Domingos, mas mais de 600 fam\u00edlias da regi\u00e3o. Investimento em tratamento de esgoto gera sa\u00fade, reduz o n\u00famero de doen\u00e7as de veicula\u00e7\u00e3o h\u00eddrica, amplia a qualidade de vida para quem mora aqui e contribui para a despolui\u00e7\u00e3o dos nossos rios\u201d, destacou.<\/p>\n<figure class=\"wp-block-image size-large\"><img data-recalc-dims=\"1\" loading=\"lazy\" decoding=\"async\" width=\"696\" height=\"464\" src=\"https:\/\/i0.wp.com\/www.agenciasp.sp.gov.br\/wp-content\/uploads\/2026\/06\/corrego-fazenda-foto-arthur-pacheco-governo-de-sp-1024x683.jpg?resize=696%2C464&#038;ssl=1\" alt=\"\" class=\"wp-image-149303\" srcset=\"https:\/\/www.agenciasp.sp.gov.br\/wp-content\/uploads\/2026\/06\/corrego-fazenda-foto-arthur-pacheco-governo-de-sp-1024x683.jpg 1024w, https:\/\/www.agenciasp.sp.gov.br\/wp-content\/uploads\/2026\/06\/corrego-fazenda-foto-arthur-pacheco-governo-de-sp-300x200.jpg 300w, https:\/\/www.agenciasp.sp.gov.br\/wp-content\/uploads\/2026\/06\/corrego-fazenda-foto-arthur-pacheco-governo-de-sp-768x512.jpg 768w, https:\/\/www.agenciasp.sp.gov.br\/wp-content\/uploads\/2026\/06\/corrego-fazenda-foto-arthur-pacheco-governo-de-sp-1536x1024.jpg 1536w, https:\/\/www.agenciasp.sp.gov.br\/wp-content\/uploads\/2026\/06\/corrego-fazenda-foto-arthur-pacheco-governo-de-sp-150x100.jpg 150w, https:\/\/www.agenciasp.sp.gov.br\/wp-content\/uploads\/2026\/06\/corrego-fazenda-foto-arthur-pacheco-governo-de-sp.jpg 2048w\" sizes=\"auto, (max-width: 1024px) 100vw, 1024px\"\/><figcaption class=\"wp-element-caption\"><em>Amostra de \u00e1gua do c\u00f3rrego (esq.) e do esgoto da regi\u00e3o, agora coletado e tratado de forma adequado. Foto: Arthur Pacheco\/Governo de SP.<\/em><\/figcaption><\/figure>\n<p class=\"wp-block-paragraph\"><strong>Investimento em saneamento<\/strong><\/p>\n<p class=\"wp-block-paragraph\">A expans\u00e3o dos servi\u00e7os ocorre em meio ao aumento dos investimentos da Sabesp. Em 2025, foram R$ 15,2 bilh\u00f5es aplicados pela companhia, valor 120% maior em compara\u00e7\u00e3o ao ano anterior. Os investimentos t\u00eam como foco a amplia\u00e7\u00e3o da cobertura de saneamento e a melhoria dos padr\u00f5es de qualidade dos servi\u00e7os.<\/p>\n<p class=\"wp-block-paragraph\">A coleta e o tratamento de esgoto chegaram a mais de 4,3 milh\u00f5es de pessoas com a expans\u00e3o de liga\u00e7\u00f5es da Sabesp. O cumprimento das metas de acesso \u00e0 \u00e1gua, coleta e tratamento de esgoto alcan\u00e7aram, respectivamente, 87%, 77% e 71% ao fim do primeiro trimestre de 2026.<\/p>\n<p class=\"wp-block-paragraph\"><strong>Na Rota da \u00c1gua<\/strong><\/p>\n<p class=\"wp-block-paragraph\">O Governo de S\u00e3o Paulo passou a acompanhar os avan\u00e7os no saneamento por meio do Na Rota da \u00c1gua. A iniciativa d\u00e1 mais visibilidade \u00e0s obras de seguran\u00e7a h\u00eddrica, refor\u00e7o de abastecimento e universaliza\u00e7\u00e3o do saneamento nas cidades atendidas pela companhia.<\/p>\n<p class=\"wp-block-paragraph\"><strong>LEIA MAIS: <a href=\"https:\/\/www.agenciasp.sp.gov.br\/sp-tem-7-cidades-no-ranking-das-12-com-padrao-de-excelencia-entre-as-que-menos-desperdicam-agua-no-brasil\/\" rel=\"noopener\">SP tem 7 cidades no ranking das 12 com padr\u00e3o de excel\u00eancia entre as que menos desperdi\u00e7am \u00e1gua no Brasil<\/a><\/strong><\/p>\n<p class=\"wp-block-paragraph\">Lan\u00e7ado em fevereiro deste ano, o programa prev\u00ea uma s\u00e9rie de entregas e visitas t\u00e9cnicas a mais de 1,1 mil frentes de obras em andamento nos munic\u00edpios contemplados pelo novo contrato da Sabesp.<\/p>\n<p class=\"wp-block-paragraph\">Entre as entregas j\u00e1 realizadas, est\u00e3o obras de saneamento em Itapecerica da Serra, Embu das Artes e Embu-Gua\u00e7u. Al\u00e9m disso, h\u00e1 duas novas Esta\u00e7\u00f5es de Tratamento de Esgoto em Caieiras e Franco da Rocha e um Sistema de Expans\u00e3o de Esgotamento Sanit\u00e1rio que tamb\u00e9m contempla Francisco Morato, na Grande S\u00e3o Paulo.<\/p>\n<\/p><\/div>\n<p><br \/>\n<br \/><a href=\"https:\/\/www.agenciasp.sp.gov.br\/mau-cheiro-do-rio-fazia-a-gente-perder-a-fome-morador-de-barueri-conta-sobre-mudanca-na-qualidade-de-vida-apos-despoluicao\/\" rel=\"noopener\">Informa\u00e7\u00f5es GOV.SP<\/a><\/p>\n","protected":false},"excerpt":{"rendered":"<p>O aumento dos investimentos no tratamento de esgoto na Grande S\u00e3o Paulo j\u00e1 mostra resultados na despolui\u00e7\u00e3o de rios e na qualidade de vida da popula\u00e7\u00e3o. O aposentado Domingos Pessoa Cabral Filho, 66 anos, morador de Barueri h\u00e1 tr\u00eas d\u00e9cadas, afirma que o mau cheiro do c\u00f3rrego Fazenda atrapalhava at\u00e9 nos momentos das refei\u00e7\u00f5es. A [&hellip;]<\/p>\n","protected":false},"author":1,"featured_media":67871,"comment_status":"","ping_status":"open","sticky":false,"template":"","format":"standard","meta":{"_jetpack_newsletter_access":"","_jetpack_dont_email_post_to_subs":false,"_jetpack_newsletter_tier_id":0,"_jetpack_memberships_contains_paywalled_content":false,"_mbp_banners":[],"_jetpack_feature_clip_id":0,"_jetpack_memberships_contains_paid_content":false,"footnotes":"","jetpack_publicize_message":"","jetpack_publicize_feature_enabled":true,"jetpack_social_post_already_shared":true,"jetpack_social_options":{"image_generator_settings":{"template":"highway","default_image_id":0,"font":"","enabled":false},"version":2},"jetpack_post_was_ever_published":false},"categories":[21],"tags":[],"class_list":["post-67928","post","type-post","status-publish","format-standard","has-post-thumbnail","category-sp-news"],"jetpack_publicize_connections":[],"jetpack-related-posts":[],"jetpack_shortlink":"https:\/\/wp.me\/p7Eq1F-hFC","jetpack_sharing_enabled":true,"jetpack_featured_media_url":"https:\/\/i0.wp.com\/guialimeira.com.br\/news\/wp-content\/uploads\/2026\/06\/Obras-do-programa-IntegraTiete-avancam-em-Cajamar-com-R-132.jpg?fit=1024%2C683&ssl=1","_links":{"self":[{"href":"https:\/\/guialimeira.com.br\/news\/wp-json\/wp\/v2\/posts\/67928","targetHints":{"allow":["GET"]}}],"collection":[{"href":"https:\/\/guialimeira.com.br\/news\/wp-json\/wp\/v2\/posts"}],"about":[{"href":"https:\/\/guialimeira.com.br\/news\/wp-json\/wp\/v2\/types\/post"}],"author":[{"embeddable":true,"href":"https:\/\/guialimeira.com.br\/news\/wp-json\/wp\/v2\/users\/1"}],"replies":[{"embeddable":true,"href":"https:\/\/guialimeira.com.br\/news\/wp-json\/wp\/v2\/comments?post=67928"}],"version-history":[{"count":0,"href":"https:\/\/guialimeira.com.br\/news\/wp-json\/wp\/v2\/posts\/67928\/revisions"}],"wp:featuredmedia":[{"embeddable":true,"href":"https:\/\/guialimeira.com.br\/news\/wp-json\/wp\/v2\/media\/67871"}],"wp:attachment":[{"href":"https:\/\/guialimeira.com.br\/news\/wp-json\/wp\/v2\/media?parent=67928"}],"wp:term":[{"taxonomy":"category","embeddable":true,"href":"https:\/\/guialimeira.com.br\/news\/wp-json\/wp\/v2\/categories?post=67928"},{"taxonomy":"post_tag","embeddable":true,"href":"https:\/\/guialimeira.com.br\/news\/wp-json\/wp\/v2\/tags?post=67928"}],"curies":[{"name":"wp","href":"https:\/\/api.w.org\/{rel}","templated":true}]}}