{"id":67923,"date":"2026-06-04T09:14:00","date_gmt":"2026-06-04T12:14:00","guid":{"rendered":"https:\/\/guialimeira.com.br\/parques-estaduais-de-sp-oferecem-programacao-gratuita-durante-o-corpus-christi\/"},"modified":"2026-06-04T09:14:00","modified_gmt":"2026-06-04T12:14:00","slug":"parques-estaduais-de-sp-oferecem-programacao-gratuita-durante-o-corpus-christi","status":"publish","type":"post","link":"https:\/\/guialimeira.com.br\/news\/parques-estaduais-de-sp-oferecem-programacao-gratuita-durante-o-corpus-christi\/","title":{"rendered":"Parques estaduais de SP oferecem programa\u00e7\u00e3o gratuita durante o Corpus Christi"},"content":{"rendered":"<p> <br \/>\n<br \/><img data-recalc-dims=\"1\" decoding=\"async\" src=\"https:\/\/i0.wp.com\/www.agenciasp.sp.gov.br\/wp-content\/uploads\/2026\/06\/PU-Ecologico-do-Tiete-PET_17-Rio-1024x576-1.jpg?w=696&#038;ssl=1\" \/><\/p>\n<div>\n<p class=\"wp-block-paragraph\">Quem pretende aproveitar o feriado prolongado de Corpus Christi em contato com a natureza ter\u00e1 uma programa\u00e7\u00e3o especial nos parques urbanos administrados pela\u00a0<a href=\"https:\/\/semil.sp.gov.br\/\" target=\"_blank\" rel=\"noopener\">Secretaria de Meio Ambiente, Infraestrutura e Log\u00edstica do Estado de S\u00e3o Paulo (Semil)<\/a>. Entre os dias 4 e 7 de junho, unidades localizadas na capital, na Regi\u00e3o Metropolitana de S\u00e3o Paulo e no Alto Tiet\u00ea receber\u00e3o atividades gratuitas voltadas \u00e0 educa\u00e7\u00e3o ambiental e \u00e0 conscientiza\u00e7\u00e3o sobre a import\u00e2ncia da conserva\u00e7\u00e3o dos recursos naturais.\u00a0\u00a0<\/p>\n<p class=\"wp-block-paragraph\">A programa\u00e7\u00e3o integra as comemora\u00e7\u00f5es do Dia Mundial do Meio Ambiente, celebrado em 5 de junho, e re\u00fane atra\u00e7\u00f5es para p\u00fablicos de todas as idades. Oficinas, trilhas monitoradas, exposi\u00e7\u00f5es, jogos educativos, experi\u00eancias sensoriais, observa\u00e7\u00e3o da fauna e atividades de plantio est\u00e3o entre as a\u00e7\u00f5es preparadas para aproximar os visitantes da biodiversidade e estimular pr\u00e1ticas sustent\u00e1veis.\u00a0\u00a0<\/p>\n<p class=\"wp-block-paragraph\">Ao longo dos quatro dias, os participantes poder\u00e3o conhecer esp\u00e9cies nativas da flora paulista, aprender sobre polinizadores e recursos h\u00eddricos, confeccionar terr\u00e1rios e bombas de sementes, participar de atividades l\u00fadicas sobre reciclagem e preserva\u00e7\u00e3o ambiental e vivenciar experi\u00eancias de contato direto com a natureza.\u00a0\u00a0<\/p>\n<p class=\"wp-block-paragraph\">\u201cA programa\u00e7\u00e3o foi pensada para que fam\u00edlias, crian\u00e7as e visitantes de todas as idades possam aproveitar o feriado prolongado em contato com a natureza. Al\u00e9m de proporcionar lazer gratuito, as atividades contribuem para ampliar o conhecimento sobre biodiversidade, sustentabilidade e conserva\u00e7\u00e3o ambiental, temas que est\u00e3o no centro das celebra\u00e7\u00f5es da Semana do Meio Ambiente\u201d, destaca a diretora de Parques Urbanos da\u00a0<a href=\"https:\/\/semil.sp.gov.br\/\" target=\"_blank\" rel=\"noopener\">Semil<\/a>, Ana Lucia Seabra.\u00a0\u00a0<\/p>\n<h3 class=\"wp-block-heading\"><strong>Servi\u00e7o\u00a0<\/strong>\u00a0<strong>\u00a0<\/strong>\u00a0<\/h3>\n<p class=\"wp-block-paragraph\"><strong>Parque Maria Cristina Hellmeister de Abreu\u00a0<\/strong>\u00a0<\/p>\n<p class=\"wp-block-paragraph\">Endere\u00e7o: Av.\u00a0Kumaki\u00a0Aoki, n\u00ba 1389 \u2013 Jardim Helena \u2013 S\u00e3o Paulo \u2013 CEP: 08090-370\u00a0<\/p>\n<p class=\"wp-block-paragraph\">Telefone: 2823-2475\u00a0<\/p>\n<p class=\"wp-block-paragraph\">No dia 4 de junho, das 10h \u00e0s 11h, pr\u00f3ximo \u00e0 pista de skate, ser\u00e1 realizada a atividade Conhecendo o Urucum, que apresenta aos visitantes a import\u00e2ncia hist\u00f3rica e cultural dessa esp\u00e9cie nativa utilizada por povos ind\u00edgenas. No dia 5, das 8h30 \u00e0s 16h30, pr\u00f3ximo \u00e0 sala de educa\u00e7\u00e3o ambiental, o p\u00fablico poder\u00e1 participar da\u00a0atividade Conhecendo\u00a0as aves que visitam locais pr\u00f3ximos, dedicada \u00e0 observa\u00e7\u00e3o e ao conhecimento das esp\u00e9cies que frequentam o parque. No dia 6, das 9h \u00e0s 10h, ser\u00e1 realizado o Plantio de Ip\u00ea. J\u00e1 no dia 7, das 8h30 \u00e0s 16h30, acontece a atividade Ca\u00e7a \u00e0 Semente, voltada ao conhecimento do jatob\u00e1 e da dispers\u00e3o de sementes.\u00a0\u00a0<\/p>\n<p class=\"wp-block-paragraph\"><strong>Parque Jequitib\u00e1\u00a0<\/strong>\u00a0<\/p>\n<p class=\"wp-block-paragraph\">\u00a0Endere\u00e7o: Rua\u00a0Sapucai\u00a0320-776 \u2013 Gramado \u2013 Cotia \u2013 S\u00e3o Paulo \u2013 CEP: 06710-050\u00a0<\/p>\n<p class=\"wp-block-paragraph\">\u00a0Telefone: 4613-6651\u00a0<\/p>\n<p class=\"wp-block-paragraph\">No dia 4, \u00e0s 14h, na \u00e1rea de piquenique, ser\u00e1 realizado o Jogo das Cores, atividade que estimula a observa\u00e7\u00e3o da natureza. No dia 5, tamb\u00e9m \u00e0s 14h, acontece a oficina Mandala Natural. No dia 6, \u00e0s 14h, no Viveiro das Orqu\u00eddeas, os visitantes poder\u00e3o participar da atividade Fotografia Mental. A programa\u00e7\u00e3o termina no dia 7, \u00e0s 14h, com a oficina Guardi\u00e3o da Natureza.\u00a0\u00a0<\/p>\n<p class=\"wp-block-paragraph\"><strong>Parque\u00a0Biacica\u00a0\u2013 N\u00facleo de Lazer, Cultura e Esporte Itaim\u00a0Biacica\u00a0<\/strong>\u00a0<\/p>\n<p class=\"wp-block-paragraph\">\u00a0Endere\u00e7o: Estrada da\u00a0Biacica, n\u00ba 756 \u2013 Vila Seabra \u2013 S\u00e3o Paulo \u2013 CEP: 08180-370\u00a0<\/p>\n<p class=\"wp-block-paragraph\">\u00a0Telefone: 2823-2426\u00a0<\/p>\n<p class=\"wp-block-paragraph\">No dia 4, das 9h \u00e0s 15h, o Centro de Educa\u00e7\u00e3o Ambiental receber\u00e1 a oficina Bombas de Sementes. No dia 5, no mesmo hor\u00e1rio, a Sala de Educa\u00e7\u00e3o Ambiental sediar\u00e1 a atividade Caixa Sensorial. Nos dias 6 e 7, das 9h \u00e0s 15h, os visitantes poder\u00e3o participar do Jogo das Cores, realizado em \u00e1rea aberta do parque.\u00a0\u00a0<\/p>\n<p class=\"wp-block-paragraph\"><strong>Parque Gabriel Chucre\u00a0<\/strong>\u00a0<\/p>\n<p class=\"wp-block-paragraph\">Endere\u00e7o: Avenida Consola\u00e7\u00e3o N\u00ba 505, Gustavo Correia, Carapicu\u00edba \u2013 S\u00e3o Paulo \u2013 CEP:\u00a0 06310-390\u00a0<\/p>\n<p class=\"wp-block-paragraph\">Telefone: 4185-8751\u00a0<\/p>\n<p class=\"wp-block-paragraph\">Entre os dias 4 e 7, das 9h \u00e0s 15h, o Centro de Educa\u00e7\u00e3o Ambiental receber\u00e1 atividades voltadas ao p\u00fablico infantil. No dia 4, ser\u00e1 realizada a oficina Nosso Planeta; no dia 5, a atividade Polinizadores; no dia 6, a din\u00e2mica Pescaria da Polui\u00e7\u00e3o; e, no dia 7, a brincadeira educativa On\u00e7a-Capim-Capivara.\u00a0\u00a0<\/p>\n<p class=\"wp-block-paragraph\"><strong>Parque\u00a0Antonio\u00a0Arnaldo Queiroz e Silva \u2013 N\u00facleo Vila Jacu\u00ed\u00a0<\/strong>\u00a0<\/p>\n<p class=\"wp-block-paragraph\">\u00a0Endere\u00e7o: Rua\u00a0Catl\u00e9ias, n\u00ba 911 \u2013 S\u00e3o Miguel Paulista \u2013 CEP: 08071-100\u00a0<\/p>\n<p class=\"wp-block-paragraph\">\u00a0Telefone: 2033-1940\u00a0<\/p>\n<p class=\"wp-block-paragraph\">No dia 5, das 9h \u00e0s 12h, a Sala Ambiental sediar\u00e1 a atividade Floresta Recicl\u00e1vel. No dia 6, das 13h \u00e0s 16h, acontece a oficina Fantoches de Caixinha. J\u00e1 no dia 7, tamb\u00e9m das 13h \u00e0s 16h, os visitantes poder\u00e3o participar da atividade Dobradura de Papel.\u00a0\u00a0<\/p>\n<p class=\"wp-block-paragraph\"><strong>Parque Ecol\u00f3gico do Tiet\u00ea \u2013 N\u00facleo Engenheiro Goulart\u00a0<\/strong>\u00a0<\/p>\n<p class=\"wp-block-paragraph\">Endere\u00e7o: Rodovia Parque N\u00ba 8055, Vila Santo Henrique \u2013 S\u00e3o Paulo \u2013 CEP: 03729-000\u00a0<\/p>\n<p class=\"wp-block-paragraph\">Telefone: 2823-2250 \/ 2823-2266\u00a0<\/p>\n<p class=\"wp-block-paragraph\">No dia 4, das 10h \u00e0s 15h, no Casar\u00e3o da Educa\u00e7\u00e3o Ambiental, ser\u00e1 realizado o Jogo da Mem\u00f3ria dos Bichos. No dia 5, no mesmo hor\u00e1rio e local, acontece a atividade Carimbo Natural. No dia 6, das 13h \u00e0s 15h, os visitantes poder\u00e3o participar da Ca\u00e7a ao Tesouro da Natureza. No dia 7, tamb\u00e9m das 13h \u00e0s 15h, ser\u00e1 realizada a atividade Ca\u00e7a-Palavras Ambiental.\u00a0\u00a0<\/p>\n<p class=\"wp-block-paragraph\"><strong>Parque Estadual do Bel\u00e9m Manoel Pitta\u00a0<\/strong>\u00a0<\/p>\n<p class=\"wp-block-paragraph\">Endere\u00e7o: Avenida Celso Garcia n\u00ba 2593, Bel\u00e9m \u2013 S\u00e3o Paulo \u2013 CEP: 03015-000\u00a0<\/p>\n<p class=\"wp-block-paragraph\">Telefone: 2618-9991\u00a0<\/p>\n<p class=\"wp-block-paragraph\">No dia 4, das 10h \u00e0s 12h, ser\u00e1 promovida a atividade \u00c1rvore das Boas A\u00e7\u00f5es pelo Meio Ambiente. No dia 5, no mesmo hor\u00e1rio, haver\u00e1 exposi\u00e7\u00e3o sobre as Baratas de Madagascar. No dia 6, das 13h \u00e0s 16h, acontece a Corrida da Evolu\u00e7\u00e3o. A programa\u00e7\u00e3o termina no dia 7, tamb\u00e9m das 13h \u00e0s 16h, com o Jogo das Cores.\u00a0\u00a0<\/p>\n<p class=\"wp-block-paragraph\"><strong>Parque Ecol\u00f3gico da V\u00e1rzea do Embu-Gua\u00e7u \u2013 Professor Aziz Ab\u2019Saber\u00a0<\/strong>\u00a0<\/p>\n<p class=\"wp-block-paragraph\">Endere\u00e7o: Rodovia Jos\u00e9 Sim\u00f5es Louro Junior n\u00ba 111, Embu-Gua\u00e7u, S\u00e3o Paulo \u2013 CEP: 06900-000\u00a0<\/p>\n<p class=\"wp-block-paragraph\">Telefone: 4662-9461\u00a0<\/p>\n<p class=\"wp-block-paragraph\">No dia 4, das 9h \u00e0s 15h, na Brinquedoteca, ser\u00e1 realizada a atividade Caixa Misteriosa. No dia 5, das 9h \u00e0s 15h, o Viveiro de Mudas receber\u00e1 a Exposi\u00e7\u00e3o de Bicho-pau. No dia 6, tamb\u00e9m das 9h \u00e0s 15h, acontece a atividade Sons do Sil\u00eancio \u2013 Audi\u00e7\u00e3o e Natureza.\u00a0\u00a0<\/p>\n<p class=\"wp-block-paragraph\"><strong>Parque Nascentes do Rio Tiet\u00ea\u00a0<\/strong>\u00a0<\/p>\n<p class=\"wp-block-paragraph\">Endere\u00e7o: Estrada do Pico Agudo, km 6, no bairro Pedra Rajada, em Sales\u00f3polis, rodovia SP 888, altura KM 107,4, S\u00e3o Paulo.\u00a0<\/p>\n<p class=\"wp-block-paragraph\">Telefone: 4613-6651\u00a0<\/p>\n<p class=\"wp-block-paragraph\">No dia 4, \u00e0s 9h e \u00e0s 15h, os visitantes poder\u00e3o participar das Trilhas da Nascente, com sa\u00edda da portaria do parque. No dia 5, \u00e0s 10h e \u00e0s 15h, no Bosque das Ju\u00e7aras, ser\u00e1 realizada a oficina Bombas de Sementes. Nos dias 6 e 7, o espa\u00e7o educativo\u00a0Pyrang\u00a0receber\u00e1 o Varal de Artes Especial da Semana do Meio Ambiente.\u00a0\u00a0<\/p>\n<p class=\"wp-block-paragraph\"><strong>Parque Ch\u00e1cara da Baronesa\u00a0<\/strong>\u00a0<\/p>\n<p class=\"wp-block-paragraph\">Endere\u00e7o: Avenida Jos\u00e9 Fernando Medina Braga, 8 \u2013 Santo Andr\u00e9 \u2013 SP, Bairro Jardim\u00a0Las\u00a0<\/p>\n<p class=\"wp-block-paragraph\">Vegas, CEP 09182-705\u00a0<\/p>\n<p class=\"wp-block-paragraph\">Telefone: 4422-9081\u00a0<\/p>\n<p class=\"wp-block-paragraph\">No dia 4, \u00e0s 14h, ser\u00e1 realizada a atividade Limpeza de Rios e Mares. No dia 6, tamb\u00e9m \u00e0s 14h, acontece o Plantio de Hortali\u00e7as. A programa\u00e7\u00e3o termina no dia 7, \u00e0s 14h, com uma a\u00e7\u00e3o de Preserva\u00e7\u00e3o da Fauna e Flora e Limpeza de Trilhas.\u00a0\u00a0<\/p>\n<p class=\"wp-block-paragraph\"><strong>Parque da Juventude\u00a0<\/strong>\u00a0<\/p>\n<p class=\"wp-block-paragraph\">Endere\u00e7o: Avenida Zaki Narchi n\u00ba 1309, Santana \u2013 S\u00e3o Paulo \u2013 CEP: 02029-001\u00a0<\/p>\n<p class=\"wp-block-paragraph\">Telefone: 2223-3691\u00a0<\/p>\n<p class=\"wp-block-paragraph\">No dia 4, das 13h \u00e0s 14h, ser\u00e1 apresentada a exposi\u00e7\u00e3o Mundo do Bicho-pau. No dia 5, no mesmo hor\u00e1rio, acontece a Exposi\u00e7\u00e3o de Animais Pe\u00e7onhentos. No dia 6, das 13h \u00e0s 14h, ser\u00e1 realizada a Oficina de Bombas de Sementes. A programa\u00e7\u00e3o ser\u00e1 encerrada no dia 7, tamb\u00e9m das 13h \u00e0s 14h, com a Oficina de T\u00e9cnicas de Plantio.\u00a0<\/p>\n<\/p><\/div>\n<p><br \/>\n<br \/><a href=\"https:\/\/www.agenciasp.sp.gov.br\/parques-estaduais-de-sp-oferecem-programacao-gratuita-durante-o-corpus-christi\/\" rel=\"noopener\">Informa\u00e7\u00f5es GOV.SP<\/a><\/p>\n","protected":false},"excerpt":{"rendered":"<p>Quem pretende aproveitar o feriado prolongado de Corpus Christi em contato com a natureza ter\u00e1 uma programa\u00e7\u00e3o especial nos parques urbanos administrados pela\u00a0Secretaria de Meio Ambiente, Infraestrutura e Log\u00edstica do Estado de S\u00e3o Paulo (Semil). Entre os dias 4 e 7 de junho, unidades localizadas na capital, na Regi\u00e3o Metropolitana de S\u00e3o Paulo e no [&hellip;]<\/p>\n","protected":false},"author":1,"featured_media":67924,"comment_status":"","ping_status":"open","sticky":false,"template":"","format":"standard","meta":{"_jetpack_newsletter_access":"","_jetpack_dont_email_post_to_subs":false,"_jetpack_newsletter_tier_id":0,"_jetpack_memberships_contains_paywalled_content":false,"_mbp_banners":[],"_jetpack_feature_clip_id":0,"_jetpack_memberships_contains_paid_content":false,"footnotes":"","jetpack_publicize_message":"","jetpack_publicize_feature_enabled":true,"jetpack_social_post_already_shared":true,"jetpack_social_options":{"image_generator_settings":{"template":"highway","default_image_id":0,"font":"","enabled":false},"version":2},"jetpack_post_was_ever_published":false},"categories":[21],"tags":[],"class_list":["post-67923","post","type-post","status-publish","format-standard","has-post-thumbnail","category-sp-news"],"jetpack_publicize_connections":[],"jetpack-related-posts":[],"jetpack_shortlink":"https:\/\/wp.me\/p7Eq1F-hFx","jetpack_sharing_enabled":true,"jetpack_featured_media_url":"https:\/\/i0.wp.com\/guialimeira.com.br\/news\/wp-content\/uploads\/2026\/06\/Parques-estaduais-de-SP-oferecem-programacao-gratuita-durante-o-Corpus.jpg?fit=1024%2C576&ssl=1","_links":{"self":[{"href":"https:\/\/guialimeira.com.br\/news\/wp-json\/wp\/v2\/posts\/67923","targetHints":{"allow":["GET"]}}],"collection":[{"href":"https:\/\/guialimeira.com.br\/news\/wp-json\/wp\/v2\/posts"}],"about":[{"href":"https:\/\/guialimeira.com.br\/news\/wp-json\/wp\/v2\/types\/post"}],"author":[{"embeddable":true,"href":"https:\/\/guialimeira.com.br\/news\/wp-json\/wp\/v2\/users\/1"}],"replies":[{"embeddable":true,"href":"https:\/\/guialimeira.com.br\/news\/wp-json\/wp\/v2\/comments?post=67923"}],"version-history":[{"count":0,"href":"https:\/\/guialimeira.com.br\/news\/wp-json\/wp\/v2\/posts\/67923\/revisions"}],"wp:featuredmedia":[{"embeddable":true,"href":"https:\/\/guialimeira.com.br\/news\/wp-json\/wp\/v2\/media\/67924"}],"wp:attachment":[{"href":"https:\/\/guialimeira.com.br\/news\/wp-json\/wp\/v2\/media?parent=67923"}],"wp:term":[{"taxonomy":"category","embeddable":true,"href":"https:\/\/guialimeira.com.br\/news\/wp-json\/wp\/v2\/categories?post=67923"},{"taxonomy":"post_tag","embeddable":true,"href":"https:\/\/guialimeira.com.br\/news\/wp-json\/wp\/v2\/tags?post=67923"}],"curies":[{"name":"wp","href":"https:\/\/api.w.org\/{rel}","templated":true}]}}