{"id":67918,"date":"2026-06-04T08:13:13","date_gmt":"2026-06-04T11:13:13","guid":{"rendered":"https:\/\/guialimeira.com.br\/segunda-edicao-do-sao-paulo-audiovisual-hub-e-exposicoes-ineditas-sobre-copa-do-mundo-veja-os-destaques-da-agenda-viva-sp\/"},"modified":"2026-06-04T08:13:13","modified_gmt":"2026-06-04T11:13:13","slug":"segunda-edicao-do-sao-paulo-audiovisual-hub-e-exposicoes-ineditas-sobre-copa-do-mundo-veja-os-destaques-da-agenda-viva-sp","status":"publish","type":"post","link":"https:\/\/guialimeira.com.br\/news\/segunda-edicao-do-sao-paulo-audiovisual-hub-e-exposicoes-ineditas-sobre-copa-do-mundo-veja-os-destaques-da-agenda-viva-sp\/","title":{"rendered":"Segunda edi\u00e7\u00e3o do S\u00e3o Paulo Audiovisual Hub e exposi\u00e7\u00f5es in\u00e9ditas sobre Copa do Mundo: veja os destaques da Agenda Viva SP"},"content":{"rendered":"<p> <br \/>\n<br \/><img data-recalc-dims=\"1\" decoding=\"async\" src=\"https:\/\/i0.wp.com\/www.agenciasp.sp.gov.br\/wp-content\/uploads\/2026\/06\/exposicao-multimidia-e-imersiva-revela-a-historia-da-italia-atraves-de-seus-patrimonios-culturais.jpg?w=696&#038;ssl=1\" \/><\/p>\n<div>\n<p class=\"wp-block-paragraph\">A Agenda Viva SP desta semana apresenta uma sele\u00e7\u00e3o de experi\u00eancias culturais que movimentam a programa\u00e7\u00e3o dos espa\u00e7os da\u00a0Secretaria da Cultura, Economia e Ind\u00fastria Criativas do Estado de S\u00e3o Paulo. A programa\u00e7\u00e3o contempla iniciativas gratuitas e acess\u00edveis que valorizam a cultura popular e a arte para toda a fam\u00edlia.<\/p>\n<p>O grande destaque da capital \u00e9 a\u00a0segunda edi\u00e7\u00e3o do<a href=\"https:\/\/www.agenciasp.sp.gov.br\/governo-de-sp-abre-inscricoes-para-o-audiovisual-hub-2026-evento-internacional-do-setor\/\" data-type=\"link\" data-id=\"https:\/\/www.agenciasp.sp.gov.br\/governo-de-sp-abre-inscricoes-para-o-audiovisual-hub-2026-evento-internacional-do-setor\/\" rel=\"noopener\"> S\u00e3o Paulo Audiovisual Hub,<\/a> evento que se consolida como o maior encontro do audiovisual internacional na Am\u00e9rica Latina. Para celebrar e dar visibilidade \u00e0 produ\u00e7\u00e3o cinematogr\u00e1fica, o encontro foca em forma\u00e7\u00e3o, mercado e internacionaliza\u00e7\u00e3o, al\u00e9m de workshops e rodadas de neg\u00f3cios. Com grandes nomes do audiovisual, como o cineasta Daniel Rezende, \u00e9 a oportunidade de encontrar profissionais e entusiastas da \u00e1rea.<\/p>\n<p class=\"wp-block-paragraph\">Para quem busca atividades para entrar no clima da Copa do Mundo, o\u00a0MIS Experience\u00a0inaugura a exposi\u00e7\u00e3o\u00a0<a href=\"https:\/\/www.agenciasp.sp.gov.br\/exposicao-brasil-em-todas-estreia-no-mis-experience-e-faz-imersao-nas-copas-do-mundo\/\" rel=\"noopener\">\u201cBrasil em Todas\u201d<\/a>, uma imers\u00e3o que conta a hist\u00f3ria do Brasil durante as 23 edi\u00e7\u00f5es das Copas do Mundo. Com um acervo in\u00e9dito, a mostra une futebol e tecnologia. A\u00a0Pinacoteca\u00a0recebe a exposi\u00e7\u00e3o\u00a0\u201cPara crian\u00e7as: experi\u00eancias com a arte desde 1968\u201d, uma mostra l\u00fadica inspirada no universo infantil. Criada na Alemanha, a exibi\u00e7\u00e3o tem formato interativo com convites para desenhar, pintar e montar, pensada na rela\u00e7\u00e3o da inf\u00e2ncia com a arte. J\u00e1 na\u00a0F\u00e1brica de Cultura Jardim S\u00e3o Lu\u00eds, a chegada da tradicional\u00a0Festa Junina\u00a0comemora uma das tradi\u00e7\u00f5es mais famosas da cultura brasileira, reunindo comidas t\u00edpicas, m\u00fasica e atividades culturais em um s\u00f3 lugar.<\/p>\n<p class=\"wp-block-paragraph\">No interior, o\u00a0Museu Casa de Portinari\u00a0abre a exposi\u00e7\u00e3o\u00a0\u201cFutebol e Arte\u201d, em Brodowski. Durante os meses de Copa, o p\u00fablico \u00e9 convidado a conhecer mais das obras e do universo de Portinari. Partindo para o litoral sul do Estado,\u00a0Iguape\u00a0recebe duas grandes programa\u00e7\u00f5es: o\u00a0<a href=\"https:\/\/www.agenciasp.sp.gov.br\/revelando-sp-programacao-completa-iguape\/\" data-type=\"link\" data-id=\"https:\/\/www.agenciasp.sp.gov.br\/revelando-sp-programacao-completa-iguape\/\" rel=\"noopener\">Revelando SP<\/a>, festival cultural que celebra e exalta as tradi\u00e7\u00f5es paulistas. E a exibi\u00e7\u00e3o dos jogos do Brasil na\u00a0Copa do Mundo, com um\u00a0Cine Sustent\u00e1vel na F\u00e1brica de Cultura de Iguape.\u00a0<\/p>\n<p class=\"wp-block-paragraph\">Por ser uma plataforma colaborativa, a Agenda Viva SP convida artistas, produtores e institui\u00e7\u00f5es culturais a divulgarem seus eventos gratuitamente em\u00a0<a href=\"https:\/\/agendavivasp.com.br\/\" target=\"_blank\" rel=\"noopener\">https:\/\/agendavivasp.com.br<\/a>.<br \/>\u00a0<br \/>Confira os destaques da semana:<\/p>\n<p class=\"wp-block-paragraph\">Segunda edi\u00e7\u00e3o do SP Audiovisual Hub movimenta o mercado audiovisual nesta semana<\/p>\n<ul class=\"wp-block-list\">\n<li>Onde? FAAP \u2013 Funda\u00e7\u00e3o Armando Alvares Penteado \u2013 R. Alagoas, 903 \u2013 Higien\u00f3polis, S\u00e3o Paulo \u2013 SP, 01242-902<\/li>\n<li>Quando? 8 a 12 de Junho. Segunda a sexta, o dia todo.<\/li>\n<\/ul>\n<p class=\"wp-block-paragraph\">Nesta semana, S\u00e3o Paulo se torna o ponto de encontro do audiovisual com a segunda edi\u00e7\u00e3o do SP Audiovisual Hub. Passando por forma\u00e7\u00e3o t\u00e9cnica, mercado e conex\u00f5es internacionais, o evento convida o p\u00fablico a mergulhar nos rumos da produ\u00e7\u00e3o nacional e internacional atrav\u00e9s de workshops, debates e rodadas de neg\u00f3cios. Com a presen\u00e7a de grandes nomes do setor, como o cineasta brasileiro Daniel Rezende, o encontro \u00e9 uma oportunidade tanto para quem busca conhecer os bastidores da ind\u00fastria, quanto para profissionais que buscam dar visibilidade e impulsionar seus pr\u00f3prios projetos.<\/p>\n<ul class=\"wp-block-list\">\n<li>Entrada Gratuita\u00a0<\/li>\n<li>Classifica\u00e7\u00e3o: Livre<\/li>\n<\/ul>\n<p class=\"wp-block-paragraph\">Revelando SP: Iguape recebe festival que exalta a cultura tradicional paulista<\/p>\n<ul class=\"wp-block-list\">\n<li>Onde? R. Ana C\u00e2ndida Sandoval Trigo, Iguape \u2013 SP, 11920-000, Brasil<\/li>\n<li>Quando? 4 a 7 de Junho. Quinta a domingo, durante todo o dia<\/li>\n<\/ul>\n<p class=\"wp-block-paragraph\">O Revelando SP convida o p\u00fablico a conhecer mais da cultura paulista, dessa vez, em Iguape. O festival promove a cultura tradicional e a economia criativa do Estado, al\u00e9m de reunir culin\u00e1rias t\u00edpicas, m\u00fasicas tradicionais e manifesta\u00e7\u00f5es art\u00edsticas para todos os p\u00fablicos em um s\u00f3 lugar. \u00a0<\/p>\n<ul class=\"wp-block-list\">\n<li>Entrada Gratuita\u00a0<\/li>\n<li>Classifica\u00e7\u00e3o: Livre<\/li>\n<\/ul>\n<p class=\"wp-block-paragraph\">\u201cBrasil em Todas\u201d: Exposi\u00e7\u00e3o in\u00e9dita no MIS Experience conta a hist\u00f3ria da sele\u00e7\u00e3o brasileira nas Copas do Mundo<\/p>\n<ul class=\"wp-block-list\">\n<li>Onde? MIS Experience \u2013 Rua Cenno Sbrighi, 250 \u2013 \u00c1gua Branca, S\u00e3o Paulo \u2013 SP, 05036-050\u00a0<\/li>\n<li>Quando? de 10 de Junho a 02 Agosto. Ter\u00e7a a domingo, 10h \u00e0s 19h<\/li>\n<\/ul>\n<p class=\"wp-block-paragraph\">Com acervo raro e experi\u00eancias tecnol\u00f3gicas, a exposi\u00e7\u00e3o interativa \u201cBrasil em Todas\u201d chega no MIS Experience a partir do dia 10 de Junho. A mostra convida o p\u00fablico a uma imers\u00e3o na trajet\u00f3ria do \u00fanico pa\u00eds a participar de todas as edi\u00e7\u00f5es do torneio e ainda, o maior campe\u00e3o da hist\u00f3ria, com cinco t\u00edtulos conquistados.\u00a0<\/p>\n<ul class=\"wp-block-list\">\n<li>Ingresso: R$ 20 (inteira) e R$ 10 (meia) | Ingresso gratuito: toda ter\u00e7a-feira e para todas as crian\u00e7as at\u00e9 10 anos\u00a0<\/li>\n<li>Classifica\u00e7\u00e3o: Livre\u00a0<\/li>\n<\/ul>\n<p class=\"wp-block-paragraph\">\u201cFutebol e Arte\u201d: Mostra no Museu Casa de Portinari celebra Copa do Mundo<\/p>\n<ul class=\"wp-block-list\">\n<li>Onde? Museu Casa de Portinari \u2013 Pra\u00e7a Candido Portinari, 298 \u2013 Centro, Brodowski \u2013 SP, 14340-019, Brasil\u00a0<\/li>\n<li>Quando? de 9 de Junho a 13 de Julho. De ter\u00e7a a domingo, 9h \u00e0s 17h\u00a0<\/li>\n<\/ul>\n<p class=\"wp-block-paragraph\">Nesta ter\u00e7a-feira, o Museu Casa de Portinari entra em clima de Copa do Mundo com a nova exposi\u00e7\u00e3o \u201cFutebol e Arte\u201d. Passando pela mem\u00f3ria, paix\u00e3o pelo futebol e aprecia\u00e7\u00e3o art\u00edstica, o p\u00fablico \u00e9 convidado a conhecer o quadro em que Portinari retratou a brincadeira em sua inf\u00e2ncia: intitulado \u201cFutebol\u201d, a obra \u00e9 o fio condutor entre a arte e o esporte. A exposi\u00e7\u00e3o ficar\u00e1 em cartaz durante os meses da Copa do Mundo.<\/p>\n<ul class=\"wp-block-list\">\n<li>Entrada Gratuita\u00a0<\/li>\n<li>Classifica\u00e7\u00e3o: Livre\u00a0<\/li>\n<\/ul>\n<p class=\"wp-block-paragraph\">Mem\u00f3rias da inf\u00e2ncia: Nova exposi\u00e7\u00e3o da Pinacoteca une universo infantil com obras interativas\u00a0<\/p>\n<ul class=\"wp-block-list\">\n<li>Onde? Pina Contempor\u00e2nea \u2013 Av. Tiradentes, 273 \u2013 Luz, S\u00e3o Paulo \u2013 SP, 01101-010, Brasil\u00a0\u00a0<\/li>\n<li>Quando? De 30 de Maio \u00e0 18 de Outubro. Segundas, quartas, quintas e sextas, aos s\u00e1bados e domingos, das 10h \u00e0s 18h\u00a0<\/li>\n<\/ul>\n<p class=\"wp-block-paragraph\">A exposi\u00e7\u00e3o \u201cPara crian\u00e7as: experi\u00eancias com a arte desde 1968\u201d chega na Pinacoteca com uma proposta de imers\u00e3o no universo infantil. A mostra conta com obras interativas de artistas brasileiros e internacionais, com foco em atribuir uma nova experi\u00eancia ao visitar o museu. O p\u00fablico \u00e9 convidado a retornar a inf\u00e2ncia com os pequenos, al\u00e9m de pintar, desenhar e interagir ativamente com os elementos da mostra.<\/p>\n<ul class=\"wp-block-list\">\n<li>Ingresso: R$ 40,00 (inteira), R$ 20,00 (meia) | S\u00e1bado e segundo domingo do m\u00eas gratuito<\/li>\n<li>Classifica\u00e7\u00e3o: Livre\u00a0<\/li>\n<\/ul>\n<p class=\"wp-block-paragraph\">Brasil no tel\u00e3o: F\u00e1brica de Cultura de Iguape exibe jogos do Brasil de gra\u00e7a<\/p>\n<ul class=\"wp-block-list\">\n<li>Onde? F\u00e1brica de Cultura 4.0 de Iguape \u2013 Pra\u00e7a Engenheiro Greenghalgh, 01 \u2013 Centro Hist\u00f3rico, Iguape \u2013 SP, 11920-000, Brasil\u00a0<\/li>\n<li>Quando? 13 de Junho, das 19h \u00e0s 21h | 19 de Junho \u00e0s 21h30 | 24 de Junho, das 19h \u00e0s 21h.<\/li>\n<\/ul>\n<p class=\"wp-block-paragraph\">Nos dias em que o Brasil entra em campo, a F\u00e1brica de Cultura de Iguape convida o p\u00fablico a assistir, torcer e viver junto a Copa do Mundo 2026. Com o Cine Sustent\u00e1vel, as exibi\u00e7\u00f5es s\u00e3o gratuitas e ao ar livre, onde a torcida e a cultura popular se encontram para celebrar juntos a paix\u00e3o pelo futebol.\u00a0<\/p>\n<ul class=\"wp-block-list\">\n<li>Entrada Gratuita\u00a0<\/li>\n<li>Classifica\u00e7\u00e3o: Livre\u00a0<\/li>\n<\/ul>\n<p class=\"wp-block-paragraph\">Festa Junina gratuita na F\u00e1brica de Cultura Jardim S\u00e3o Lu\u00eds\u00a0<\/p>\n<ul class=\"wp-block-list\">\n<li>Onde? F\u00e1brica de Cultura Jardim S\u00e3o Luis \u2013 R. Ant\u00f4nio Ramos Rosa, 651 \u2013 Jardim S\u00e3o Lu\u00eds, S\u00e3o Paulo \u2013 SP, 05822-010, Brasil\u00a0<\/li>\n<li>Quando? 13 de Junho. S\u00e1bado, \u00e0s 11h<\/li>\n<\/ul>\n<p class=\"wp-block-paragraph\">Neste s\u00e1bado, a F\u00e1brica de Cultura do Jardim S\u00e3o Lu\u00eds \u00e9 palco para uma tarde repleta de cultura popular. A tradicional festa junina comemora uma das tradi\u00e7\u00f5es mais famosas da cultura brasileira e conta com comidas t\u00edpicas, m\u00fasica caipira e brincadeiras para toda a fam\u00edlia.\u00a0<\/p>\n<ul class=\"wp-block-list\">\n<li>Entrada Gratuita\u00a0<\/li>\n<li>Classifica\u00e7\u00e3o: Livre<\/li>\n<\/ul><\/div>\n<p><br \/>\n<br \/><a href=\"https:\/\/www.agenciasp.sp.gov.br\/segunda-edicao-do-sao-paulo-audiovisual-hub-e-exposicoes-ineditas-sobre-copa-do-mundo-destaques-da-agenda-viva-sp\/\" rel=\"noopener\">Informa\u00e7\u00f5es GOV.SP<\/a><\/p>\n","protected":false},"excerpt":{"rendered":"<p>A Agenda Viva SP desta semana apresenta uma sele\u00e7\u00e3o de experi\u00eancias culturais que movimentam a programa\u00e7\u00e3o dos espa\u00e7os da\u00a0Secretaria da Cultura, Economia e Ind\u00fastria Criativas do Estado de S\u00e3o Paulo. A programa\u00e7\u00e3o contempla iniciativas gratuitas e acess\u00edveis que valorizam a cultura popular e a arte para toda a fam\u00edlia. O grande destaque da capital \u00e9 [&hellip;]<\/p>\n","protected":false},"author":1,"featured_media":67919,"comment_status":"","ping_status":"open","sticky":false,"template":"","format":"standard","meta":{"_jetpack_newsletter_access":"","_jetpack_dont_email_post_to_subs":false,"_jetpack_newsletter_tier_id":0,"_jetpack_memberships_contains_paywalled_content":false,"_mbp_banners":[],"_jetpack_feature_clip_id":0,"_jetpack_memberships_contains_paid_content":false,"footnotes":"","jetpack_publicize_message":"","jetpack_publicize_feature_enabled":true,"jetpack_social_post_already_shared":true,"jetpack_social_options":{"image_generator_settings":{"template":"highway","default_image_id":0,"font":"","enabled":false},"version":2},"jetpack_post_was_ever_published":false},"categories":[21],"tags":[],"class_list":["post-67918","post","type-post","status-publish","format-standard","has-post-thumbnail","category-sp-news"],"jetpack_publicize_connections":[],"jetpack-related-posts":[],"jetpack_shortlink":"https:\/\/wp.me\/p7Eq1F-hFs","jetpack_sharing_enabled":true,"jetpack_featured_media_url":"https:\/\/i0.wp.com\/guialimeira.com.br\/news\/wp-content\/uploads\/2026\/06\/Segunda-edicao-do-Sao-Paulo-Audiovisual-Hub-e-exposicoes-ineditas.jp.jpeg?fit=1920%2C1080&ssl=1","_links":{"self":[{"href":"https:\/\/guialimeira.com.br\/news\/wp-json\/wp\/v2\/posts\/67918","targetHints":{"allow":["GET"]}}],"collection":[{"href":"https:\/\/guialimeira.com.br\/news\/wp-json\/wp\/v2\/posts"}],"about":[{"href":"https:\/\/guialimeira.com.br\/news\/wp-json\/wp\/v2\/types\/post"}],"author":[{"embeddable":true,"href":"https:\/\/guialimeira.com.br\/news\/wp-json\/wp\/v2\/users\/1"}],"replies":[{"embeddable":true,"href":"https:\/\/guialimeira.com.br\/news\/wp-json\/wp\/v2\/comments?post=67918"}],"version-history":[{"count":0,"href":"https:\/\/guialimeira.com.br\/news\/wp-json\/wp\/v2\/posts\/67918\/revisions"}],"wp:featuredmedia":[{"embeddable":true,"href":"https:\/\/guialimeira.com.br\/news\/wp-json\/wp\/v2\/media\/67919"}],"wp:attachment":[{"href":"https:\/\/guialimeira.com.br\/news\/wp-json\/wp\/v2\/media?parent=67918"}],"wp:term":[{"taxonomy":"category","embeddable":true,"href":"https:\/\/guialimeira.com.br\/news\/wp-json\/wp\/v2\/categories?post=67918"},{"taxonomy":"post_tag","embeddable":true,"href":"https:\/\/guialimeira.com.br\/news\/wp-json\/wp\/v2\/tags?post=67918"}],"curies":[{"name":"wp","href":"https:\/\/api.w.org\/{rel}","templated":true}]}}