{"id":67917,"date":"2026-06-04T04:09:22","date_gmt":"2026-06-04T07:09:22","guid":{"rendered":"https:\/\/guialimeira.com.br\/operacao-corpus-christi-reforca-fiscalizacao-nas-rodovias-paulistas-durante-o-feriado\/"},"modified":"2026-06-04T04:09:22","modified_gmt":"2026-06-04T07:09:22","slug":"operacao-corpus-christi-reforca-fiscalizacao-nas-rodovias-paulistas-durante-o-feriado","status":"publish","type":"post","link":"https:\/\/guialimeira.com.br\/news\/operacao-corpus-christi-reforca-fiscalizacao-nas-rodovias-paulistas-durante-o-feriado\/","title":{"rendered":"Opera\u00e7\u00e3o Corpus Christi refor\u00e7a fiscaliza\u00e7\u00e3o nas rodovias paulistas durante o feriado"},"content":{"rendered":"<p> <br \/>\n<br \/><img data-recalc-dims=\"1\" decoding=\"async\" src=\"https:\/\/i0.wp.com\/www.agenciasp.sp.gov.br\/wp-content\/uploads\/2024\/09\/00056473.jpg?w=696&#038;ssl=1\" \/><\/p>\n<div>\n<p class=\"wp-block-paragraph\">O Comando de Policiamento Rodovi\u00e1rio (CPRv), da Pol\u00edcia Militar do Estado de S\u00e3o Paulo, realiza entre esta quarta-feira (3) e domingo (7) a Opera\u00e7\u00e3o Feriado Corpus Christi, com refor\u00e7o no policiamento e intensifica\u00e7\u00e3o das fiscaliza\u00e7\u00f5es nas rodovias estaduais paulistas. A a\u00e7\u00e3o tem como objetivo ampliar a seguran\u00e7a vi\u00e1ria durante o per\u00edodo de feriado prolongado, quando \u00e9 esperado um aumento significativo no fluxo de ve\u00edculos.<\/p>\n<p class=\"wp-block-paragraph\">Cerca de mil policiais militares rodovi\u00e1rios est\u00e3o atuando em pontos estrat\u00e9gicos das rodovias do entorno da Grande S\u00e3o Paulo, do interior e do litoral do estado, incluindo os sistemas Anhanguera-Bandeirantes, Anchieta-Imigrantes, Castello Branco, Raposo Tavares e o Rodoanel.<\/p>\n<p class=\"wp-block-paragraph\"><strong>LEIA TAMB\u00c9M: <\/strong><a href=\"https:\/\/www.agenciasp.sp.gov.br\/motorista-e-preso-com-250-kg-cocaina-fuzil\/\" rel=\"noopener\">Pol\u00edcia de SP prende motorista com 250 kg de pasta base de coca\u00edna e fuzil ap\u00f3s fuga em rodovia<\/a><\/p>\n<p class=\"wp-block-paragraph\">Entre os principais focos da opera\u00e7\u00e3o est\u00e3o a fiscaliza\u00e7\u00e3o do consumo de \u00e1lcool por motoristas, a verifica\u00e7\u00e3o das condi\u00e7\u00f5es dos ve\u00edculos, o uso do cinto de seguran\u00e7a, com aten\u00e7\u00e3o especial \u00e0s cadeirinhas infantis, o combate ao uso indevido do celular ao volante e a conscientiza\u00e7\u00e3o dos motociclistas, considerados mais vulner\u00e1veis nas estat\u00edsticas de acidentes de tr\u00e2nsito.<\/p>\n<p class=\"wp-block-paragraph\">Na Opera\u00e7\u00e3o Corpus Christi de 2025, cerca de 17,6 mil ve\u00edculos foram fiscalizados, incluindo coletivos e ve\u00edculos de carga. Ao longo das a\u00e7\u00f5es, foram registradas 16 mil autua\u00e7\u00f5es por infra\u00e7\u00f5es de tr\u00e2nsito, al\u00e9m da recupera\u00e7\u00e3o de 16 ve\u00edculos, apreens\u00e3o de armas de fogo e da captura de 15 foragidos da Justi\u00e7a.<\/p>\n<h3 class=\"wp-block-heading\">Megaeventos tamb\u00e9m mobilizam refor\u00e7o policial na capital<\/h3>\n<p class=\"wp-block-paragraph\">Al\u00e9m da opera\u00e7\u00e3o nas rodovias, a Secretaria da Seguran\u00e7a P\u00fablica refor\u00e7ar\u00e1 o efetivo para dois grandes eventos que ser\u00e3o realizados na capital paulista durante o per\u00edodo. Em 4 de junho, a Marcha para Jesus vai reunir fi\u00e9is para celebra\u00e7\u00e3o do evento entre a regi\u00e3o central e a Zona Norte da cidade. J\u00e1 no dia 7, acontece a Parada do Orgulho LGBT+ na Avenida Paulista.<\/p>\n<p class=\"wp-block-paragraph\"><strong>LEIA TAMB\u00c9M: <\/strong><a href=\"https:\/\/www.agenciasp.sp.gov.br\/operacao-da-policia-civil-desmonta-rede-de-trafico-de-drogas-em-presidente-epitacio\/\" rel=\"noopener\">Opera\u00e7\u00e3o da Pol\u00edcia Civil desmonta rede de tr\u00e1fico de drogas em Presidente Epit\u00e1cio<\/a><\/p>\n<p class=\"wp-block-paragraph\">Ao todo, mais de 2,1 mil policiais atuar\u00e3o no esquema de seguran\u00e7a dos eventos. A Pol\u00edcia Civil tamb\u00e9m contar\u00e1 com equipes especializadas para a\u00e7\u00f5es preventivas e repressivas, com foco na preven\u00e7\u00e3o de roubos, furtos e outros crimes contra o patrim\u00f4nio.<\/p>\n<\/p><\/div>\n<p><br \/>\n<br \/><a href=\"https:\/\/www.agenciasp.sp.gov.br\/operacao-corpus-christi-reforca-fiscalizacao-nas-rodovias-paulistas-durante-o-feriado\/\" rel=\"noopener\">Informa\u00e7\u00f5es GOV.SP<\/a><\/p>\n","protected":false},"excerpt":{"rendered":"<p>O Comando de Policiamento Rodovi\u00e1rio (CPRv), da Pol\u00edcia Militar do Estado de S\u00e3o Paulo, realiza entre esta quarta-feira (3) e domingo (7) a Opera\u00e7\u00e3o Feriado Corpus Christi, com refor\u00e7o no policiamento e intensifica\u00e7\u00e3o das fiscaliza\u00e7\u00f5es nas rodovias estaduais paulistas. A a\u00e7\u00e3o tem como objetivo ampliar a seguran\u00e7a vi\u00e1ria durante o per\u00edodo de feriado prolongado, quando [&hellip;]<\/p>\n","protected":false},"author":1,"featured_media":51936,"comment_status":"","ping_status":"open","sticky":false,"template":"","format":"standard","meta":{"_jetpack_newsletter_access":"","_jetpack_dont_email_post_to_subs":false,"_jetpack_newsletter_tier_id":0,"_jetpack_memberships_contains_paywalled_content":false,"_mbp_banners":[],"_jetpack_feature_clip_id":0,"_jetpack_memberships_contains_paid_content":false,"footnotes":"","jetpack_publicize_message":"","jetpack_publicize_feature_enabled":true,"jetpack_social_post_already_shared":true,"jetpack_social_options":{"image_generator_settings":{"template":"highway","default_image_id":0,"font":"","enabled":false},"version":2},"jetpack_post_was_ever_published":false},"categories":[21],"tags":[],"class_list":["post-67917","post","type-post","status-publish","format-standard","has-post-thumbnail","category-sp-news"],"jetpack_publicize_connections":[],"jetpack-related-posts":[],"jetpack_shortlink":"https:\/\/wp.me\/p7Eq1F-hFr","jetpack_sharing_enabled":true,"jetpack_featured_media_url":"https:\/\/i0.wp.com\/guialimeira.com.br\/news\/wp-content\/uploads\/2025\/12\/Roubo-de-carga-registra-o-menor-indice-desde-2001-no.jpg?fit=1420%2C941&ssl=1","_links":{"self":[{"href":"https:\/\/guialimeira.com.br\/news\/wp-json\/wp\/v2\/posts\/67917","targetHints":{"allow":["GET"]}}],"collection":[{"href":"https:\/\/guialimeira.com.br\/news\/wp-json\/wp\/v2\/posts"}],"about":[{"href":"https:\/\/guialimeira.com.br\/news\/wp-json\/wp\/v2\/types\/post"}],"author":[{"embeddable":true,"href":"https:\/\/guialimeira.com.br\/news\/wp-json\/wp\/v2\/users\/1"}],"replies":[{"embeddable":true,"href":"https:\/\/guialimeira.com.br\/news\/wp-json\/wp\/v2\/comments?post=67917"}],"version-history":[{"count":0,"href":"https:\/\/guialimeira.com.br\/news\/wp-json\/wp\/v2\/posts\/67917\/revisions"}],"wp:featuredmedia":[{"embeddable":true,"href":"https:\/\/guialimeira.com.br\/news\/wp-json\/wp\/v2\/media\/51936"}],"wp:attachment":[{"href":"https:\/\/guialimeira.com.br\/news\/wp-json\/wp\/v2\/media?parent=67917"}],"wp:term":[{"taxonomy":"category","embeddable":true,"href":"https:\/\/guialimeira.com.br\/news\/wp-json\/wp\/v2\/categories?post=67917"},{"taxonomy":"post_tag","embeddable":true,"href":"https:\/\/guialimeira.com.br\/news\/wp-json\/wp\/v2\/tags?post=67917"}],"curies":[{"name":"wp","href":"https:\/\/api.w.org\/{rel}","templated":true}]}}