{"id":67909,"date":"2026-06-04T02:06:54","date_gmt":"2026-06-04T05:06:54","guid":{"rendered":"https:\/\/guialimeira.com.br\/feirao-casa-paulista-mais-de-r-374-milhoes-sao-liberados-para-apoiar-familias-na-compra-do-primeiro-imovel\/"},"modified":"2026-06-04T02:06:54","modified_gmt":"2026-06-04T05:06:54","slug":"feirao-casa-paulista-mais-de-r-374-milhoes-sao-liberados-para-apoiar-familias-na-compra-do-primeiro-imovel","status":"publish","type":"post","link":"https:\/\/guialimeira.com.br\/news\/feirao-casa-paulista-mais-de-r-374-milhoes-sao-liberados-para-apoiar-familias-na-compra-do-primeiro-imovel\/","title":{"rendered":"Feir\u00e3o Casa Paulista: mais de R$ 37,4 milh\u00f5es s\u00e3o liberados para apoiar fam\u00edlias na compra do primeiro im\u00f3vel"},"content":{"rendered":"<p> <br \/>\n<br \/><img data-recalc-dims=\"1\" decoding=\"async\" src=\"https:\/\/i0.wp.com\/www.agenciasp.sp.gov.br\/wp-content\/uploads\/2025\/11\/Feirao-Casa-Paulista.jpg?w=696&#038;ssl=1\" \/><\/p>\n<div>\n<p class=\"wp-block-paragraph\">O programa Casa Paulista liberou mais de R$ 37,4 milh\u00f5es para apoiar fam\u00edlias de baixa renda a realizarem o sonho da casa pr\u00f3pria. O subs\u00eddio foi disponibilizado em mais uma edi\u00e7\u00e3o do Feir\u00e3o Casa Paulista, que acontece at\u00e9 o dia 10 de junho, em nove regi\u00f5es do territ\u00f3rio paulista.<\/p>\n<p class=\"wp-block-paragraph\">As cartas ser\u00e3o disponibilizadas a fundo perdido para que as fam\u00edlias comprem seu primeiro im\u00f3vel em mais de 140 empreendimentos das construtoras que participar\u00e3o do feir\u00e3o, distribu\u00eddos entre S\u00e3o Paulo (1.869), Suzano (28), Osasco (2), Itaquaquecetuba (2), Ara\u00e7atuba (30), Araraquara (18), S\u00e3o Jos\u00e9 dos Campos (29), Taubat\u00e9 (54), Trememb\u00e9 (2), Itapira (100), Campinas (37), Ribeir\u00e3o Preto (91), Mar\u00edlia (19), S\u00e3o Jos\u00e9 do Rio Preto (100), B\u00e1lsamo (24), Botucatu (66), Itu (1), Sorocaba (26) e Votorantim (2).<\/p>\n<p class=\"wp-block-paragraph\"><strong>LEIA TAMB\u00c9M: <\/strong><a href=\"https:\/\/www.agenciasp.sp.gov.br\/abre-e-fecha-de-corpus-christi-confira-o-funcionamento-dos-servicos-estaduais\/\" rel=\"noopener\">Abre e fecha de Corpus Christi: confira o funcionamento dos servi\u00e7os estaduais<\/a><\/p>\n<h3 class=\"wp-block-heading\">Regras para acessar as Cartas de Cr\u00e9dito Imobili\u00e1rio<\/h3>\n<p class=\"wp-block-paragraph\">Para participar, \u00e9 necess\u00e1rio atender aos requisitos do programa Casa Paulista \u2013 Carta de Cr\u00e9dito Imobili\u00e1rio:<\/p>\n<ul class=\"wp-block-list\">\n<li>Possuir renda familiar de at\u00e9 tr\u00eas sal\u00e1rios m\u00ednimos;<\/li>\n<li>N\u00e3o possuir im\u00f3vel no pr\u00f3prio nome;<\/li>\n<li>N\u00e3o ter financiamento imobili\u00e1rio ativo;<\/li>\n<li>N\u00e3o ter sido beneficiado por outro programa habitacional.<\/li>\n<\/ul>\n<p class=\"wp-block-paragraph\">O evento segue as regras estabelecidas na resolu\u00e7\u00e3o publicada em 1\u00ba de setembro. Os feir\u00f5es s\u00e3o organizados por entidades proponentes, que podem ser prefeituras, associa\u00e7\u00f5es do setor habitacional ou empresas (individualmente ou em cons\u00f3rcios). Os interessados devem encaminhar o Termo de Ades\u00e3o para a SDUH, exclusivamente pelo e-mail: <a href=\"https:\/\/www.agenciasp.sp.gov.br\/feirao-casa-paulista-mais-de-r-374-milhoes-sao-liberados-para-apoiar-familias-na-compra-do-primeiro-imovel\/mailto:feirao@casapaulista.sp.gov.br\" rel=\"noopener\">feirao@casapaulista.sp.gov.br<\/a>.<\/p>\n<h3 class=\"wp-block-heading\">Crit\u00e9rios e funcionamento<\/h3>\n<p class=\"wp-block-paragraph\">Durante o Feir\u00e3o, as construtoras poder\u00e3o ofertar im\u00f3veis de empreendimentos j\u00e1 cadastrados anteriormente no programa e tamb\u00e9m novos projetos que recebem aporte pontual apenas para o evento, desde que atendam aos crit\u00e9rios do Casa Paulista. Em todos os casos, os empreendimentos devem estar contratados junto \u00e0 Caixa Econ\u00f4mica Federal, agente operador do programa, com financiamento por meio do FGTS.<\/p>\n<p class=\"wp-block-paragraph\">Encerradas as atividades do Feir\u00e3o, as empresas participantes ter\u00e3o at\u00e9 cinco dias \u00fateis para encaminhar \u00e0 SDUH um relat\u00f3rio detalhado com as fam\u00edlias atendidas e as unidades comercializadas. A partir dessas informa\u00e7\u00f5es, ser\u00e1 poss\u00edvel autorizar a utiliza\u00e7\u00e3o dos recursos e liberar os subs\u00eddios. Para empreendimentos ainda n\u00e3o cadastrados, a emiss\u00e3o poder\u00e1 ocorrer em at\u00e9 dez dias \u00fateis ap\u00f3s a regulariza\u00e7\u00e3o no sistema.<\/p>\n<p class=\"wp-block-paragraph\">Com os Feir\u00f5es Casa Paulista, a Secretaria de Desenvolvimento Urbano e Habita\u00e7\u00e3o amplia as oportunidades de acesso \u00e0 moradia digna, ao mesmo tempo em que estimula o setor da constru\u00e7\u00e3o civil, em parceria com munic\u00edpios, empresas e entidades do setor habitacional.<\/p>\n<p class=\"wp-block-paragraph\"><strong>LEIA TAMB\u00c9M: <\/strong><a href=\"https:\/\/www.agenciasp.sp.gov.br\/veja-as-cidades-campeas-de-emprego-no-estado-de-sp-em-abril-e-no-quadrimestre\/\" rel=\"noopener\">Veja as cidades campe\u00e3s de emprego no estado de SP em abril e no quadrimestre<\/a><\/p>\n<h3 class=\"wp-block-heading\">Impacto do programa<\/h3>\n<p class=\"wp-block-paragraph\">Desde 2023, o programa Casa Paulista entregou no Estado de S\u00e3o Paulo mais de 49,8 mil unidades habitacionais pela modalidade Carta de Cr\u00e9dito Imobili\u00e1rio, com investimento de R$ 609 milh\u00f5es. Outras 67 mil unidades est\u00e3o em constru\u00e7\u00e3o, sob aporte de R$ 853 milh\u00f5es.<\/p>\n<p class=\"wp-block-paragraph\">Os subs\u00eddios demonstram o compromisso do Governo de S\u00e3o Paulo em ampliar o atendimento habitacional e priorizar as fam\u00edlias que mais necessitam de apoio do Estado. Levantamento da SDUH mostra que, em empreendimentos participantes do programa, a renda m\u00e9dia das fam\u00edlias beneficiadas com os subs\u00eddios estaduais \u00e9 de R$ 2,8 mil, equivalentes a 1,87 sal\u00e1rio m\u00ednimo em 2025. Nos mesmos empreendimentos, a renda m\u00e9dia dos compradores que n\u00e3o utilizam o cheque do Casa Paulista \u00e9 de R$ 5,2 mil (3,44 sal\u00e1rios m\u00ednimos), evidenciando o impacto social do benef\u00edcio.<\/p>\n<p class=\"wp-block-paragraph\">Confira as cidades, as datas e os endere\u00e7os dos pontos de atendimento do Feir\u00e3o Casa Paulista:<\/p>\n<h3 class=\"wp-block-heading\">REGI\u00c3O METROPOLITANA DE S\u00c3O PAULO<\/h3>\n<h4 class=\"wp-block-heading\">S\u00e3o Paulo<\/h4>\n<p class=\"wp-block-paragraph\">Endere\u00e7o 1 \u2013 Avenida Carlos Liviero, 830, Sacom\u00e3<br \/>Atendimento entre os dias 4 e 6 de junho, das 9h \u00e0s 18h<\/p>\n<p class=\"wp-block-paragraph\">Endere\u00e7o 2 \u2013 Av Miguel Inacio Curi, 111<br \/>Atendimento entre os dias 4 e 6 de junho, das 9h \u00e0s 18h<\/p>\n<p class=\"wp-block-paragraph\">Endere\u00e7o 3 \u2013 Av Miguel Yunes, 1067, Usina Piratininga<br \/>Atendimento entre os dias 4 e 6 de junho, das 9h \u00e0s 18h<\/p>\n<p class=\"wp-block-paragraph\">Endere\u00e7o 4 \u2013 Av Raimundo Pereira De Magalh\u00e3es, 7395, Pirituba<br \/>Atendimento entre os dias 4 e 6 de junho, das 9h \u00e0s 18h<\/p>\n<p class=\"wp-block-paragraph\">Endere\u00e7o 5 \u2013 Rua Andr\u00e9 De Almeida, 2375, S\u00e3o Mateus<br \/>Atendimento entre os dias 4 e 6 de junho, das 9h \u00e0s 18h<\/p>\n<p class=\"wp-block-paragraph\">Endere\u00e7o 6 \u2013 Rua Barros Cassal, 170, centro de Itaquera<br \/>Atendimento entre os dias 4 e 6 de junho, das 9h \u00e0s 18h<\/p>\n<p class=\"wp-block-paragraph\">Endere\u00e7o 7 \u2013 Rua Carm\u00e9lia Morano 153, Jardim Arpoador<br \/>Atendimento entre os dias 4 e 6, das 9h \u00e0s 18h. Neste posto de atendimento tamb\u00e9m ser\u00e3o comercializadas unidades habitacionais em Osasco<\/p>\n<p class=\"wp-block-paragraph\">Endere\u00e7o 8 \u2013 Avenida Jacu P\u00eassego (esquina com a Rua Agrimensor Sugaya, 7)<br \/>Atendimento nos dias 6 e 7 de junho, das 9h \u00e0s 20h<\/p>\n<p class=\"wp-block-paragraph\">Endere\u00e7o 9 \u2013 Avenida Marechal Tito, 1533, S\u00e3o Miguel<br \/>Atendimento nos dias 6 e 7 de junho, das 9h \u00e0s 20h<\/p>\n<h4 class=\"wp-block-heading\">Po\u00e1<\/h4>\n<p class=\"wp-block-paragraph\">Avenida Vital Brasil, 35<br \/>Atendimento entre os dias 4 e 6 de junho, das 9h \u00e0s 18h. Neste posto de atendimento ser\u00e3o comercializadas unidades habitacionais em Suzano e Itaquaquecetuba<\/p>\n<h3 class=\"wp-block-heading\">RA ARA\u00c7ATUBA<\/h3>\n<h4 class=\"wp-block-heading\">Ara\u00e7atuba<\/h4>\n<p class=\"wp-block-paragraph\">Avenida Jos\u00e9 Ferreira Batista, 3335<br \/>Atendimento entre os dias 4 e 6 de junho, das 8h \u00e0s 18h<\/p>\n<h3 class=\"wp-block-heading\">RA CENTRAL<\/h3>\n<h4 class=\"wp-block-heading\">Araraquara<\/h4>\n<p class=\"wp-block-paragraph\">Alameda Paulista, 2204<br \/>Atendimento entre os dias 4 e 6 de junho, das 8h \u00e0s 18h<\/p>\n<h3 class=\"wp-block-heading\">RA S\u00c3O JOS\u00c9 DOS CAMPOS<\/h3>\n<h4 class=\"wp-block-heading\">S\u00e3o Jos\u00e9 dos Campos<\/h4>\n<p class=\"wp-block-paragraph\">Endere\u00e7o 1 \u2013 Avenida Const\u00e2ncia da Cunha Paiva, 158, Jardim Santa In\u00eas 2<br \/>Atendimento entre os dias 4 e 6 de junho, das 9h \u00e0s 18h<\/p>\n<p class=\"wp-block-paragraph\">Endere\u00e7o 1 \u2013 Rua Jo\u00e3o Ad\u00e3o, 481, Gazzo<br \/>Atendimento entre os dias 4 e 6 de junho, das 9h \u00e0s 18h<\/p>\n<h4 class=\"wp-block-heading\">Taubat\u00e9<\/h4>\n<p class=\"wp-block-paragraph\">Parque Doutor Barbosa de Oliveira 101, Centro<br \/>Atendimento entre os dias 4 e 6 de junho, das 9h \u00e0s 18h. Neste posto de atendimento tamb\u00e9m ser\u00e3o ofertadas cartas de cr\u00e9dito para empreendimentos em Trememb\u00e9<\/p>\n<h3 class=\"wp-block-heading\">RA CAMPINAS<\/h3>\n<h4 class=\"wp-block-heading\">Itapira<\/h4>\n<p class=\"wp-block-paragraph\">Avenida Dois, s\/n \u2013 Jardim Tibiri\u00e7a<br \/>Atendimento nos dias 6 e 7 de junho, das 9h \u00e0s 17h<\/p>\n<h4 class=\"wp-block-heading\">Campinas<\/h4>\n<p class=\"wp-block-paragraph\">Avenida Brasil, 228<br \/>Atendimento entre os dias 4 e 6 de junho, das 8h \u00e0s 18h<\/p>\n<h3 class=\"wp-block-heading\">RA RIBEIR\u00c3O PRETO<\/h3>\n<h4 class=\"wp-block-heading\">Ribeir\u00e3o Preto<\/h4>\n<p class=\"wp-block-paragraph\">Avenida Presidente Vargas, 2035<br \/>Atendimento entre os dias 4 e 6 de junho, das 8h \u00e0s 18h<\/p>\n<h3 class=\"wp-block-heading\">RA MAR\u00cdLIA<\/h3>\n<h4 class=\"wp-block-heading\">Mar\u00edlia<\/h4>\n<p class=\"wp-block-paragraph\">Avenida Jo\u00e3o Ramalho, 2109<br \/>Atendimento entre os dias 4 e 6 de junho, das 8h \u00e0s 18h<\/p>\n<h3 class=\"wp-block-heading\">RA S\u00c3O JOS\u00c9 DO RIO PRETO<\/h3>\n<h4 class=\"wp-block-heading\">S\u00e3o Jos\u00e9 do Rio Preto<\/h4>\n<p class=\"wp-block-paragraph\">Rua Alberto Bechara Hage, 394<br \/>Atendimento entre os dias 4 e 6 de junho, das 8h \u00e0s 18h<\/p>\n<h4 class=\"wp-block-heading\">B\u00e1lsamo<\/h4>\n<p class=\"wp-block-paragraph\">Rua Louren\u00e7a Diogo Ayala, 344<br \/>Atendimento entre os dias 1 e 10 de junho, das 9h \u00e0s 19h<\/p>\n<h3 class=\"wp-block-heading\">RA SOROCABA<\/h3>\n<h4 class=\"wp-block-heading\">Botucatu<\/h4>\n<p class=\"wp-block-paragraph\">Rua Jos\u00e9 Vitoriano Villas Boas, 228<br \/>Atendimento entre os dias 4 e 6 de junho, das 8h \u00e0s 18h<\/p>\n<h4 class=\"wp-block-heading\">Itu<\/h4>\n<p class=\"wp-block-paragraph\">Rua Arquiteto Jo\u00e3o Marcio de Arruda, 207<br \/>Atendimento entre os dias 4 e 6 de junho, das 8h \u00e0s 18h<\/p>\n<h4 class=\"wp-block-heading\">Sorocaba<\/h4>\n<p class=\"wp-block-paragraph\">Avenida Doutor Afonso Vergueiro, 2504<br \/>Atendimento entre os dias 4 e 6 de junho, das 8h \u00e0s 18h<\/p>\n<h4 class=\"wp-block-heading\">Votorantim<\/h4>\n<p class=\"wp-block-paragraph\">Avenida Doutor Afonso Vergueiro, 2504<br \/>Atendimento entre os dias 4 e 6 de junho, das 8h \u00e0s 18h<\/p>\n<h3 class=\"wp-block-heading\">Oportunidade continuada<\/h3>\n<p class=\"wp-block-paragraph\">Nos munic\u00edpios de Itapetininga e S\u00e3o Jos\u00e9 do Rio Preto est\u00e3o em andamento, desde o dia 29 de maio at\u00e9 o dia 7 de junho, feir\u00f5es com disponibiliza\u00e7\u00e3o de mais de 200 cheques da modalidade CCI. Confira os endere\u00e7os e hor\u00e1rios:<\/p>\n<h3 class=\"wp-block-heading\">Regi\u00e3o Administrativa de S\u00e3o Jos\u00e9 do Rio Preto<\/h3>\n<p class=\"wp-block-paragraph\">S\u00e3o Jos\u00e9 do Rio Preto \u2013 Avenida Doutor Alberto Andal\u00f3, 3661, Vila Fioresi<br \/>Atendimento entre os dias 30 de maio e 7 de junho, das 9h \u00e0s 19h, comercializando empreendimentos tamb\u00e9m do munic\u00edpio de Mirassol<\/p>\n<h3 class=\"wp-block-heading\">Regi\u00e3o Administrativa de Sorocaba<\/h3>\n<p class=\"wp-block-paragraph\">Itapetininga \u2013 Rua Major Fonseca, 41, Centro<br \/>Atendimento entre os dias 29 de maio e 7 de junho, das 9h \u00e0s 19h<\/p>\n<\/p><\/div>\n<p><br \/>\n<br \/><a href=\"https:\/\/www.agenciasp.sp.gov.br\/feirao-casa-paulista-mais-de-r-374-milhoes-sao-liberados-para-apoiar-familias-na-compra-do-primeiro-imovel\/\" rel=\"noopener\">Informa\u00e7\u00f5es GOV.SP<\/a><\/p>\n","protected":false},"excerpt":{"rendered":"<p>O programa Casa Paulista liberou mais de R$ 37,4 milh\u00f5es para apoiar fam\u00edlias de baixa renda a realizarem o sonho da casa pr\u00f3pria. O subs\u00eddio foi disponibilizado em mais uma edi\u00e7\u00e3o do Feir\u00e3o Casa Paulista, que acontece at\u00e9 o dia 10 de junho, em nove regi\u00f5es do territ\u00f3rio paulista. As cartas ser\u00e3o disponibilizadas a fundo [&hellip;]<\/p>\n","protected":false},"author":1,"featured_media":50193,"comment_status":"","ping_status":"open","sticky":false,"template":"","format":"standard","meta":{"_jetpack_newsletter_access":"","_jetpack_dont_email_post_to_subs":false,"_jetpack_newsletter_tier_id":0,"_jetpack_memberships_contains_paywalled_content":false,"_mbp_banners":[],"_jetpack_feature_clip_id":0,"_jetpack_memberships_contains_paid_content":false,"footnotes":"","jetpack_publicize_message":"","jetpack_publicize_feature_enabled":true,"jetpack_social_post_already_shared":true,"jetpack_social_options":{"image_generator_settings":{"template":"highway","default_image_id":0,"font":"","enabled":false},"version":2},"jetpack_post_was_ever_published":false},"categories":[21],"tags":[],"class_list":["post-67909","post","type-post","status-publish","format-standard","has-post-thumbnail","category-sp-news"],"jetpack_publicize_connections":[],"jetpack-related-posts":[],"jetpack_shortlink":"https:\/\/wp.me\/p7Eq1F-hFj","jetpack_sharing_enabled":true,"jetpack_featured_media_url":"https:\/\/i0.wp.com\/guialimeira.com.br\/news\/wp-content\/uploads\/2025\/11\/Feirao-Casa-Paulista-oferece-R-77-milhoes-em-subsidios-para.jpg?fit=1600%2C1066&ssl=1","_links":{"self":[{"href":"https:\/\/guialimeira.com.br\/news\/wp-json\/wp\/v2\/posts\/67909","targetHints":{"allow":["GET"]}}],"collection":[{"href":"https:\/\/guialimeira.com.br\/news\/wp-json\/wp\/v2\/posts"}],"about":[{"href":"https:\/\/guialimeira.com.br\/news\/wp-json\/wp\/v2\/types\/post"}],"author":[{"embeddable":true,"href":"https:\/\/guialimeira.com.br\/news\/wp-json\/wp\/v2\/users\/1"}],"replies":[{"embeddable":true,"href":"https:\/\/guialimeira.com.br\/news\/wp-json\/wp\/v2\/comments?post=67909"}],"version-history":[{"count":0,"href":"https:\/\/guialimeira.com.br\/news\/wp-json\/wp\/v2\/posts\/67909\/revisions"}],"wp:featuredmedia":[{"embeddable":true,"href":"https:\/\/guialimeira.com.br\/news\/wp-json\/wp\/v2\/media\/50193"}],"wp:attachment":[{"href":"https:\/\/guialimeira.com.br\/news\/wp-json\/wp\/v2\/media?parent=67909"}],"wp:term":[{"taxonomy":"category","embeddable":true,"href":"https:\/\/guialimeira.com.br\/news\/wp-json\/wp\/v2\/categories?post=67909"},{"taxonomy":"post_tag","embeddable":true,"href":"https:\/\/guialimeira.com.br\/news\/wp-json\/wp\/v2\/tags?post=67909"}],"curies":[{"name":"wp","href":"https:\/\/api.w.org\/{rel}","templated":true}]}}