{"id":67903,"date":"2026-06-04T01:05:49","date_gmt":"2026-06-04T04:05:49","guid":{"rendered":"https:\/\/guialimeira.com.br\/governo-do-estado-de-sao-paulo-entrega-unidade-do-bom-prato-movel-em-ribeirao-preto\/"},"modified":"2026-06-04T01:05:49","modified_gmt":"2026-06-04T04:05:49","slug":"governo-do-estado-de-sao-paulo-entrega-unidade-do-bom-prato-movel-em-ribeirao-preto","status":"publish","type":"post","link":"https:\/\/guialimeira.com.br\/news\/governo-do-estado-de-sao-paulo-entrega-unidade-do-bom-prato-movel-em-ribeirao-preto\/","title":{"rendered":"Governo do Estado de S\u00e3o Paulo entrega unidade do Bom Prato M\u00f3vel em Ribeir\u00e3o Preto"},"content":{"rendered":"<p> <br \/>\n<br \/><img data-recalc-dims=\"1\" decoding=\"async\" src=\"https:\/\/i0.wp.com\/www.agenciasp.sp.gov.br\/wp-content\/uploads\/2026\/05\/WhatsApp-Image-2026-05-21-at-14.00.39.jpeg?w=696&#038;ssl=1\" \/><\/p>\n<div>\n<p class=\"wp-block-paragraph\">O munic\u00edpio de Ribeir\u00e3o Preto vai contar, a partir desta segunda-feira (8), com uma unidade m\u00f3vel do Programa Bom Prato. A entrega \u00e9 resultado do investimento do Governo do Estado de S\u00e3o Paulo, por meio da Secretaria de Desenvolvimento Social (SEDS), no combate \u00e0 fome e \u00e0 vulnerabilidade social no territ\u00f3rio paulista.<\/p>\n<p class=\"wp-block-paragraph\">Com capacidade para 300 refei\u00e7\u00f5es di\u00e1rias, a unidade atender\u00e1 durante os pr\u00f3ximos quatro meses na Rua Edite Augusto Rezende, 1.139, no Parque Ribeir\u00e3o Preto. O funcionamento ser\u00e1 de segunda a sexta-feira, a partir das 11h. As refei\u00e7\u00f5es custam R$ 1, valor simb\u00f3lico mantido desde o in\u00edcio do programa, h\u00e1 25 anos. Para a implementa\u00e7\u00e3o, foram investidos cerca de R$ 31,9 mil.<\/p>\n<p class=\"wp-block-paragraph\"><strong>LEIA TAMB\u00c9M: <\/strong><a href=\"https:\/\/www.agenciasp.sp.gov.br\/tarifa-social-paulista-numero-de-beneficiarios-chega-a-crescer-mais-de-10-vezes-em-cidades-de-sp\/\" rel=\"noopener\">Tarifa Social Paulista: n\u00famero de benefici\u00e1rios chega a crescer mais de 10 vezes em cidades de SP<\/a><\/p>\n<p class=\"wp-block-paragraph\">\u201cCom a entrega desta nova unidade m\u00f3vel, o Programa Bom Prato vai conseguir alcan\u00e7ar ainda mais pessoas em situa\u00e7\u00e3o de vulnerabilidade social, ampliando o acesso \u00e0 alimenta\u00e7\u00e3o de qualidade a pre\u00e7o acess\u00edvel\u201d, destaca Rita Dalmaso, respons\u00e1vel pela Diretoria de Combate \u00e0 Fome (DICOF).<\/p>\n<p class=\"wp-block-paragraph\">O Bom Prato M\u00f3vel \u00e9 um caminh\u00e3o do tipo Ve\u00edculo Urbano de Carga (VUC), equipado para garantir a qualidade das refei\u00e7\u00f5es durante o transporte da unidade fixa at\u00e9 o ponto de atendimento.<\/p>\n<p class=\"wp-block-paragraph\">Ribeir\u00e3o Preto j\u00e1 conta com duas unidades fixas do Programa Bom Prato. Com a amplia\u00e7\u00e3o promovida pela unidade m\u00f3vel, as tr\u00eas unidades passam a servir, diariamente, 4,3 mil refei\u00e7\u00f5es \u00e0 popula\u00e7\u00e3o em situa\u00e7\u00e3o de vulnerabilidade social da regi\u00e3o.<\/p>\n<h3 class=\"wp-block-heading\">Avan\u00e7o na seguran\u00e7a alimentar<\/h3>\n<p class=\"wp-block-paragraph\">O programa conta atualmente com 71 unidades fixas, quatro refeit\u00f3rios e 48 caminh\u00f5es que atendem a 53 pontos do Bom Prato M\u00f3vel, totalizando 127 localidades em 42 munic\u00edpios. Somente nesta gest\u00e3o, foram entregues 25 novas unidades: 21 caminh\u00f5es e quatro refeit\u00f3rios.<\/p>\n<p class=\"wp-block-paragraph\"><strong>LEIA TAMB\u00c9M: <\/strong><a href=\"https:\/\/www.agenciasp.sp.gov.br\/da-doacao-a-entrega-como-a-campanha-do-agasalho-distribui-itens-em-todo-o-estado\/\" rel=\"noopener\">Da doa\u00e7\u00e3o \u00e0 entrega: como a Campanha do Agasalho distribui itens em todo o estado<\/a><\/p>\n<p class=\"wp-block-paragraph\">A alimenta\u00e7\u00e3o oferecida no Bom Prato \u00e9 subsidiada pelo Governo do Estado de S\u00e3o Paulo. As refei\u00e7\u00f5es s\u00e3o balanceadas e incluem, al\u00e9m de arroz e feij\u00e3o, uma guarni\u00e7\u00e3o, uma prote\u00edna e uma fruta: tudo por R$ 1.<\/p>\n<p class=\"wp-block-paragraph\">Em alguns pontos de atendimento tamb\u00e9m s\u00e3o servidos jantar, pelo mesmo pre\u00e7o do almo\u00e7o, e caf\u00e9 da manh\u00e3, a R$ 0,50. Os pontos podem ser consultados na p\u00e1gina do programa: <a href=\"https:\/\/www.desenvolvimentosocial.sp.gov.br\/sec_desenvolv_social\/programas%20estaduais\/bom%20prato\" target=\"_blank\" rel=\"noopener\">https:\/\/www.desenvolvimentosocial.sp.gov.br\/sec_desenvolv_social\/programas%20estaduais\/bom%20prato<\/a>.<\/p>\n<\/p><\/div>\n<p><br \/>\n<br \/><a href=\"https:\/\/www.agenciasp.sp.gov.br\/governo-do-estado-de-sao-paulo-entrega-unidade-do-bom-prato-movel-em-ribeirao-preto\/\" rel=\"noopener\">Informa\u00e7\u00f5es GOV.SP<\/a><\/p>\n","protected":false},"excerpt":{"rendered":"<p>O munic\u00edpio de Ribeir\u00e3o Preto vai contar, a partir desta segunda-feira (8), com uma unidade m\u00f3vel do Programa Bom Prato. A entrega \u00e9 resultado do investimento do Governo do Estado de S\u00e3o Paulo, por meio da Secretaria de Desenvolvimento Social (SEDS), no combate \u00e0 fome e \u00e0 vulnerabilidade social no territ\u00f3rio paulista. Com capacidade para [&hellip;]<\/p>\n","protected":false},"author":1,"featured_media":67904,"comment_status":"","ping_status":"open","sticky":false,"template":"","format":"standard","meta":{"_jetpack_newsletter_access":"","_jetpack_dont_email_post_to_subs":false,"_jetpack_newsletter_tier_id":0,"_jetpack_memberships_contains_paywalled_content":false,"_mbp_banners":[],"_jetpack_feature_clip_id":0,"_jetpack_memberships_contains_paid_content":false,"footnotes":"","jetpack_publicize_message":"","jetpack_publicize_feature_enabled":true,"jetpack_social_post_already_shared":true,"jetpack_social_options":{"image_generator_settings":{"template":"highway","default_image_id":0,"font":"","enabled":false},"version":2},"jetpack_post_was_ever_published":false},"categories":[21],"tags":[],"class_list":["post-67903","post","type-post","status-publish","format-standard","has-post-thumbnail","category-sp-news"],"jetpack_publicize_connections":[],"jetpack-related-posts":[],"jetpack_shortlink":"https:\/\/wp.me\/p7Eq1F-hFd","jetpack_sharing_enabled":true,"jetpack_featured_media_url":"https:\/\/i0.wp.com\/guialimeira.com.br\/news\/wp-content\/uploads\/2026\/06\/Governo-do-Estado-de-Sao-Paulo-entrega-unidade-do-Bom.jpeg?fit=1280%2C814&ssl=1","_links":{"self":[{"href":"https:\/\/guialimeira.com.br\/news\/wp-json\/wp\/v2\/posts\/67903","targetHints":{"allow":["GET"]}}],"collection":[{"href":"https:\/\/guialimeira.com.br\/news\/wp-json\/wp\/v2\/posts"}],"about":[{"href":"https:\/\/guialimeira.com.br\/news\/wp-json\/wp\/v2\/types\/post"}],"author":[{"embeddable":true,"href":"https:\/\/guialimeira.com.br\/news\/wp-json\/wp\/v2\/users\/1"}],"replies":[{"embeddable":true,"href":"https:\/\/guialimeira.com.br\/news\/wp-json\/wp\/v2\/comments?post=67903"}],"version-history":[{"count":0,"href":"https:\/\/guialimeira.com.br\/news\/wp-json\/wp\/v2\/posts\/67903\/revisions"}],"wp:featuredmedia":[{"embeddable":true,"href":"https:\/\/guialimeira.com.br\/news\/wp-json\/wp\/v2\/media\/67904"}],"wp:attachment":[{"href":"https:\/\/guialimeira.com.br\/news\/wp-json\/wp\/v2\/media?parent=67903"}],"wp:term":[{"taxonomy":"category","embeddable":true,"href":"https:\/\/guialimeira.com.br\/news\/wp-json\/wp\/v2\/categories?post=67903"},{"taxonomy":"post_tag","embeddable":true,"href":"https:\/\/guialimeira.com.br\/news\/wp-json\/wp\/v2\/tags?post=67903"}],"curies":[{"name":"wp","href":"https:\/\/api.w.org\/{rel}","templated":true}]}}