{"id":67893,"date":"2026-06-03T22:01:11","date_gmt":"2026-06-04T01:01:11","guid":{"rendered":"https:\/\/guialimeira.com.br\/caravana-3d-governo-de-sp-moderniza-estrada-municipal-natal-breda-com-obras-de-r-217-milhoes\/"},"modified":"2026-06-03T22:01:11","modified_gmt":"2026-06-04T01:01:11","slug":"caravana-3d-governo-de-sp-moderniza-estrada-municipal-natal-breda-com-obras-de-r-217-milhoes","status":"publish","type":"post","link":"https:\/\/guialimeira.com.br\/news\/caravana-3d-governo-de-sp-moderniza-estrada-municipal-natal-breda-com-obras-de-r-217-milhoes\/","title":{"rendered":"Caravana 3D: Governo de SP moderniza Estrada Municipal Natal Breda com obras de R$ 21,7 milh\u00f5es"},"content":{"rendered":"<p> <br \/>\n<\/p>\n<div>\n<p class=\"wp-block-paragraph\">O Governo de S\u00e3o Paulo entregou nesta quarta-feira (3), em Barretos, as obras de moderniza\u00e7\u00e3o da Estrada Municipal Natal Breda (OLP-040), que liga Ol\u00edmpia a Tabapu\u00e3. Com investimento de R$ 21,7 milh\u00f5es, o projeto amplia a seguran\u00e7a e o conforto dos usu\u00e1rios, al\u00e9m de otimizar o deslocamento regional, principalmente dos produtores agr\u00edcolas.\u00a0<\/p>\n<p class=\"wp-block-paragraph\">Com a agenda, o governador Tarc\u00edsio de Freitas concluiu a 15\u00aa Caravana 3D \u2013 Desenvolvimento, Dignidade e Di\u00e1logo, que percorreu a Regi\u00e3o Administrativa de Barretos desde esta ter\u00e7a-feira (2).<\/p>\n<p>\u201cViemos com a Caravana 3D para ouvir as lideran\u00e7as locais, conversar com os prefeitos e trazer entregas concretas para a popula\u00e7\u00e3o. Assinamos conv\u00eanios, liberamos recursos para saneamento, sa\u00fade e infraestrutura urbana e entregamos obras importantes para a regi\u00e3o\u201d, afirmou o governador. \u201cPara encerrar, entregamos agora a recupera\u00e7\u00e3o da Estrada Municipal Natal Breda, uma liga\u00e7\u00e3o importante entre Ol\u00edmpia e Tabapu\u00e3, que vai trazer mais seguran\u00e7a, conforto e mobilidade para quem utiliza a via\u201d, acrescentou.<\/p>\n<p class=\"wp-block-paragraph\">Conclu\u00eddas em maio, as obras recuperaram mais de 13,5 quil\u00f4metros da estrada. Os servi\u00e7os inclu\u00edram a recupera\u00e7\u00e3o do pavimento, instala\u00e7\u00e3o de canaletas para drenagem de \u00e1guas pluviais, plantio de grama e implanta\u00e7\u00e3o de sinaliza\u00e7\u00e3o horizontal e vertical, al\u00e9m de outros dispositivos de seguran\u00e7a.<\/p>\n<p class=\"wp-block-paragraph\">As interven\u00e7\u00f5es, viabilizadas pelo Departamento de Estradas de Rodagem (DER), \u00f3rg\u00e3o vinculado \u00e0 Secretaria de Meio Ambiente, Infraestrutura e Log\u00edstica (Semil), aumentam a seguran\u00e7a e o conforto dos motoristas, melhoram as condi\u00e7\u00f5es de tr\u00e1fego, reduzem os custos de manuten\u00e7\u00e3o dos ve\u00edculos e ampliam a vida \u00fatil da estrada.<\/p>\n<p class=\"wp-block-paragraph\">Um dos destaques da obra foi a reciclagem do asfalto, t\u00e9cnica que reaproveita pr\u00f3prio pavimento da via. Al\u00e9m de reduzir custos e acelerar a execu\u00e7\u00e3o dos servi\u00e7os, o m\u00e9todo diminui o consumo de novos insumos e contribui para a preserva\u00e7\u00e3o ambiental.<\/p>\n<figure class=\"wp-block-image size-large\"><img data-recalc-dims=\"1\" fetchpriority=\"high\" decoding=\"async\" width=\"696\" height=\"466\" src=\"https:\/\/i0.wp.com\/www.agenciasp.sp.gov.br\/wp-content\/uploads\/2026\/06\/Rodovia-Natal-Breda-Descerramento-de-placa-1024x685.jpg?resize=696%2C466&#038;ssl=1\" alt=\"\" class=\"wp-image-149370\" srcset=\"https:\/\/www.agenciasp.sp.gov.br\/wp-content\/uploads\/2026\/06\/Rodovia-Natal-Breda-Descerramento-de-placa-1024x685.jpg 1024w, https:\/\/www.agenciasp.sp.gov.br\/wp-content\/uploads\/2026\/06\/Rodovia-Natal-Breda-Descerramento-de-placa-300x201.jpg 300w, https:\/\/www.agenciasp.sp.gov.br\/wp-content\/uploads\/2026\/06\/Rodovia-Natal-Breda-Descerramento-de-placa-768x514.jpg 768w, https:\/\/www.agenciasp.sp.gov.br\/wp-content\/uploads\/2026\/06\/Rodovia-Natal-Breda-Descerramento-de-placa-1536x1028.jpg 1536w, https:\/\/www.agenciasp.sp.gov.br\/wp-content\/uploads\/2026\/06\/Rodovia-Natal-Breda-Descerramento-de-placa-2048x1370.jpg 2048w, https:\/\/www.agenciasp.sp.gov.br\/wp-content\/uploads\/2026\/06\/Rodovia-Natal-Breda-Descerramento-de-placa-150x100.jpg 150w\" sizes=\"(max-width: 1024px) 100vw, 1024px\"\/><\/figure>\n<p class=\"wp-block-paragraph\">Realizada pela empresa Fator Obras e Servi\u00e7os, a obra teve dura\u00e7\u00e3o de 13 meses, entre abril de 2025 e maio deste ano, e gerou aproximadamente 170 empregos diretos e indiretos, beneficiando mais de 50 mil habitantes da regi\u00e3o.<\/p>\n<p class=\"wp-block-paragraph\">\u201cA entrega desta obra reflete o compromisso do DER-SP com a melhoria das estradas municipais, considerando a import\u00e2ncia dessas vias para o desenvolvimento local e para a qualidade de vida daqueles que residem na regi\u00e3o\u201d, comenta Olivio Gomes Lyra Filho, diretor de obras do \u00f3rg\u00e3o estadual.<\/p>\n<h2 class=\"wp-block-heading\"><strong>S\u00e3o Paulo Pra Toda Obra<\/strong><\/h2>\n<p class=\"wp-block-paragraph\">Maior programa de infraestrutura da hist\u00f3ria do estado, o S\u00e3o Paulo Pra Toda Obra atende 8 em cada 10 munic\u00edpios paulistas, alcan\u00e7ando mais de 540 cidades e cerca de 35 milh\u00f5es de pessoas. Com o objetivo de modernizar mais de 22,3 mil quil\u00f4metros de rodovias, estradas estaduais e vicinais, o programa re\u00fane investimentos de aproximadamente R$ 30 bilh\u00f5es em obras conclu\u00eddas, em andamento e previstas.<\/p>\n<p class=\"wp-block-paragraph\">S\u00e3o mais de 1.500 obras voltadas \u00e0 melhoria da infraestrutura e da seguran\u00e7a vi\u00e1ria em toda a malha estadual, p\u00fablica e concedida, promovendo ganhos de mobilidade, impulsionando o desenvolvimento regional e gerando mais de 250 mil empregos.<\/p>\n<h2 class=\"wp-block-heading\"><strong>Caravana 3D<\/strong>\u00a0<\/h2>\n<p class=\"wp-block-paragraph\">A Caravana 3D \u00e9 uma iniciativa do Governo de S\u00e3o Paulo que percorre as regi\u00f5es do estado para levar pol\u00edticas p\u00fablicas com foco nos tr\u00eas pilares da gest\u00e3o: desenvolvimento, dignidade e di\u00e1logo. A proposta \u00e9 fortalecer a articula\u00e7\u00e3o com os munic\u00edpios, promovendo entregas e investimentos que considerem as necessidades locais e contribuam para a melhoria da qualidade de vida da popula\u00e7\u00e3o. Antes de Barretos, a a\u00e7\u00e3o passou por Registro, Bauru, regi\u00e3o do ABC, Ribeir\u00e3o Preto, Campinas, Vale do Para\u00edba, S\u00e3o Jos\u00e9 do Rio Preto, Ara\u00e7atuba, Mar\u00edlia, Sorocaba, Presidente Prudente e Itapeva.\u00a0<\/p>\n<p class=\"wp-block-paragraph\">A Caravana refor\u00e7a o compromisso do governo paulista com uma atua\u00e7\u00e3o mais pr\u00f3xima e integrada, baseada na escuta do cidad\u00e3o e no di\u00e1logo com lideran\u00e7as locais. Em cada etapa, s\u00e3o realizadas visitas aos munic\u00edpios e an\u00fancios de a\u00e7\u00f5es concretas nas \u00e1reas de sa\u00fade, educa\u00e7\u00e3o, habita\u00e7\u00e3o, infraestrutura e seguran\u00e7a.<\/p>\n<\/p><\/div>\n<p><br \/>\n<br \/><a href=\"https:\/\/www.agenciasp.sp.gov.br\/caravana-3d-governo-de-sp-moderniza-estrada-municipal-natal-breda-com-obras-de-r-217-milhoes\/\" rel=\"noopener\">Informa\u00e7\u00f5es GOV.SP<\/a><\/p>\n","protected":false},"excerpt":{"rendered":"<p>O Governo de S\u00e3o Paulo entregou nesta quarta-feira (3), em Barretos, as obras de moderniza\u00e7\u00e3o da Estrada Municipal Natal Breda (OLP-040), que liga Ol\u00edmpia a Tabapu\u00e3. Com investimento de R$ 21,7 milh\u00f5es, o projeto amplia a seguran\u00e7a e o conforto dos usu\u00e1rios, al\u00e9m de otimizar o deslocamento regional, principalmente dos produtores agr\u00edcolas.\u00a0 Com a agenda, [&hellip;]<\/p>\n","protected":false},"author":1,"featured_media":67894,"comment_status":"","ping_status":"open","sticky":false,"template":"","format":"standard","meta":{"_jetpack_newsletter_access":"","_jetpack_dont_email_post_to_subs":false,"_jetpack_newsletter_tier_id":0,"_jetpack_memberships_contains_paywalled_content":false,"_mbp_banners":[],"_jetpack_feature_clip_id":0,"_jetpack_memberships_contains_paid_content":false,"footnotes":"","jetpack_publicize_message":"","jetpack_publicize_feature_enabled":true,"jetpack_social_post_already_shared":true,"jetpack_social_options":{"image_generator_settings":{"template":"highway","default_image_id":0,"font":"","enabled":false},"version":2},"jetpack_post_was_ever_published":false},"categories":[21],"tags":[],"class_list":["post-67893","post","type-post","status-publish","format-standard","has-post-thumbnail","category-sp-news"],"jetpack_publicize_connections":[],"jetpack-related-posts":[],"jetpack_shortlink":"https:\/\/wp.me\/p7Eq1F-hF3","jetpack_sharing_enabled":true,"jetpack_featured_media_url":"https:\/\/i0.wp.com\/guialimeira.com.br\/news\/wp-content\/uploads\/2026\/06\/Caravana-3D-Governo-de-SP-moderniza-Estrada-Municipal-Natal-Breda.jpg?fit=1024%2C685&ssl=1","_links":{"self":[{"href":"https:\/\/guialimeira.com.br\/news\/wp-json\/wp\/v2\/posts\/67893","targetHints":{"allow":["GET"]}}],"collection":[{"href":"https:\/\/guialimeira.com.br\/news\/wp-json\/wp\/v2\/posts"}],"about":[{"href":"https:\/\/guialimeira.com.br\/news\/wp-json\/wp\/v2\/types\/post"}],"author":[{"embeddable":true,"href":"https:\/\/guialimeira.com.br\/news\/wp-json\/wp\/v2\/users\/1"}],"replies":[{"embeddable":true,"href":"https:\/\/guialimeira.com.br\/news\/wp-json\/wp\/v2\/comments?post=67893"}],"version-history":[{"count":0,"href":"https:\/\/guialimeira.com.br\/news\/wp-json\/wp\/v2\/posts\/67893\/revisions"}],"wp:featuredmedia":[{"embeddable":true,"href":"https:\/\/guialimeira.com.br\/news\/wp-json\/wp\/v2\/media\/67894"}],"wp:attachment":[{"href":"https:\/\/guialimeira.com.br\/news\/wp-json\/wp\/v2\/media?parent=67893"}],"wp:term":[{"taxonomy":"category","embeddable":true,"href":"https:\/\/guialimeira.com.br\/news\/wp-json\/wp\/v2\/categories?post=67893"},{"taxonomy":"post_tag","embeddable":true,"href":"https:\/\/guialimeira.com.br\/news\/wp-json\/wp\/v2\/tags?post=67893"}],"curies":[{"name":"wp","href":"https:\/\/api.w.org\/{rel}","templated":true}]}}