{"id":67889,"date":"2026-06-03T20:59:25","date_gmt":"2026-06-03T23:59:25","guid":{"rendered":"https:\/\/guialimeira.com.br\/populacao-tem-ate-14-de-junho-para-participar-da-consulta-publica-da-lei-orcamentaria\/"},"modified":"2026-06-03T20:59:25","modified_gmt":"2026-06-03T23:59:25","slug":"populacao-tem-ate-14-de-junho-para-participar-da-consulta-publica-da-lei-orcamentaria","status":"publish","type":"post","link":"https:\/\/guialimeira.com.br\/news\/populacao-tem-ate-14-de-junho-para-participar-da-consulta-publica-da-lei-orcamentaria\/","title":{"rendered":"Popula\u00e7\u00e3o tem at\u00e9 14 de junho para participar da consulta p\u00fablica da Lei Or\u00e7ament\u00e1ria"},"content":{"rendered":"<p> <br \/>\n<br \/><img data-recalc-dims=\"1\" decoding=\"async\" src=\"https:\/\/i0.wp.com\/www.agenciasp.sp.gov.br\/wp-content\/uploads\/2025\/06\/palacio-dos-bandeirantes-e1732546634841-1024x620-1.jpg?w=696&#038;ssl=1\" \/><\/p>\n<div>\n<p class=\"wp-block-paragraph\">O Governo do Estado de S\u00e3o Paulo est\u00e1 realizando at\u00e9 14 de junho a consulta p\u00fablica da Lei Or\u00e7ament\u00e1ria Anual (LOA) de 2027. Com a finalidade de ofertar aos cidad\u00e3os espa\u00e7os de manifesta\u00e7\u00e3o para suas demandas, est\u00e1 aberto o sistema eletr\u00f4nico de vota\u00e7\u00e3o, por meio do site <a href=\"https:\/\/www.audienciasdoorcamento.sp.gov.br\" data-type=\"link\" data-id=\"www.audienciasdoorcamento.sp.gov.br\" target=\"_blank\" rel=\"noopener\">audienciasdoorcamento.sp.gov.br<\/a>.<\/p>\n<p class=\"wp-block-paragraph\">O processo \u00e9 bem simples: basta acessar o ambiente de vota\u00e7\u00e3o e selecionar o item ou os itens que melhor representem sua opini\u00e3o. O sistema tamb\u00e9m permite aos cidad\u00e3os a possibilidade de fazer coment\u00e1rios que detalhem ou especifiquem suas escolhas.<\/p>\n<p class=\"wp-block-paragraph\">A participa\u00e7\u00e3o e as sugest\u00f5es abarcam as mais diversas \u00e1reas, como sa\u00fade, educa\u00e7\u00e3o, meio ambiente, infraestrutura, seguran\u00e7a p\u00fablica, entre outras. As primeiras reuni\u00f5es j\u00e1 est\u00e3o agendadas, confira na tabela abaixo.<\/p>\n<p class=\"wp-block-paragraph\">Esse instrumento de participa\u00e7\u00e3o popular, sem car\u00e1ter deliberativo, est\u00e1 previsto na Lei de Responsabilidade Fiscal e na Lei de Diretrizes Or\u00e7ament\u00e1rias (LDO), e permite aos cidad\u00e3os manifestarem suas sugest\u00f5es para o estado como um todo e para regi\u00f5es e cidades.<\/p>\n<h3 class=\"wp-block-heading\"><strong>Audi\u00eancias P\u00fablicas Regionais da LOA 2027<\/strong><\/h3>\n<p class=\"wp-block-paragraph\">Simultaneamente, est\u00e3o acontecendo as audi\u00eancias regionais. A participa\u00e7\u00e3o \u00e9 virtual, pelo Teams. Basta acessar o link da sua regi\u00e3o na data e hor\u00e1rio agendado e participar com as suas demandas.<\/p>\n<p class=\"wp-block-paragraph\">Al\u00e9m da popula\u00e7\u00e3o paulista em geral, o p\u00fablico-alvo contempla tamb\u00e9m entidades civis e representantes da administra\u00e7\u00e3o p\u00fablica. Vale ressaltar que as sugest\u00f5es da popula\u00e7\u00e3o paulista constituem um ponto relevante na constru\u00e7\u00e3o do planejamento para o or\u00e7amento do pr\u00f3ximo ano.<\/p>\n<p class=\"wp-block-paragraph\"><strong>Programa\u00e7\u00e3o<\/strong><\/p>\n<p class=\"wp-block-paragraph\">Para mais informa\u00e7\u00f5es sobre as audi\u00eancias p\u00fablicas, acesse o site: www.audienciasdoorcamento.sp.gov.br.<\/p>\n<\/p><\/div>\n<p><br \/>\n<br \/><a href=\"https:\/\/www.agenciasp.sp.gov.br\/populacao-tem-ate-14-de-junho-para-participar-da-consulta-publica-da-lei-orcamentaria-2\/\" rel=\"noopener\">Informa\u00e7\u00f5es GOV.SP<\/a><\/p>\n","protected":false},"excerpt":{"rendered":"<p>O Governo do Estado de S\u00e3o Paulo est\u00e1 realizando at\u00e9 14 de junho a consulta p\u00fablica da Lei Or\u00e7ament\u00e1ria Anual (LOA) de 2027. Com a finalidade de ofertar aos cidad\u00e3os espa\u00e7os de manifesta\u00e7\u00e3o para suas demandas, est\u00e1 aberto o sistema eletr\u00f4nico de vota\u00e7\u00e3o, por meio do site audienciasdoorcamento.sp.gov.br. O processo \u00e9 bem simples: basta acessar [&hellip;]<\/p>\n","protected":false},"author":1,"featured_media":41714,"comment_status":"","ping_status":"open","sticky":false,"template":"","format":"standard","meta":{"_jetpack_newsletter_access":"","_jetpack_dont_email_post_to_subs":false,"_jetpack_newsletter_tier_id":0,"_jetpack_memberships_contains_paywalled_content":false,"_mbp_banners":[],"_jetpack_feature_clip_id":0,"_jetpack_memberships_contains_paid_content":false,"footnotes":"","jetpack_publicize_message":"","jetpack_publicize_feature_enabled":true,"jetpack_social_post_already_shared":true,"jetpack_social_options":{"image_generator_settings":{"template":"highway","default_image_id":0,"font":"","enabled":false},"version":2},"jetpack_post_was_ever_published":false},"categories":[21],"tags":[],"class_list":["post-67889","post","type-post","status-publish","format-standard","has-post-thumbnail","category-sp-news"],"jetpack_publicize_connections":[],"jetpack-related-posts":[],"jetpack_shortlink":"https:\/\/wp.me\/p7Eq1F-hEZ","jetpack_sharing_enabled":true,"jetpack_featured_media_url":"https:\/\/i0.wp.com\/guialimeira.com.br\/news\/wp-content\/uploads\/2025\/08\/CGE-SP-lanca-Cartilha-do-Codigo-de-Etica-da-Administracao.jpg?fit=1024%2C620&ssl=1","_links":{"self":[{"href":"https:\/\/guialimeira.com.br\/news\/wp-json\/wp\/v2\/posts\/67889","targetHints":{"allow":["GET"]}}],"collection":[{"href":"https:\/\/guialimeira.com.br\/news\/wp-json\/wp\/v2\/posts"}],"about":[{"href":"https:\/\/guialimeira.com.br\/news\/wp-json\/wp\/v2\/types\/post"}],"author":[{"embeddable":true,"href":"https:\/\/guialimeira.com.br\/news\/wp-json\/wp\/v2\/users\/1"}],"replies":[{"embeddable":true,"href":"https:\/\/guialimeira.com.br\/news\/wp-json\/wp\/v2\/comments?post=67889"}],"version-history":[{"count":0,"href":"https:\/\/guialimeira.com.br\/news\/wp-json\/wp\/v2\/posts\/67889\/revisions"}],"wp:featuredmedia":[{"embeddable":true,"href":"https:\/\/guialimeira.com.br\/news\/wp-json\/wp\/v2\/media\/41714"}],"wp:attachment":[{"href":"https:\/\/guialimeira.com.br\/news\/wp-json\/wp\/v2\/media?parent=67889"}],"wp:term":[{"taxonomy":"category","embeddable":true,"href":"https:\/\/guialimeira.com.br\/news\/wp-json\/wp\/v2\/categories?post=67889"},{"taxonomy":"post_tag","embeddable":true,"href":"https:\/\/guialimeira.com.br\/news\/wp-json\/wp\/v2\/tags?post=67889"}],"curies":[{"name":"wp","href":"https:\/\/api.w.org\/{rel}","templated":true}]}}