{"id":67885,"date":"2026-06-03T19:57:06","date_gmt":"2026-06-03T22:57:06","guid":{"rendered":"https:\/\/guialimeira.com.br\/defesa-civil-preve-predominio-de-tempo-estavel-e-temperaturas-amenas-durante-o-feriado-prolongado\/"},"modified":"2026-06-03T19:57:06","modified_gmt":"2026-06-03T22:57:06","slug":"defesa-civil-preve-predominio-de-tempo-estavel-e-temperaturas-amenas-durante-o-feriado-prolongado","status":"publish","type":"post","link":"https:\/\/guialimeira.com.br\/news\/defesa-civil-preve-predominio-de-tempo-estavel-e-temperaturas-amenas-durante-o-feriado-prolongado\/","title":{"rendered":"Defesa Civil prev\u00ea predom\u00ednio de tempo est\u00e1vel e temperaturas amenas durante o feriado prolongado"},"content":{"rendered":"<p> <br \/>\n<br \/><img data-recalc-dims=\"1\" decoding=\"async\" src=\"https:\/\/i0.wp.com\/www.agenciasp.sp.gov.br\/wp-content\/uploads\/2025\/07\/54663005456_e35d4d6d90_k.jpg?w=696&#038;ssl=1\" \/><\/p>\n<div>\n<p class=\"wp-block-paragraph\">Entre quinta-feira (4) e domingo (7), o feriado prolongado ser\u00e1 marcado pelo predom\u00ednio de tempo est\u00e1vel em grande parte do Estado de S\u00e3o Paulo, com sol entre nuvens e temperaturas amenas durante as madrugadas e manh\u00e3s devido \u00e0 atua\u00e7\u00e3o de uma massa de ar seco e frio.<\/p>\n<p class=\"wp-block-paragraph\">Haver\u00e1 condi\u00e7\u00f5es favor\u00e1veis para a forma\u00e7\u00e3o de nevoeiros e neblinas, especialmente nas regi\u00f5es leste e central do estado, enquanto a faixa litor\u00e2nea e o leste paulista poder\u00e3o registrar maior nebulosidade e chuvas isoladas de fraca intensidade, associadas \u00e0 umidade proveniente do oceano.<\/p>\n<p class=\"wp-block-paragraph\"><strong>LEIA TAMB\u00c9M: <\/strong><a href=\"https:\/\/www.agenciasp.sp.gov.br\/sp-pod-defesa-civil-estiagem-incendios\/\" rel=\"noopener\">SP POD: Defesa Civil de SP refor\u00e7a monitoramento e amplia a\u00e7\u00f5es para enfrentar per\u00edodo de estiagem e inc\u00eandios<\/a><\/p>\n<p class=\"wp-block-paragraph\">Ao longo dos dias, as temperaturas se elevam gradualmente durante as tardes, mantendo sensa\u00e7\u00e3o de tempo seco, principalmente no interior, onde os \u00edndices de umidade relativa do ar podem atingir valores baixos, pr\u00f3ximos de 30%.<\/p>\n<h3 class=\"wp-block-heading\"><strong>Recomenda\u00e7\u00f5es \u00e0 popula\u00e7\u00e3o<\/strong><\/h3>\n<p class=\"wp-block-paragraph\">A Defesa Civil orienta a popula\u00e7\u00e3o a adotar alguns cuidados durante o feriado prolongado:<\/p>\n<ul class=\"wp-block-list\">\n<li>Mantenha-se hidratado, ingerindo \u00e1gua regularmente ao longo do dia, especialmente crian\u00e7as, idosos e pessoas com doen\u00e7as respirat\u00f3rias;<\/li>\n<li>Evite atividades f\u00edsicas intensas nos per\u00edodos mais quentes da tarde;<\/li>\n<li>Em locais com ocorr\u00eancia de neblina, reduza a velocidade, mantenha dist\u00e2ncia segura do ve\u00edculo \u00e0 frente e utilize os far\u00f3is baixos;<\/li>\n<li>Evite ultrapassagens em trechos com baixa visibilidade;<\/li>\n<li>Antes de viajar, verifique as condi\u00e7\u00f5es das rodovias e acompanhe as atualiza\u00e7\u00f5es da previs\u00e3o do tempo.<\/li>\n<\/ul>\n<p class=\"wp-block-paragraph\"><strong>LEIA TAMB\u00c9M:<\/strong> <a href=\"https:\/\/www.agenciasp.sp.gov.br\/muralha-de-fogo-usa-sistema-de-cameras\/\" rel=\"noopener\">Muralha do Fogo: Governo de SP usa sistema de c\u00e2meras de seguran\u00e7a para refor\u00e7ar combate \u00e0s queimadas\u00a0<\/a><\/p>\n<p class=\"wp-block-paragraph\">A popula\u00e7\u00e3o pode receber alertas da Defesa Civil diretamente no celular. Para se cadastrar, basta enviar uma mensagem de texto com o CEP da localidade para o n\u00famero 40199.<\/p>\n<p class=\"wp-block-paragraph\">Em situa\u00e7\u00f5es de emerg\u00eancia, os telefones 199, da Defesa Civil, e 193, do Corpo de Bombeiros, permanecem dispon\u00edveis para atendimento.<\/p>\n<\/p><\/div>\n<p><br \/>\n<br \/><a href=\"https:\/\/www.agenciasp.sp.gov.br\/defesa-civil-preve-predominio-de-tempo-estavel-e-temperaturas-amenas-durante-o-feriado-prolongado\/\" rel=\"noopener\">Informa\u00e7\u00f5es GOV.SP<\/a><\/p>\n","protected":false},"excerpt":{"rendered":"<p>Entre quinta-feira (4) e domingo (7), o feriado prolongado ser\u00e1 marcado pelo predom\u00ednio de tempo est\u00e1vel em grande parte do Estado de S\u00e3o Paulo, com sol entre nuvens e temperaturas amenas durante as madrugadas e manh\u00e3s devido \u00e0 atua\u00e7\u00e3o de uma massa de ar seco e frio. Haver\u00e1 condi\u00e7\u00f5es favor\u00e1veis para a forma\u00e7\u00e3o de nevoeiros [&hellip;]<\/p>\n","protected":false},"author":1,"featured_media":67886,"comment_status":"","ping_status":"open","sticky":false,"template":"","format":"standard","meta":{"_jetpack_newsletter_access":"","_jetpack_dont_email_post_to_subs":false,"_jetpack_newsletter_tier_id":0,"_jetpack_memberships_contains_paywalled_content":false,"_mbp_banners":[],"_jetpack_feature_clip_id":0,"_jetpack_memberships_contains_paid_content":false,"footnotes":"","jetpack_publicize_message":"","jetpack_publicize_feature_enabled":true,"jetpack_social_post_already_shared":true,"jetpack_social_options":{"image_generator_settings":{"template":"highway","default_image_id":0,"font":"","enabled":false},"version":2},"jetpack_post_was_ever_published":false},"categories":[21],"tags":[],"class_list":["post-67885","post","type-post","status-publish","format-standard","has-post-thumbnail","category-sp-news"],"jetpack_publicize_connections":[],"jetpack-related-posts":[],"jetpack_shortlink":"https:\/\/wp.me\/p7Eq1F-hEV","jetpack_sharing_enabled":true,"jetpack_featured_media_url":"https:\/\/i0.wp.com\/guialimeira.com.br\/news\/wp-content\/uploads\/2026\/06\/Defesa-Civil-preve-predominio-de-tempo-estavel-e-temperaturas-amenas.jpg?fit=2048%2C1365&ssl=1","_links":{"self":[{"href":"https:\/\/guialimeira.com.br\/news\/wp-json\/wp\/v2\/posts\/67885","targetHints":{"allow":["GET"]}}],"collection":[{"href":"https:\/\/guialimeira.com.br\/news\/wp-json\/wp\/v2\/posts"}],"about":[{"href":"https:\/\/guialimeira.com.br\/news\/wp-json\/wp\/v2\/types\/post"}],"author":[{"embeddable":true,"href":"https:\/\/guialimeira.com.br\/news\/wp-json\/wp\/v2\/users\/1"}],"replies":[{"embeddable":true,"href":"https:\/\/guialimeira.com.br\/news\/wp-json\/wp\/v2\/comments?post=67885"}],"version-history":[{"count":0,"href":"https:\/\/guialimeira.com.br\/news\/wp-json\/wp\/v2\/posts\/67885\/revisions"}],"wp:featuredmedia":[{"embeddable":true,"href":"https:\/\/guialimeira.com.br\/news\/wp-json\/wp\/v2\/media\/67886"}],"wp:attachment":[{"href":"https:\/\/guialimeira.com.br\/news\/wp-json\/wp\/v2\/media?parent=67885"}],"wp:term":[{"taxonomy":"category","embeddable":true,"href":"https:\/\/guialimeira.com.br\/news\/wp-json\/wp\/v2\/categories?post=67885"},{"taxonomy":"post_tag","embeddable":true,"href":"https:\/\/guialimeira.com.br\/news\/wp-json\/wp\/v2\/tags?post=67885"}],"curies":[{"name":"wp","href":"https:\/\/api.w.org\/{rel}","templated":true}]}}