{"id":67880,"date":"2026-06-03T18:56:19","date_gmt":"2026-06-03T21:56:19","guid":{"rendered":"https:\/\/guialimeira.com.br\/inscricoes-para-cursos-gratuitos-do-caminho-da-capacitacao-seguem-abertas-na-baixada-santista\/"},"modified":"2026-06-03T18:56:19","modified_gmt":"2026-06-03T21:56:19","slug":"inscricoes-para-cursos-gratuitos-do-caminho-da-capacitacao-seguem-abertas-na-baixada-santista","status":"publish","type":"post","link":"https:\/\/guialimeira.com.br\/news\/inscricoes-para-cursos-gratuitos-do-caminho-da-capacitacao-seguem-abertas-na-baixada-santista\/","title":{"rendered":"Inscri\u00e7\u00f5es para cursos gratuitos do Caminho da Capacita\u00e7\u00e3o seguem abertas na Baixada Santista"},"content":{"rendered":"<p> <br \/>\n<br \/><img data-recalc-dims=\"1\" decoding=\"async\" src=\"https:\/\/i0.wp.com\/www.agenciasp.sp.gov.br\/wp-content\/uploads\/2025\/05\/CARRETAS-CAMINHO-DA-CAPACITACAO-FUSSP-12.jpg?w=696&#038;ssl=1\" \/><\/p>\n<div>\n<p class=\"wp-block-paragraph\">Moradores da Baixada Santista ainda podem se inscrever nos cursos gratuitos oferecidos pelo programa Caminho da Capacita\u00e7\u00e3o, iniciativa do Fundo Social de S\u00e3o Paulo voltada \u00e0 qualifica\u00e7\u00e3o profissional. Com a amplia\u00e7\u00e3o desta etapa, o programa passa a oferecer 2.221 vagas em todos os munic\u00edpios da Baixada Santista.<\/p>\n<p class=\"wp-block-paragraph\">As aulas ser\u00e3o realizadas entre os dias 8 e 18 de junho em Bertioga, Cubat\u00e3o, Guaruj\u00e1, Itanha\u00e9m, Mongagu\u00e1, Peru\u00edbe, Praia Grande, Santos e S\u00e3o Vicente. Os cursos s\u00e3o oferecidos em carretas itinerantes equipadas para atividades te\u00f3ricas e pr\u00e1ticas e abrangem \u00e1reas como gastronomia, moda, beleza e bem-estar, tecnologia, mec\u00e2nica, hospitalidade, cuidados com pets e forma\u00e7\u00e3o para cuidadores de idosos.<\/p>\n<p class=\"wp-block-paragraph\"><strong>LEIA TAMB\u00c9M: <\/strong><a href=\"https:\/\/www.agenciasp.sp.gov.br\/governo-do-estado-de-sao-paulo-entrega-unidade-do-bom-prato-movel-em-ribeirao-preto\/\" rel=\"noopener\">Governo do Estado de S\u00e3o Paulo entrega unidade do Bom Prato M\u00f3vel em Ribeir\u00e3o Preto<\/a><\/p>\n<p class=\"wp-block-paragraph\">Al\u00e9m das turmas oferecidas nas carretas, o programa tamb\u00e9m passa a atender comunidades acompanhadas por 16 Organiza\u00e7\u00f5es da Sociedade Civil (OSCs) parceiras da regi\u00e3o. As capacita\u00e7\u00f5es ser\u00e3o realizadas nas pr\u00f3prias entidades e contemplam \u00e1reas como gastronomia, beleza e bem-estar, artesanato, tecnologia, administra\u00e7\u00e3o, el\u00e9trica e qualifica\u00e7\u00e3o para cuidadores de idosos, com cargas hor\u00e1rias de 20 ou 40 horas, conforme a forma\u00e7\u00e3o escolhida.<\/p>\n<p class=\"wp-block-paragraph\">As inscri\u00e7\u00f5es s\u00e3o gratuitas e podem ser realizadas pelo site cursofussp.sp.gov.br, onde tamb\u00e9m est\u00e3o dispon\u00edveis informa\u00e7\u00f5es sobre os cursos, o cronograma das aulas e os locais de atendimento. As vagas s\u00e3o limitadas e permanecem abertas at\u00e9 o preenchimento das turmas ou at\u00e9 o segundo dia de aula em cada munic\u00edpio.<\/p>\n<p class=\"wp-block-paragraph\"><strong>LEIA TAMB\u00c9M: <\/strong><a href=\"https:\/\/www.agenciasp.sp.gov.br\/feirao-casa-paulista-mais-de-r-374-milhoes-sao-liberados-para-apoiar-familias-na-compra-do-primeiro-imovel\/\" rel=\"noopener\">Feir\u00e3o Casa Paulista: mais de R$ 37,4 milh\u00f5es s\u00e3o liberados para apoiar fam\u00edlias na compra do primeiro im\u00f3vel<\/a><\/p>\n<p class=\"wp-block-paragraph\">A chegada do Caminho da Capacita\u00e7\u00e3o \u00e0 Baixada Santista tamb\u00e9m marca a conclus\u00e3o da expans\u00e3o territorial do programa, que agora alcan\u00e7a todas as 16 regi\u00f5es administrativas do Estado de S\u00e3o Paulo.<\/p>\n<h3 class=\"wp-block-heading\">Sobre o programa<\/h3>\n<p class=\"wp-block-paragraph\">Promovido pelo Fundo Social de S\u00e3o Paulo, o Caminho da Capacita\u00e7\u00e3o integra o programa SuperA\u00e7\u00e3o SP, pol\u00edtica p\u00fablica do Governo do Estado voltada \u00e0 supera\u00e7\u00e3o da pobreza por meio da qualifica\u00e7\u00e3o profissional e da gera\u00e7\u00e3o de oportunidades. Desde o lan\u00e7amento, a iniciativa j\u00e1 formou mais de 14 mil alunos e levou cursos gratuitos a 290 munic\u00edpios paulistas.<\/p>\n<p class=\"wp-block-paragraph\">Mais informa\u00e7\u00f5es sobre os cursos, cronograma e locais de atendimento est\u00e3o dispon\u00edveis no portal do Caminho da Capacita\u00e7\u00e3o: <a href=\"http:\/\/caminhodacapacitacao.sp.gov.br.\" target=\"_blank\" rel=\"noopener\">http:\/\/caminhodacapacitacao.sp.gov.br.<\/a><\/p>\n<\/p><\/div>\n<p><br \/>\n<br \/><a href=\"https:\/\/www.agenciasp.sp.gov.br\/inscricoes-para-cursos-gratuitos-do-caminho-da-capacitacao-seguem-abertas-na-baixada-santista\/\" rel=\"noopener\">Informa\u00e7\u00f5es GOV.SP<\/a><\/p>\n","protected":false},"excerpt":{"rendered":"<p>Moradores da Baixada Santista ainda podem se inscrever nos cursos gratuitos oferecidos pelo programa Caminho da Capacita\u00e7\u00e3o, iniciativa do Fundo Social de S\u00e3o Paulo voltada \u00e0 qualifica\u00e7\u00e3o profissional. Com a amplia\u00e7\u00e3o desta etapa, o programa passa a oferecer 2.221 vagas em todos os munic\u00edpios da Baixada Santista. As aulas ser\u00e3o realizadas entre os dias 8 [&hellip;]<\/p>\n","protected":false},"author":1,"featured_media":67881,"comment_status":"","ping_status":"open","sticky":false,"template":"","format":"standard","meta":{"_jetpack_newsletter_access":"","_jetpack_dont_email_post_to_subs":false,"_jetpack_newsletter_tier_id":0,"_jetpack_memberships_contains_paywalled_content":false,"_mbp_banners":[],"_jetpack_feature_clip_id":0,"_jetpack_memberships_contains_paid_content":false,"footnotes":"","jetpack_publicize_message":"","jetpack_publicize_feature_enabled":true,"jetpack_social_post_already_shared":true,"jetpack_social_options":{"image_generator_settings":{"template":"highway","default_image_id":0,"font":"","enabled":false},"version":2},"jetpack_post_was_ever_published":false},"categories":[21],"tags":[],"class_list":["post-67880","post","type-post","status-publish","format-standard","has-post-thumbnail","category-sp-news"],"jetpack_publicize_connections":[],"jetpack-related-posts":[],"jetpack_shortlink":"https:\/\/wp.me\/p7Eq1F-hEQ","jetpack_sharing_enabled":true,"jetpack_featured_media_url":"https:\/\/i0.wp.com\/guialimeira.com.br\/news\/wp-content\/uploads\/2026\/06\/Inscricoes-para-cursos-gratuitos-do-Caminho-da-Capacitacao-seguem-abertas.jpg?fit=1256%2C690&ssl=1","_links":{"self":[{"href":"https:\/\/guialimeira.com.br\/news\/wp-json\/wp\/v2\/posts\/67880","targetHints":{"allow":["GET"]}}],"collection":[{"href":"https:\/\/guialimeira.com.br\/news\/wp-json\/wp\/v2\/posts"}],"about":[{"href":"https:\/\/guialimeira.com.br\/news\/wp-json\/wp\/v2\/types\/post"}],"author":[{"embeddable":true,"href":"https:\/\/guialimeira.com.br\/news\/wp-json\/wp\/v2\/users\/1"}],"replies":[{"embeddable":true,"href":"https:\/\/guialimeira.com.br\/news\/wp-json\/wp\/v2\/comments?post=67880"}],"version-history":[{"count":0,"href":"https:\/\/guialimeira.com.br\/news\/wp-json\/wp\/v2\/posts\/67880\/revisions"}],"wp:featuredmedia":[{"embeddable":true,"href":"https:\/\/guialimeira.com.br\/news\/wp-json\/wp\/v2\/media\/67881"}],"wp:attachment":[{"href":"https:\/\/guialimeira.com.br\/news\/wp-json\/wp\/v2\/media?parent=67880"}],"wp:term":[{"taxonomy":"category","embeddable":true,"href":"https:\/\/guialimeira.com.br\/news\/wp-json\/wp\/v2\/categories?post=67880"},{"taxonomy":"post_tag","embeddable":true,"href":"https:\/\/guialimeira.com.br\/news\/wp-json\/wp\/v2\/tags?post=67880"}],"curies":[{"name":"wp","href":"https:\/\/api.w.org\/{rel}","templated":true}]}}