{"id":6788,"date":"2024-05-28T19:32:58","date_gmt":"2024-05-28T22:32:58","guid":{"rendered":"https:\/\/guialimeira.com.br\/2024\/05\/28\/estacao-engenheiro-manoel-feio-ficara-interditada-para-obras-a-partir-de-quarta\/"},"modified":"2024-05-28T19:32:58","modified_gmt":"2024-05-28T22:32:58","slug":"estacao-engenheiro-manoel-feio-ficara-interditada-para-obras-a-partir-de-quarta","status":"publish","type":"post","link":"https:\/\/guialimeira.com.br\/news\/estacao-engenheiro-manoel-feio-ficara-interditada-para-obras-a-partir-de-quarta\/","title":{"rendered":"Esta\u00e7\u00e3o Engenheiro Manoel Feio ficar\u00e1 interditada para obras a partir de quarta"},"content":{"rendered":"<p> <br \/>\n<\/p>\n<div id=\"\">&#13;<br \/>\n                                <!-- Title -->&#13;<br \/>\n                                &#13;<br \/>\n&#13;<br \/>\n                                <!-- Excerpt -->&#13;<\/p>\n<p class=\"excerpt\">O Sistema Paese ser\u00e1 acionado para atender o trecho entre as esta\u00e7\u00f5es Jardim Romano e Engenheiro Manoel Feio; interdi\u00e7\u00e3o durar\u00e1 14 dias<\/p>\n<p>&#13;<br \/>\n&#13;<br \/>\n                                &#13;\n                            <\/p><\/div>\n<div id=\"\">&#13;<\/p>\n<figure id=\"attachment_5892132\" style=\"width: 100%;max-width: 764px\" class=\"wp-caption alignnone\"><img data-recalc-dims=\"1\" decoding=\"async\" loading=\"lazy\" class=\" wp-image-5892132\" src=\"https:\/\/i0.wp.com\/www.saopaulo.sp.gov.br\/wp-content\/uploads\/2024\/05\/trem-cptm-300x200.jpg?resize=696%2C464&#038;ssl=1\" alt=\"\" width=\"696\" height=\"464\" srcset=\"https:\/\/www.saopaulo.sp.gov.br\/wp-content\/uploads\/2024\/05\/trem-cptm-300x200.jpg 300w, https:\/\/www.saopaulo.sp.gov.br\/wp-content\/uploads\/2024\/05\/trem-cptm-1024x683.jpg 1024w, https:\/\/www.saopaulo.sp.gov.br\/wp-content\/uploads\/2024\/05\/trem-cptm-768x512.jpg 768w, https:\/\/www.saopaulo.sp.gov.br\/wp-content\/uploads\/2024\/05\/trem-cptm-1536x1024.jpg 1536w, https:\/\/www.saopaulo.sp.gov.br\/wp-content\/uploads\/2024\/05\/trem-cptm.jpg 2048w\" sizes=\"auto, (max-width: 764px) 100vw, 764px\"\/><figcaption class=\"wp-caption-text\">O restante da Linha 12-Safira funcionar\u00e1 normalmente<\/figcaption><\/figure>\n<p>A Linha 12-Safira da CPTM ter\u00e1 uma importante mudan\u00e7a na circula\u00e7\u00e3o a partir desta quarta-feira (29) at\u00e9 o dia 11 de junho. Durante 14 dias, a esta\u00e7\u00e3o Engenheiro Manoel Feio estar\u00e1 interditada para obras de melhorias e acessibilidade. Neste per\u00edodo, ser\u00e3o disponibilizados \u00f4nibus do Sistema Paese aos passageiros.<\/p>\n<p>Quem utiliza a esta\u00e7\u00e3o Engenheiro Manoel Feio precisar\u00e1 embarcar nos \u00f4nibus que seguem e retornam da esta\u00e7\u00e3o Jardim Romano. Na Esta\u00e7\u00e3o Engenheiro Manoel Feio, o embarque nos coletivos que seguem em dire\u00e7\u00e3o a esta\u00e7\u00e3o Jardim Romano acontecem na Av. Eldorado, s\/n (em frente \u00e0 Pra\u00e7a Juscelino Kubistchek). Em Jardim Romano os embarques acontecer\u00e3o na Rua Jos\u00e9 \u00c1lvares Moreira, 349. O restante da Linha 12-Safira funcionar\u00e1 normalmente.<\/p>\n<p>Os colaboradores estar\u00e3o \u00e0 disposi\u00e7\u00e3o para auxiliar os passageiros nos seus deslocamentos. Todas as mudan\u00e7as na opera\u00e7\u00e3o est\u00e3o sendo informadas aos passageiros por avisos sonoros, pain\u00e9is eletr\u00f4nicos e sinaliza\u00e7\u00e3o no local. \u00c9 poss\u00edvel tamb\u00e9m acompanhar pelas redes sociais da companhia e esclarecer d\u00favidas pelos canais de atendimento: Central de Relacionamento no 0800 055 0121 ou pelo WhatsApp (11) 99767-7030.<\/p>\n<p>Siga o canal \u201cGoverno de S\u00e3o Paulo\u201d no WhatsApp:<br \/><a href=\"https:\/\/bit.ly\/govspnozap\" target=\"_blank\" rel=\"noopener noreferrer\">https:\/\/bit.ly\/govspnozap<\/a><\/p>\n<\/p><\/div>\n<p><br \/>\n<br \/><a href=\"https:\/\/www.saopaulo.sp.gov.br\/spnoticias\/ultimas-noticias\/estacao-engenheiro-manoel-feio-ficara-interditada-para-obras-a-partir-de-quarta-29\/\" rel=\"noopener\">Informa\u00e7\u00f5es GOV.SP<\/a><\/p>\n","protected":false},"excerpt":{"rendered":"<p>&#13; &#13; &#13; &#13; &#13; O Sistema Paese ser\u00e1 acionado para atender o trecho entre as esta\u00e7\u00f5es Jardim Romano e Engenheiro Manoel Feio; interdi\u00e7\u00e3o durar\u00e1 14 dias &#13; &#13; &#13; &#13; O restante da Linha 12-Safira funcionar\u00e1 normalmente A Linha 12-Safira da CPTM ter\u00e1 uma importante mudan\u00e7a na circula\u00e7\u00e3o a partir desta quarta-feira (29) at\u00e9 [&hellip;]<\/p>\n","protected":false},"author":1,"featured_media":6789,"comment_status":"open","ping_status":"open","sticky":false,"template":"","format":"standard","meta":{"_jetpack_newsletter_access":"","_jetpack_dont_email_post_to_subs":false,"_jetpack_newsletter_tier_id":0,"_jetpack_memberships_contains_paywalled_content":false,"_mbp_banners":[],"_jetpack_feature_clip_id":0,"_jetpack_memberships_contains_paid_content":false,"footnotes":"","jetpack_publicize_message":"","jetpack_publicize_feature_enabled":true,"jetpack_social_post_already_shared":true,"jetpack_social_options":{"image_generator_settings":{"template":"highway","default_image_id":0,"font":"","enabled":false},"version":2},"jetpack_post_was_ever_published":false},"categories":[21],"tags":[],"class_list":["post-6788","post","type-post","status-publish","format-standard","has-post-thumbnail","category-sp-news"],"jetpack_publicize_connections":[],"jetpack-related-posts":[],"jetpack_shortlink":"https:\/\/wp.me\/p7Eq1F-1Lu","jetpack_sharing_enabled":true,"jetpack_featured_media_url":"https:\/\/i0.wp.com\/guialimeira.com.br\/news\/wp-content\/uploads\/2024\/05\/Estacao-Engenheiro-Manoel-Feio-ficara-interditada-para-obras-a-partir.jpg?fit=300%2C200&ssl=1","_links":{"self":[{"href":"https:\/\/guialimeira.com.br\/news\/wp-json\/wp\/v2\/posts\/6788","targetHints":{"allow":["GET"]}}],"collection":[{"href":"https:\/\/guialimeira.com.br\/news\/wp-json\/wp\/v2\/posts"}],"about":[{"href":"https:\/\/guialimeira.com.br\/news\/wp-json\/wp\/v2\/types\/post"}],"author":[{"embeddable":true,"href":"https:\/\/guialimeira.com.br\/news\/wp-json\/wp\/v2\/users\/1"}],"replies":[{"embeddable":true,"href":"https:\/\/guialimeira.com.br\/news\/wp-json\/wp\/v2\/comments?post=6788"}],"version-history":[{"count":0,"href":"https:\/\/guialimeira.com.br\/news\/wp-json\/wp\/v2\/posts\/6788\/revisions"}],"wp:featuredmedia":[{"embeddable":true,"href":"https:\/\/guialimeira.com.br\/news\/wp-json\/wp\/v2\/media\/6789"}],"wp:attachment":[{"href":"https:\/\/guialimeira.com.br\/news\/wp-json\/wp\/v2\/media?parent=6788"}],"wp:term":[{"taxonomy":"category","embeddable":true,"href":"https:\/\/guialimeira.com.br\/news\/wp-json\/wp\/v2\/categories?post=6788"},{"taxonomy":"post_tag","embeddable":true,"href":"https:\/\/guialimeira.com.br\/news\/wp-json\/wp\/v2\/tags?post=6788"}],"curies":[{"name":"wp","href":"https:\/\/api.w.org\/{rel}","templated":true}]}}