{"id":67878,"date":"2026-06-03T18:33:16","date_gmt":"2026-06-03T21:33:16","guid":{"rendered":"https:\/\/guialimeira.com.br\/?p=67878"},"modified":"2026-06-03T18:33:16","modified_gmt":"2026-06-03T21:33:16","slug":"nova-sede-da-biblioteca-e-do-hub-amplia-acessibilidade-e-fortalece-cultura-e-inovacao-em-cordeiropolis-prefeitura-municipal-de-cordeiropolis","status":"publish","type":"post","link":"https:\/\/guialimeira.com.br\/news\/nova-sede-da-biblioteca-e-do-hub-amplia-acessibilidade-e-fortalece-cultura-e-inovacao-em-cordeiropolis-prefeitura-municipal-de-cordeiropolis\/","title":{"rendered":"Nova sede da Biblioteca e do HUB amplia acessibilidade e fortalece cultura e inova\u00e7\u00e3o em Cordeir\u00f3polis \u2013 Prefeitura Municipal de Cordeir\u00f3polis"},"content":{"rendered":"<p> <br \/>\n<\/p>\n<div>\n<p>A Prefeitura de Cordeir\u00f3polis inaugurou nesta quarta-feira (3) a nova sede da Biblioteca Municipal \u201cProf\u00aa Aita Bentivegna Dias\u201d e do HUB Cordeiro, dois espa\u00e7os que passam a funcionar em um pr\u00e9dio moderno, acess\u00edvel e planejado para ampliar o acesso da popula\u00e7\u00e3o \u00e0 cultura, \u00e0 educa\u00e7\u00e3o, \u00e0 tecnologia e \u00e0 qualifica\u00e7\u00e3o profissional. A entrega integra a programa\u00e7\u00e3o dos 78 anos do munic\u00edpio e marca tamb\u00e9m os 50 anos de funda\u00e7\u00e3o da Biblioteca Municipal.<\/p>\n<p>\u201cEstamos entregando muito mais do que um pr\u00e9dio. Este passa a ser um espa\u00e7o de oportunidades, de conhecimento, de inova\u00e7\u00e3o e de transforma\u00e7\u00e3o social. A Biblioteca e o HUB representam aquilo que acreditamos para Cordeir\u00f3polis: uma cidade que cresce investindo nas pessoas, garantindo acessibilidade e construindo oportunidades para todos\u201d, afirmou a prefeita Cristina Saad.<\/p>\n<p>\u201cQuando investimos em educa\u00e7\u00e3o, cultura, qualifica\u00e7\u00e3o profissional e inclus\u00e3o, estamos investindo no futuro da cidade. Este espa\u00e7o foi pensado para acolher todos os cidad\u00e3os e ampliar oportunidades para quem busca conhecimento e crescimento pessoal e profissional\u201d, destacou o vice-prefeito Anderson Hespanhol Pique.<\/p>\n<p>Estiveram presentes na cerim\u00f4nia, o secret\u00e1rio de Cultura, Turismo e Eventos, Alex Olivato, o secret\u00e1rio de Desenvolvimento Econ\u00f4mico Sustent\u00e1vel, Roberson Castellar, demais secret\u00e1rios municipais, os vereadores Paulo C\u00e9sar Morais de Oliveira, Vilson Caleffi, Valmir Sanches, Diego Fabiano, C\u00edcero Saraiva, Deize Bettin, Jos\u00e9 Antonio Br\u00e1s, Rozimar Rodrigues e Sidnei Gambaro, al\u00e9m de representantes do Senai, servidores e popula\u00e7\u00e3o.<\/p>\n<p>O novo pr\u00e9dio da Biblioteca Municipal e do HUB est\u00e1 localizado na esquina entre a Rua Aita Bentivegna Dias e a Rua Carlos Gomes, pr\u00f3ximo ao Gin\u00e1sio de Esportes do Centro e da Escola Estadual Jamil Abrah\u00e3o Saad.<\/p>\n<\/p><\/div>\n<p><br \/>\n<br \/><a href=\"https:\/\/cordeiropolis.sp.gov.br\/nova-sede-da-biblioteca-e-do-hub-amplia-acessibilidade-e-fortalece-cultura-e-inovacao-em-cordeiropolis\/\" rel=\"noopener\">Informa\u00e7\u00f5es Cordeir\u00f3polis <\/a><\/p>\n","protected":false},"excerpt":{"rendered":"<p>A Prefeitura de Cordeir\u00f3polis inaugurou nesta quarta-feira (3) a nova sede da Biblioteca Municipal \u201cProf\u00aa Aita Bentivegna Dias\u201d e do HUB Cordeiro, dois espa\u00e7os que passam a funcionar em um pr\u00e9dio moderno, acess\u00edvel e planejado para ampliar o acesso da popula\u00e7\u00e3o \u00e0 cultura, \u00e0 educa\u00e7\u00e3o, \u00e0 tecnologia e \u00e0 qualifica\u00e7\u00e3o profissional. A entrega integra a [&hellip;]<\/p>\n","protected":false},"author":1,"featured_media":0,"comment_status":"closed","ping_status":"open","sticky":false,"template":"","format":"standard","meta":{"_jetpack_newsletter_access":"","_jetpack_dont_email_post_to_subs":false,"_jetpack_newsletter_tier_id":0,"_jetpack_memberships_contains_paywalled_content":false,"_mbp_banners":[],"_jetpack_feature_clip_id":0,"_jetpack_memberships_contains_paid_content":false,"footnotes":"","jetpack_publicize_message":"","jetpack_publicize_feature_enabled":true,"jetpack_social_post_already_shared":true,"jetpack_social_options":{"image_generator_settings":{"template":"highway","default_image_id":0,"font":"","enabled":false},"version":2},"jetpack_post_was_ever_published":false},"categories":[20],"tags":[],"class_list":["post-67878","post","type-post","status-publish","format-standard","category-regiao"],"jetpack_publicize_connections":[],"jetpack-related-posts":[],"jetpack_shortlink":"https:\/\/wp.me\/p7Eq1F-hEO","jetpack_sharing_enabled":true,"jetpack_featured_media_url":"","_links":{"self":[{"href":"https:\/\/guialimeira.com.br\/news\/wp-json\/wp\/v2\/posts\/67878","targetHints":{"allow":["GET"]}}],"collection":[{"href":"https:\/\/guialimeira.com.br\/news\/wp-json\/wp\/v2\/posts"}],"about":[{"href":"https:\/\/guialimeira.com.br\/news\/wp-json\/wp\/v2\/types\/post"}],"author":[{"embeddable":true,"href":"https:\/\/guialimeira.com.br\/news\/wp-json\/wp\/v2\/users\/1"}],"replies":[{"embeddable":true,"href":"https:\/\/guialimeira.com.br\/news\/wp-json\/wp\/v2\/comments?post=67878"}],"version-history":[{"count":1,"href":"https:\/\/guialimeira.com.br\/news\/wp-json\/wp\/v2\/posts\/67878\/revisions"}],"predecessor-version":[{"id":67879,"href":"https:\/\/guialimeira.com.br\/news\/wp-json\/wp\/v2\/posts\/67878\/revisions\/67879"}],"wp:attachment":[{"href":"https:\/\/guialimeira.com.br\/news\/wp-json\/wp\/v2\/media?parent=67878"}],"wp:term":[{"taxonomy":"category","embeddable":true,"href":"https:\/\/guialimeira.com.br\/news\/wp-json\/wp\/v2\/categories?post=67878"},{"taxonomy":"post_tag","embeddable":true,"href":"https:\/\/guialimeira.com.br\/news\/wp-json\/wp\/v2\/tags?post=67878"}],"curies":[{"name":"wp","href":"https:\/\/api.w.org\/{rel}","templated":true}]}}