{"id":67875,"date":"2026-06-03T18:20:13","date_gmt":"2026-06-03T21:20:13","guid":{"rendered":"https:\/\/guialimeira.com.br\/prefeitura-promove-plantao-de-vacinacao-e-acoes-itinerantes-a-partir-desta-sexta-5-em-limeira\/"},"modified":"2026-06-03T18:20:13","modified_gmt":"2026-06-03T21:20:13","slug":"prefeitura-promove-plantao-de-vacinacao-e-acoes-itinerantes-a-partir-desta-sexta-5-em-limeira","status":"publish","type":"post","link":"https:\/\/guialimeira.com.br\/news\/prefeitura-promove-plantao-de-vacinacao-e-acoes-itinerantes-a-partir-desta-sexta-5-em-limeira\/","title":{"rendered":"Prefeitura promove plant\u00e3o de vacina\u00e7\u00e3o e a\u00e7\u00f5es itinerantes a partir desta sexta (5) em Limeira"},"content":{"rendered":"<p> <br \/>\n<\/p>\n<div id=\"\">&#13;<br \/>\n                    &#13;<br \/>\n&#13;<br \/>\n&#13;<br \/>\n&#13;<br \/>\n&#13;<br \/>\n&#13;<br \/>\n    <img data-recalc-dims=\"1\" decoding=\"async\" src=\"https:\/\/i0.wp.com\/ecrie.com.br\/sistema\/conteudos\/imagem\/m_137_0_1_03062026181921.jpeg?w=696&#038;ssl=1\" alt=\"Prefeitura promove plant\u00e3o de vacina\u00e7\u00e3o e a\u00e7\u00f5es itinerantes a partir desta sexta (5) em Limeira\"\/>&#13;<br \/>\n&#13;<br \/>\n&#13;<\/p>\n<p>A Prefeitura de Limeira realiza a partir desta sexta-feira (5) uma s\u00e9rie de a\u00e7\u00f5es para ampliar o acesso da popula\u00e7\u00e3o \u00e0s vacinas, especialmente para quem n\u00e3o consegue comparecer \u00e0s unidades de sa\u00fade durante a semana. Na sexta-feira (5), equipes de sa\u00fade estar\u00e3o na Feira Noturna do Jardim S\u00e3o Louren\u00e7o. No s\u00e1bado (6), na Pra\u00e7a Na\u00e7\u00f5es Unidas (Rosa Granzoto Rosada), na regi\u00e3o do Boa Vista. J\u00e1 no domingo (7), a a\u00e7\u00e3o ser\u00e1 realizada na Feira Livre do Jardim Caieiras.<\/p>\n<p>&#13;<\/p>\n<p>Haver\u00e1 ainda, o plant\u00e3o de vacina\u00e7\u00e3o no s\u00e1bado (6), das 8h \u00e0s 13h, na Unidade B\u00e1sica de Sa\u00fade (UBS) do Jardim Graminha e no drive-thru do Parque Cidade. Na UBS Graminha, estar\u00e3o dispon\u00edveis todas as vacinas do Calend\u00e1rio Nacional de Vacina\u00e7\u00e3o, incluindo as doses contra dengue e gripe. J\u00e1 no drive-thru do Parque Cidade ser\u00e3o aplicadas vacinas contra febre amarela, dengue, covid-19 e gripe.<\/p>\n<p>&#13;<\/p>\n<p>Para receber as vacinas, \u00e9 necess\u00e1rio apresentar documento de identifica\u00e7\u00e3o com foto, Cart\u00e3o SUS, e carteira de vacina\u00e7\u00e3o. Menores devem estar acompanhados dos pais ou respons\u00e1veis.<\/p>\n<p>&#13;<\/p>\n<p>A a\u00e7\u00e3o est\u00e1 alinhada ao Objetivo de Desenvolvimento Sustent\u00e1vel (ODS) 3 da Organiza\u00e7\u00e3o das Na\u00e7\u00f5es Unidas (ONU), que visa assegurar uma vida saud\u00e1vel e promover o bem-estar para todos, em todas as idades. Confira:<\/p>\n<p>&#13;<\/p>\n<p><span style=\"text-decoration: underline;\"><strong>Vacina\u00e7\u00e3o Itinerante<\/strong><\/span><\/p>\n<p>&#13;<\/p>\n<p>Sexta-feira (5)<\/p>\n<p>&#13;<\/p>\n<p><strong>Feira Noturna do Jardim S\u00e3o Louren\u00e7o<\/strong><\/p>\n<p>&#13;<\/p>\n<ul>&#13;<\/p>\n<li><strong>Vacinas:<\/strong> dupla adulto (t\u00e9tano e difteria), hepatite B, febre amarela, meningite (ACWY), HPV, covid-19, dengue (adolescentes), dengue (adultos) e gripe. J\u00e1 as gestantes ter\u00e3o acesso \u00e0 vacina contra a bronquiolite.<\/li>\n<p>&#13;<\/p>\n<li><strong>Hor\u00e1rio: <\/strong>17h \u00e0s 20h30<\/li>\n<p>&#13;<\/p>\n<li><strong>Endere\u00e7o:<\/strong> Av. Dr. Lauro Corr\u00eaa da Silva, 6.525<\/li>\n<p>&#13;\n<\/ul>\n<p>&#13;<\/p>\n<p>S\u00e1bado (6)<\/p>\n<p>&#13;<\/p>\n<p><strong>Pra\u00e7a Na\u00e7\u00f5es Unidas (Rosa Granzoto Rosada)<\/strong><\/p>\n<p>&#13;<\/p>\n<ul>&#13;<\/p>\n<li><strong>Vacinas:<\/strong> dupla adulto (t\u00e9tano e difteria), hepatite B, febre amarela, meningite (ACWY), HPV, covid-19, dengue (adolescentes), dengue (adultos) e gripe. J\u00e1 as gestantes ter\u00e3o acesso \u00e0 vacina contra a bronquiolite.<\/li>\n<p>&#13;<\/p>\n<li><strong>Hor\u00e1rio:<\/strong> 8h \u00e0s 13h<\/li>\n<p>&#13;<\/p>\n<li><strong>Endere\u00e7o:<\/strong> Av. Mogi Mirim, 99 \u2013 Boa Vista<\/li>\n<p>&#13;\n<\/ul>\n<p>&#13;<\/p>\n<p>Domingo (7)<\/p>\n<p>&#13;<\/p>\n<p><strong>Feira Livre do Jardim Caieiras<\/strong><\/p>\n<p>&#13;<\/p>\n<ul>&#13;<\/p>\n<li><strong>Vacinas:<\/strong> dupla adulto (t\u00e9tano e difteria), hepatite B, febre amarela, meningite (ACWY), HPV, covid-19, dengue (adolescentes), dengue (adultos) e gripe. J\u00e1 as gestantes ter\u00e3o acesso \u00e0 vacina contra a bronquiolite.<\/li>\n<p>&#13;<\/p>\n<li><strong>Hor\u00e1rio:<\/strong> 7h30 \u00e0s 11h30<\/li>\n<p>&#13;<\/p>\n<li><strong>Endere\u00e7o:<\/strong> Rua Evaristo Olivato Filho<\/li>\n<p>&#13;\n<\/ul>\n<p>&#13;<\/p>\n<p><span style=\"text-decoration: underline;\"><strong>Plant\u00e3o de Vacina\u00e7\u00e3o<\/strong><\/span><\/p>\n<p>&#13;<\/p>\n<p>S\u00e1bado (6)<\/p>\n<p>&#13;<\/p>\n<p><strong>UBS Jardim Graminha<\/strong><\/p>\n<p>&#13;<\/p>\n<ul>&#13;<\/p>\n<li>Multivacina\u00e7\u00e3o, incluindo dengue e gripe<\/li>\n<p>&#13;<\/p>\n<li><strong>Hor\u00e1rio:<\/strong> 8h \u00e0s 13h<\/li>\n<p>&#13;<\/p>\n<li><strong>Endere\u00e7o:<\/strong> Rua Luiz Pereira do Prado, 156<\/li>\n<p>&#13;\n<\/ul>\n<p>&#13;<\/p>\n<p><strong>&#8211; Drive-thru Parque Cidade<\/strong><\/p>\n<p>&#13;<\/p>\n<ul>&#13;<\/p>\n<li>Vacinas contra febre amarela, dengue, covid-19 e gripe<\/li>\n<p>&#13;<\/p>\n<li><strong>Hor\u00e1rio:<\/strong> 8h \u00e0s 13h<\/li>\n<p>&#13;<\/p>\n<li><strong>Endere\u00e7o:<\/strong> Parque Cidade &#8211; ao lado da pista de skate<\/li>\n<p>&#13;<\/p>\n<li><strong>Acesso de ve\u00edculos:<\/strong> Port\u00e3o A (Anel Vi\u00e1rio) \u2013 Via Ant\u00f4nio Cru\u00e3nes Filho, s\/n\u00ba<\/li>\n<p>&#13;\n<\/ul>\n<p>&#13;<\/p>\n<p><strong>Confira a indica\u00e7\u00e3o das vacinas:<\/strong><\/p>\n<p>&#13;<\/p>\n<p>GRIPE<br \/>&#8211; Para a toda a popula\u00e7\u00e3o acima dos 6 meses.<\/p>\n<p>&#13;<\/p>\n<p>DENGUE (adolescentes)<\/p>\n<p>&#13;<\/p>\n<p>&#8211; Para crian\u00e7as e adolescentes de 10 a 14 anos;<\/p>\n<p>&#13;<\/p>\n<p>DENGUE (adultos)<br \/>&#8211; Para profissionais da \u00e1rea de sa\u00fade (de at\u00e9 59 anos) das redes p\u00fablica e privada: m\u00e9dicos, enfermeiros, psic\u00f3logos, terapeutas ocupacionais, dentistas, veterin\u00e1rios, biom\u00e9dicos, entre outros. Importante: \u00e9 necess\u00e1rio comprovar a atua\u00e7\u00e3o na \u00e1rea, com apresenta\u00e7\u00e3o da carteira de trabalho ou carteira do conselho de classe;<br \/>&#8211; Para adultos de 59 anos; <br \/>&#8211; O imunizante n\u00e3o \u00e9 indicado para idosos com 60 anos ou mais, conforme previsto em bula e regulamentado pela Ag\u00eancia Nacional de Vigil\u00e2ncia Sanit\u00e1ria (Anvisa).<\/p>\n<p>&#13;<\/p>\n<p>COVID-19<br \/>Atualmente, a vacina contra covid-19 \u00e9 voltada a gestantes, pessoas imunocomprometidas e idosos (60 anos ou mais), que devem ser vacinados a cada seis meses. Crian\u00e7as de 6 meses a 4 anos, 11 meses e 29 dias devem receber duas doses da vacina, com intervalo de quatro semanas entre elas. Pessoas de 5 a 59 anos, sem comorbidades e j\u00e1 vacinadas anteriormente, n\u00e3o precisam receber novas doses. Nessa faixa et\u00e1ria, o imunizante \u00e9 destinado apenas aos grupos especiais, que devem receber uma dose anualmente. S\u00e3o eles: pessoas vivendo em institui\u00e7\u00f5es de longa perman\u00eancia, ind\u00edgenas, ribeirinhos, quilombolas, pu\u00e9rperas, trabalhadores da sa\u00fade, pessoas com defici\u00eancia permanente, pessoas com comorbidades, pessoas privadas de liberdade, funcion\u00e1rios do sistema de priva\u00e7\u00e3o de liberdade, adolescentes e jovens cumprindo medidas socioeducativas, pessoas em situa\u00e7\u00e3o de rua e trabalhadores dos Correios.<\/p>\n<p>&#13;<\/p>\n<p>FEBRE AMARELA<br \/>&#8211; Crian\u00e7as a partir de 9 meses de idade que ainda n\u00e3o foram vacinadas e aquelas que n\u00e3o completaram o esquema vacinal de duas doses.<br \/>&#8211; Pessoas que receberam apenas uma dose antes de completar 5 anos de idade dever\u00e3o tomar a dose adicional, independentemente da idade.<br \/>&#8211; Pessoas de qualquer idade que n\u00e3o sabem se j\u00e1 foram vacinadas.<br \/>&#8211; Pessoas com 60 anos ou mais devem apresentar recomenda\u00e7\u00e3o m\u00e9dica por escrito para receber a vacina.<\/p>\n<p>&#13;<\/p>\n<p>DUPLA ADULTO (DIFTERIA E T\u00c9TANO)<br \/>&#8211; Pessoas n\u00e3o vacinadas contra difteria e t\u00e9tano na primeira inf\u00e2ncia;<br \/>&#8211; A partir dos 7 anos, caso n\u00e3o tenham sido vacinadas anteriormente.<\/p>\n<p>&#13;<\/p>\n<p>HEPATITE B<br \/>&#8211; Crian\u00e7as: a vacina deve ser aplicada ainda na maternidade, preferencialmente nas primeiras 12 horas de vida. Em seguida, aos 2, 4 e 6 meses.<br \/>Observa\u00e7\u00e3o: A vacina contra a hepatite B integra a vacina pentavalente.<br \/>&#8211; Adultos n\u00e3o vacinados: devem tomar tr\u00eas doses, com intervalo de 2 meses ap\u00f3s a primeira e 4 meses ap\u00f3s a segunda.<\/p>\n<p>&#13;<\/p>\n<p>MENINGITE (ACWY)<br \/>&#8211; Crian\u00e7as de 12 meses e adolescentes de 11 a 14 anos.<\/p>\n<p>&#13;<\/p>\n<p>HPV<br \/>&#8211; Meninas e Meninos de 9 a 19 anos.<br \/>&#8211; Pessoas com HIV.<br \/>&#8211; Pessoas transplantadas entre 9 e 45 anos.<\/p>\n<p>&#13;<\/p>\n<p>BRONQUIOLITE<br \/>&#8211; Para gestantes.<\/p>\n<p>&#13;<br \/>\n&#13;<br \/>\n&#13;<br \/>\n&#13;<\/p>\n<article class=\"conteudo-relacionado no-print\">&#13;<br \/>\n        &#13;<br \/>\n&#13;<br \/>\n        &#13;<br \/>\n    <\/article>\n<p>&#13;<br \/>\n&#13;\n                <\/p><\/div>\n<p><br \/>\n<br \/><a href=\"https:\/\/limeira.sp.gov.br\/prefeitura-promove-plantao-de-vacinacao-e-acoes-itinerantes-a-partir-desta-sexta-5-em-limeira\" rel=\"noopener\">Informa\u00e7\u00f5es da PML <\/a><\/p>\n","protected":false},"excerpt":{"rendered":"<p>&#13; &#13; &#13; &#13; &#13; &#13; &#13; &#13; &#13; &#13; A Prefeitura de Limeira realiza a partir desta sexta-feira (5) uma s\u00e9rie de a\u00e7\u00f5es para ampliar o acesso da popula\u00e7\u00e3o \u00e0s vacinas, especialmente para quem n\u00e3o consegue comparecer \u00e0s unidades de sa\u00fade durante a semana. Na sexta-feira (5), equipes de sa\u00fade estar\u00e3o na Feira Noturna [&hellip;]<\/p>\n","protected":false},"author":1,"featured_media":67876,"comment_status":"","ping_status":"open","sticky":false,"template":"","format":"standard","meta":{"_jetpack_newsletter_access":"","_jetpack_dont_email_post_to_subs":false,"_jetpack_newsletter_tier_id":0,"_jetpack_memberships_contains_paywalled_content":false,"_mbp_banners":[],"_jetpack_feature_clip_id":0,"_jetpack_memberships_contains_paid_content":false,"footnotes":"","jetpack_publicize_message":"","jetpack_publicize_feature_enabled":true,"jetpack_social_post_already_shared":true,"jetpack_social_options":{"image_generator_settings":{"template":"highway","default_image_id":0,"font":"","enabled":false},"version":2},"jetpack_post_was_ever_published":false},"categories":[16],"tags":[],"class_list":["post-67875","post","type-post","status-publish","format-standard","has-post-thumbnail","category-local"],"jetpack_publicize_connections":[],"jetpack-related-posts":[],"jetpack_shortlink":"https:\/\/wp.me\/p7Eq1F-hEL","jetpack_sharing_enabled":true,"jetpack_featured_media_url":"https:\/\/i0.wp.com\/guialimeira.com.br\/news\/wp-content\/uploads\/2026\/06\/m_137_0_1_03062026181921.jpeg?fit=1024%2C576&ssl=1","_links":{"self":[{"href":"https:\/\/guialimeira.com.br\/news\/wp-json\/wp\/v2\/posts\/67875","targetHints":{"allow":["GET"]}}],"collection":[{"href":"https:\/\/guialimeira.com.br\/news\/wp-json\/wp\/v2\/posts"}],"about":[{"href":"https:\/\/guialimeira.com.br\/news\/wp-json\/wp\/v2\/types\/post"}],"author":[{"embeddable":true,"href":"https:\/\/guialimeira.com.br\/news\/wp-json\/wp\/v2\/users\/1"}],"replies":[{"embeddable":true,"href":"https:\/\/guialimeira.com.br\/news\/wp-json\/wp\/v2\/comments?post=67875"}],"version-history":[{"count":0,"href":"https:\/\/guialimeira.com.br\/news\/wp-json\/wp\/v2\/posts\/67875\/revisions"}],"wp:featuredmedia":[{"embeddable":true,"href":"https:\/\/guialimeira.com.br\/news\/wp-json\/wp\/v2\/media\/67876"}],"wp:attachment":[{"href":"https:\/\/guialimeira.com.br\/news\/wp-json\/wp\/v2\/media?parent=67875"}],"wp:term":[{"taxonomy":"category","embeddable":true,"href":"https:\/\/guialimeira.com.br\/news\/wp-json\/wp\/v2\/categories?post=67875"},{"taxonomy":"post_tag","embeddable":true,"href":"https:\/\/guialimeira.com.br\/news\/wp-json\/wp\/v2\/tags?post=67875"}],"curies":[{"name":"wp","href":"https:\/\/api.w.org\/{rel}","templated":true}]}}