{"id":67870,"date":"2026-06-03T17:55:07","date_gmt":"2026-06-03T20:55:07","guid":{"rendered":"https:\/\/guialimeira.com.br\/obras-do-programa-integratiete-avancam-em-cajamar-com-r-132-milhoes-em-investimentos-em-saneamento\/"},"modified":"2026-06-03T17:55:07","modified_gmt":"2026-06-03T20:55:07","slug":"obras-do-programa-integratiete-avancam-em-cajamar-com-r-132-milhoes-em-investimentos-em-saneamento","status":"publish","type":"post","link":"https:\/\/guialimeira.com.br\/news\/obras-do-programa-integratiete-avancam-em-cajamar-com-r-132-milhoes-em-investimentos-em-saneamento\/","title":{"rendered":"Obras do programa IntegraTiet\u00ea avan\u00e7am em Cajamar com R$ 132 milh\u00f5es em investimentos em saneamento"},"content":{"rendered":"<p> <br \/>\n<\/p>\n<div>\n<p class=\"wp-block-paragraph\">Com investimentos de aproximadamente R$ 132 milh\u00f5es, as obras do programa IntegraTiet\u00ea est\u00e3o ampliando a infraestrutura de saneamento em Cajamar, na Regi\u00e3o Metropolitana de S\u00e3o Paulo. As interven\u00e7\u00f5es incluem a implanta\u00e7\u00e3o de novas redes de coleta, esta\u00e7\u00f5es elevat\u00f3rias e uma esta\u00e7\u00e3o de tratamento de esgoto, beneficiando mais de 43 mil moradores e contribuindo para a melhoria da qualidade dos recursos h\u00eddricos da regi\u00e3o. Nesta quarta-feira (3), a secret\u00e1ria de Meio Ambiente, Infraestrutura e Log\u00edstica (Semil), Nat\u00e1lia Resende, acompanhou o andamento das obras executadas pela Sabesp no munic\u00edpio.<\/p>\n<p class=\"wp-block-paragraph\">Os trabalhos do Sistema de Esgotamento Sanit\u00e1rio de Cajamar representam um importante avan\u00e7o para a universaliza\u00e7\u00e3o do saneamento e contemplam a implanta\u00e7\u00e3o de cerca de 13 quil\u00f4metros de tubula\u00e7\u00f5es entre redes coletoras, linhas de recalque e coletores-tronco, al\u00e9m da constru\u00e7\u00e3o da Esta\u00e7\u00e3o Elevat\u00f3ria de Esgoto (EEE) P1, no Polvilho, que recebeu investimento de R$ 14 milh\u00f5es e beneficiar\u00e1 aproximadamente 13 mil moradores da Vila Granipavi.<\/p>\n<figure class=\"wp-block-image size-large\"><img data-recalc-dims=\"1\" fetchpriority=\"high\" decoding=\"async\" width=\"696\" height=\"464\" src=\"https:\/\/i0.wp.com\/www.agenciasp.sp.gov.br\/wp-content\/uploads\/2026\/06\/corrego-fazenda-foto-arthur-pacheco-governo-de-sp-2-1024x683.jpg?resize=696%2C464&#038;ssl=1\" alt=\"\" class=\"wp-image-149302\" srcset=\"https:\/\/www.agenciasp.sp.gov.br\/wp-content\/uploads\/2026\/06\/corrego-fazenda-foto-arthur-pacheco-governo-de-sp-2-1024x683.jpg 1024w, https:\/\/www.agenciasp.sp.gov.br\/wp-content\/uploads\/2026\/06\/corrego-fazenda-foto-arthur-pacheco-governo-de-sp-2-300x200.jpg 300w, https:\/\/www.agenciasp.sp.gov.br\/wp-content\/uploads\/2026\/06\/corrego-fazenda-foto-arthur-pacheco-governo-de-sp-2-768x512.jpg 768w, https:\/\/www.agenciasp.sp.gov.br\/wp-content\/uploads\/2026\/06\/corrego-fazenda-foto-arthur-pacheco-governo-de-sp-2-1536x1024.jpg 1536w, https:\/\/www.agenciasp.sp.gov.br\/wp-content\/uploads\/2026\/06\/corrego-fazenda-foto-arthur-pacheco-governo-de-sp-2-150x100.jpg 150w, https:\/\/www.agenciasp.sp.gov.br\/wp-content\/uploads\/2026\/06\/corrego-fazenda-foto-arthur-pacheco-governo-de-sp-2.jpg 2048w\" sizes=\"(max-width: 1024px) 100vw, 1024px\"\/><figcaption class=\"wp-element-caption\">Secret\u00e1ria Nat\u00e1lia Resende visita c\u00f3rrego em Barueri. Foto: Arthur Pacheco\/Governo de SP<\/figcaption><\/figure>\n<p class=\"wp-block-paragraph\">O empreendimento tamb\u00e9m contempla a amplia\u00e7\u00e3o do Sistema de Esgotamento Sanit\u00e1rio (SES) Jordan\u00e9sia, com investimento de R$ 52 milh\u00f5es. Como parte desse conjunto de interven\u00e7\u00f5es, est\u00e1 sendo constru\u00edda a nova Esta\u00e7\u00e3o de Tratamento de Esgoto (ETE) Jordan\u00e9sia, que concentra R$ 66 milh\u00f5es em aportes e ter\u00e1 capacidade para tratar at\u00e9 90 litros de esgoto por segundo. As obras beneficiar\u00e3o cerca de 30 mil moradores dos bairros Jardim Penteado, Parque S\u00e3o Roberto II, Parque S\u00e3o Roberto e Vila Santa Terezinha, ampliando a coleta e o tratamento de esgoto e contribuindo para melhorias na sa\u00fade p\u00fablica, na qualidade de vida da popula\u00e7\u00e3o e na preserva\u00e7\u00e3o ambiental. Ap\u00f3s o tratamento, os efluentes ser\u00e3o devolvidos ao Ribeir\u00e3o dos Cristais dentro dos padr\u00f5es ambientais, contribuindo para a recupera\u00e7\u00e3o da qualidade da \u00e1gua e o fortalecimento dos recursos h\u00eddricos da regi\u00e3o.<\/p>\n<p class=\"wp-block-paragraph\"><strong>LEIA TAMB\u00c9M: <a href=\"https:\/\/www.agenciasp.sp.gov.br\/apos-decadas-sem-infraestrutura-basica-vila-sao-francisco-em-poa-comeca-a-receber-agua-tratada-e-coleta-de-esgoto\/\" rel=\"noopener\">Ap\u00f3s d\u00e9cadas sem infraestrutura b\u00e1sica, Vila S\u00e3o Francisco, em Po\u00e1, come\u00e7a a receber \u00e1gua tratada e coleta de esgoto<\/a><\/strong><\/p>\n<p class=\"wp-block-paragraph\">\u201cEssas obras representam uma transforma\u00e7\u00e3o para Cajamar. Al\u00e9m de ampliar o acesso ao saneamento, elas contribuem diretamente para a recupera\u00e7\u00e3o dos recursos h\u00eddricos e para a melhoria da qualidade de vida da popula\u00e7\u00e3o. Estamos investindo em infraestrutura que gera benef\u00edcios ambientais, sociais e de sa\u00fade p\u00fablica para as pr\u00f3ximas d\u00e9cadas\u201d, destacou a secret\u00e1ria Nat\u00e1lia Resende.<\/p>\n<h3 class=\"wp-block-heading\">Recupera\u00e7\u00e3o do C\u00f3rrego Fazenda<\/h3>\n<p class=\"wp-block-paragraph\">Mais cedo, em Barueri, a secret\u00e1ria acompanhou os resultados das interven\u00e7\u00f5es realizadas pela Sabesp no c\u00f3rrego Fazenda, que vem apresentando melhorias ambientais ap\u00f3s a amplia\u00e7\u00e3o da coleta e do tratamento de esgoto na regi\u00e3o.<\/p>\n<p class=\"wp-block-paragraph\"><strong>LEIA TAMB\u00c9M: <a href=\"https:\/\/www.agenciasp.sp.gov.br\/monitoramento-da-cetesb-aponta-melhora-em-7-dos-16-afluentes-do-rio-pinheiros-apos-avanco-de-obras-e-acoes-ambientais\/\" rel=\"noopener\">Monitoramento da Cetesb aponta melhora em 7 dos 16 afluentes do Rio Pinheiros ap\u00f3s avan\u00e7o de obras e a\u00e7\u00f5es ambientais<\/a><\/strong><\/p>\n<p class=\"wp-block-paragraph\">As obras inclu\u00edram a implanta\u00e7\u00e3o de aproximadamente tr\u00eas quil\u00f4metros de tubula\u00e7\u00f5es para encaminhar os efluentes \u00e0 Esta\u00e7\u00e3o de Tratamento de Esgoto (ETE) Barueri, em um investimento de cerca de R$ 7 milh\u00f5es. Somente na bacia do Fazenda, aproximadamente 600 im\u00f3veis passaram a ter seus esgotos destinados ao tratamento adequado.<\/p>\n<h3 class=\"wp-block-heading\">IntegraTiet\u00ea<\/h3>\n<p class=\"wp-block-paragraph\">As interven\u00e7\u00f5es integram o programa IntegraTiet\u00ea, iniciativa do Governo do Estado voltada \u00e0 amplia\u00e7\u00e3o da coleta e tratamento de esgoto, recupera\u00e7\u00e3o ambiental e melhoria da qualidade das \u00e1guas na bacia do Rio Tiet\u00ea.<\/p>\n<p class=\"wp-block-paragraph\">Desde 2023, a Sabesp j\u00e1 conectou mais de 1,1 milh\u00e3o de domic\u00edlios \u00e0 rede de esgoto. No total, o programa prev\u00ea a conex\u00e3o de 1,5 milh\u00e3o de novos domic\u00edlios \u00e0 rede de coleta e tratamento de esgoto at\u00e9 2026 e mais de 2,2 milh\u00f5es at\u00e9 2029, beneficiando principalmente munic\u00edpios da Regi\u00e3o Metropolitana de S\u00e3o Paulo e do Alto Tiet\u00ea.<\/p>\n<\/p><\/div>\n<p><br \/>\n<br \/><a href=\"https:\/\/www.agenciasp.sp.gov.br\/obras-do-programa-integratiete-avancam-em-cajamar-com-r-132-milhoes-em-investimentos-em-saneamento\/\" rel=\"noopener\">Informa\u00e7\u00f5es GOV.SP<\/a><\/p>\n","protected":false},"excerpt":{"rendered":"<p>Com investimentos de aproximadamente R$ 132 milh\u00f5es, as obras do programa IntegraTiet\u00ea est\u00e3o ampliando a infraestrutura de saneamento em Cajamar, na Regi\u00e3o Metropolitana de S\u00e3o Paulo. As interven\u00e7\u00f5es incluem a implanta\u00e7\u00e3o de novas redes de coleta, esta\u00e7\u00f5es elevat\u00f3rias e uma esta\u00e7\u00e3o de tratamento de esgoto, beneficiando mais de 43 mil moradores e contribuindo para a [&hellip;]<\/p>\n","protected":false},"author":1,"featured_media":67871,"comment_status":"","ping_status":"open","sticky":false,"template":"","format":"standard","meta":{"_jetpack_newsletter_access":"","_jetpack_dont_email_post_to_subs":false,"_jetpack_newsletter_tier_id":0,"_jetpack_memberships_contains_paywalled_content":false,"_mbp_banners":[],"_jetpack_feature_clip_id":0,"_jetpack_memberships_contains_paid_content":false,"footnotes":"","jetpack_publicize_message":"","jetpack_publicize_feature_enabled":true,"jetpack_social_post_already_shared":true,"jetpack_social_options":{"image_generator_settings":{"template":"highway","default_image_id":0,"font":"","enabled":false},"version":2},"jetpack_post_was_ever_published":false},"categories":[21],"tags":[],"class_list":["post-67870","post","type-post","status-publish","format-standard","has-post-thumbnail","category-sp-news"],"jetpack_publicize_connections":[],"jetpack-related-posts":[],"jetpack_shortlink":"https:\/\/wp.me\/p7Eq1F-hEG","jetpack_sharing_enabled":true,"jetpack_featured_media_url":"https:\/\/i0.wp.com\/guialimeira.com.br\/news\/wp-content\/uploads\/2026\/06\/Obras-do-programa-IntegraTiete-avancam-em-Cajamar-com-R-132.jpg?fit=1024%2C683&ssl=1","_links":{"self":[{"href":"https:\/\/guialimeira.com.br\/news\/wp-json\/wp\/v2\/posts\/67870","targetHints":{"allow":["GET"]}}],"collection":[{"href":"https:\/\/guialimeira.com.br\/news\/wp-json\/wp\/v2\/posts"}],"about":[{"href":"https:\/\/guialimeira.com.br\/news\/wp-json\/wp\/v2\/types\/post"}],"author":[{"embeddable":true,"href":"https:\/\/guialimeira.com.br\/news\/wp-json\/wp\/v2\/users\/1"}],"replies":[{"embeddable":true,"href":"https:\/\/guialimeira.com.br\/news\/wp-json\/wp\/v2\/comments?post=67870"}],"version-history":[{"count":0,"href":"https:\/\/guialimeira.com.br\/news\/wp-json\/wp\/v2\/posts\/67870\/revisions"}],"wp:featuredmedia":[{"embeddable":true,"href":"https:\/\/guialimeira.com.br\/news\/wp-json\/wp\/v2\/media\/67871"}],"wp:attachment":[{"href":"https:\/\/guialimeira.com.br\/news\/wp-json\/wp\/v2\/media?parent=67870"}],"wp:term":[{"taxonomy":"category","embeddable":true,"href":"https:\/\/guialimeira.com.br\/news\/wp-json\/wp\/v2\/categories?post=67870"},{"taxonomy":"post_tag","embeddable":true,"href":"https:\/\/guialimeira.com.br\/news\/wp-json\/wp\/v2\/tags?post=67870"}],"curies":[{"name":"wp","href":"https:\/\/api.w.org\/{rel}","templated":true}]}}