{"id":67869,"date":"2026-06-03T17:50:56","date_gmt":"2026-06-03T20:50:56","guid":{"rendered":"https:\/\/guialimeira.com.br\/saude-autocuidado-e-violencia-domestica-foram-temas-de-palestra-da-procuradoria-da-mulher-da-camara\/"},"modified":"2026-06-03T17:50:56","modified_gmt":"2026-06-03T20:50:56","slug":"saude-autocuidado-e-violencia-domestica-foram-temas-de-palestra-da-procuradoria-da-mulher-da-camara","status":"publish","type":"post","link":"https:\/\/guialimeira.com.br\/news\/saude-autocuidado-e-violencia-domestica-foram-temas-de-palestra-da-procuradoria-da-mulher-da-camara\/","title":{"rendered":"Sa\u00fade, autocuidado e viol\u00eancia dom\u00e9stica foram temas de palestra da Procuradoria da Mulher da C\u00e2mara"},"content":{"rendered":"<p>Sa\u00fade, autocuidado e viol\u00eancia dom\u00e9stica foram temas de palestra da Procuradoria da Mulher da C\u00e2mara<\/p>\n<p>A Procuradora Especial da Mulher da C\u00e2mara, juntamente com a Escola Legislativa Paulo Freire, realizou nesta ter\u00e7a-feira, 2 de junho, a palestra \u201cSa\u00fade e Autocuidado, pr\u00e1ticas de valoriza\u00e7\u00e3o da mulher e do bem-estar familiar\u201d, com a m\u00e9dica Soraia Drago na Par\u00f3quia Santa Isabel de Portugal, no Parque Hip\u00f3lito. Estavam presentes o padre Edmilson Jos\u00e9 da Silva, a primeira-dama, Luciana F\u00e9lix, e o presidente do Legislativo, vereador Everton Ferreira (PSD).<\/p>\n<p>O p\u00fablico presente teve acesso a informa\u00e7\u00f5es sobre a import\u00e2ncia de homens e mulheres cuidarem da sa\u00fade f\u00edsica, mental, emocional e psicol\u00f3gica. \u201cA pessoa precisa estar bem para poder cuidar do outro. \u00c9 necess\u00e1rio estar atento para oferecer ajuda. E muitas vezes a pessoa que est\u00e1 vivendo uma situa\u00e7\u00e3o de viol\u00eancia tem dificuldade em pedir esta ajuda, por isso \u00e9 preciso estar atento. Por meio desta palestra ser\u00e1 poss\u00edvel identificar os diversos tipos de viol\u00eancia e onde procurar ajuda\u201d, disse a procuradora especial da Mulher, vereadora Lu Bogo (PL). A parlamentar agradeceu ao padre Edmilson pela extens\u00e3o do convite para a palestra a todos da comunidade da Par\u00f3quia Santa Isabel de Portugal.<\/p>\n<p>A palestrante, Soraia Drago, fez uma ampla abordagem a respeito de sa\u00fade emocional, f\u00edsica, psicol\u00f3gica e apresentou hist\u00f3rias de mulheres inspiradoras que motivam outras a buscar ajuda. Falou tamb\u00e9m das variadas formas de viol\u00eancia \u2013 f\u00edsica, sexual, emocional, patrimonial e moral.\u00a0 \u201cComo disse Maria da Penha, \u2018a vida come\u00e7a quando a viol\u00eancia termina\u2019. \u00c9 preciso ter empatia, resili\u00eancia para ouvir. \u00c9 preciso ter coragem para buscar ajuda. A pessoa que sofre qualquer tipo de viol\u00eancia precisa buscar apoio da comunidade, fam\u00edlia, \u00e9 importante\u201d, destacou a palestrante.<\/p>\n<p>A Procuradoria Especial da Mulher Itinerante tem por objetivo levar informa\u00e7\u00e3o para a popula\u00e7\u00e3o dos canais dispon\u00edveis em Limeira para buscar ajuda em casos de viol\u00eancia dom\u00e9stica e familiar.<\/p>\n<p>Do Gabinete da Procuradoria Especial da Mulher<\/p>\n<p>As mat\u00e9rias de origem dos Gabinetes Parlamentares s\u00e3o de inteira\u00a0 responsabilidade dos parlamentares e de suas assessorias. S\u00e3o devidamente assinadas e n\u00e3o refletem, necessariamente, a opini\u00e3o institucional da C\u00e2mara Municipal de Limeira.<\/p>\n<hr>\n<p><em>Fonte: <a href=\"https:\/\/www.limeira.sp.leg.br\/noticias\/view\/2026-06-03_saude-autocuidado-e-violencia-domestica-foram-temas-de-palestra-da-procuradoria-da-mulher-da-camara\" target=\"_blank\" rel=\"noopener\">C\u00e2mara Municipal de Limeira<\/a><\/em><\/p>\n","protected":false},"excerpt":{"rendered":"<p>Sa\u00fade, autocuidado e viol\u00eancia dom\u00e9stica foram temas de palestra da Procuradoria da Mulher da C\u00e2mara<\/p>\n<p>A Procuradora Especial da Mulher da C\u00e2mara, juntamente com a Escola Legislativa Paulo Freire, realizou nesta ter\u00e7a-feira, 2 de junho, a palestra \u201cSa\u00fade e Autocuidado, pr\u00e1ticas de valoriza\u00e7\u00e3o da mulh<\/p>\n","protected":false},"author":4,"featured_media":67868,"comment_status":"","ping_status":"open","sticky":false,"template":"","format":"standard","meta":{"_jetpack_newsletter_access":"","_jetpack_dont_email_post_to_subs":false,"_jetpack_newsletter_tier_id":0,"_jetpack_memberships_contains_paywalled_content":false,"_mbp_banners":[],"_jetpack_feature_clip_id":0,"_jetpack_memberships_contains_paid_content":false,"footnotes":"","jetpack_publicize_message":"","jetpack_publicize_feature_enabled":true,"jetpack_social_post_already_shared":true,"jetpack_social_options":{"image_generator_settings":{"template":"highway","default_image_id":0,"font":"","enabled":false},"version":2},"jetpack_post_was_ever_published":false},"categories":[19],"tags":[],"class_list":["post-67869","post","type-post","status-publish","format-standard","has-post-thumbnail","category-politica"],"jetpack_publicize_connections":[],"jetpack-related-posts":[],"jetpack_shortlink":"https:\/\/wp.me\/p7Eq1F-hEF","jetpack_sharing_enabled":true,"jetpack_featured_media_url":"https:\/\/i0.wp.com\/guialimeira.com.br\/news\/wp-content\/uploads\/2026\/06\/noticia-camara-22.jpg?fit=1280%2C640&ssl=1","_links":{"self":[{"href":"https:\/\/guialimeira.com.br\/news\/wp-json\/wp\/v2\/posts\/67869","targetHints":{"allow":["GET"]}}],"collection":[{"href":"https:\/\/guialimeira.com.br\/news\/wp-json\/wp\/v2\/posts"}],"about":[{"href":"https:\/\/guialimeira.com.br\/news\/wp-json\/wp\/v2\/types\/post"}],"author":[{"embeddable":true,"href":"https:\/\/guialimeira.com.br\/news\/wp-json\/wp\/v2\/users\/4"}],"replies":[{"embeddable":true,"href":"https:\/\/guialimeira.com.br\/news\/wp-json\/wp\/v2\/comments?post=67869"}],"version-history":[{"count":0,"href":"https:\/\/guialimeira.com.br\/news\/wp-json\/wp\/v2\/posts\/67869\/revisions"}],"wp:featuredmedia":[{"embeddable":true,"href":"https:\/\/guialimeira.com.br\/news\/wp-json\/wp\/v2\/media\/67868"}],"wp:attachment":[{"href":"https:\/\/guialimeira.com.br\/news\/wp-json\/wp\/v2\/media?parent=67869"}],"wp:term":[{"taxonomy":"category","embeddable":true,"href":"https:\/\/guialimeira.com.br\/news\/wp-json\/wp\/v2\/categories?post=67869"},{"taxonomy":"post_tag","embeddable":true,"href":"https:\/\/guialimeira.com.br\/news\/wp-json\/wp\/v2\/tags?post=67869"}],"curies":[{"name":"wp","href":"https:\/\/api.w.org\/{rel}","templated":true}]}}