{"id":67863,"date":"2026-06-03T17:19:53","date_gmt":"2026-06-03T20:19:53","guid":{"rendered":"https:\/\/guialimeira.com.br\/prefeitura-de-limeira-arrecada-mais-de-22-mil-itens-em-doacoes-durante-mostra-de-danca-2026\/"},"modified":"2026-06-03T17:19:53","modified_gmt":"2026-06-03T20:19:53","slug":"prefeitura-de-limeira-arrecada-mais-de-22-mil-itens-em-doacoes-durante-mostra-de-danca-2026","status":"publish","type":"post","link":"https:\/\/guialimeira.com.br\/news\/prefeitura-de-limeira-arrecada-mais-de-22-mil-itens-em-doacoes-durante-mostra-de-danca-2026\/","title":{"rendered":"Prefeitura de Limeira arrecada mais de 2,2 mil itens em doa\u00e7\u00f5es durante Mostra de Dan\u00e7a 2026"},"content":{"rendered":"<p> <br \/>\n<\/p>\n<div id=\"\">&#13;<br \/>\n                    &#13;<br \/>\n&#13;<br \/>\n&#13;<br \/>\n&#13;<br \/>\n&#13;<br \/>\n&#13;<br \/>\n    <img data-recalc-dims=\"1\" decoding=\"async\" src=\"https:\/\/i0.wp.com\/ecrie.com.br\/sistema\/conteudos\/imagem\/m_137_2_1_03062026164303.jpeg?w=696&#038;ssl=1\" alt=\"Prefeitura de Limeira arrecada mais de 2,2 mil itens em doa\u00e7\u00f5es durante Mostra de Dan\u00e7a 2026\"\/>&#13;<br \/>\n&#13;<br \/>\n&#13;<\/p>\n<p>A Prefeitura de Limeira, por meio da Secretaria de Cultura, encerrou as atividades da Mostra de Dan\u00e7a 2026 com balan\u00e7o positivo e grande engajamento comunit\u00e1rio. O evento solid\u00e1rio, que uniu arte e responsabilidade social no Teatro Vit\u00f3ria e em espa\u00e7os alternativos, alcan\u00e7ou expressiva arrecada\u00e7\u00e3o de itens. Ao todo, as doa\u00e7\u00f5es somaram mais de 2,2 mil produtos, entre eles insumos de higiene pessoal, materiais de limpeza, al\u00e9m de alimentos n\u00e3o perec\u00edveis destinados a entidades assistenciais do munic\u00edpio.<\/p>\n<p>&#13;<\/p>\n<p>O prefeito Murilo F\u00e9lix destacou que a Mostra de Dan\u00e7a vai al\u00e9m da valoriza\u00e7\u00e3o art\u00edstica e refor\u00e7a o compromisso da administra\u00e7\u00e3o municipal com a solidariedade. &#8220;A cultura tem o poder de transformar vidas, aproximar as pessoas e fortalecer os la\u00e7os da nossa comunidade. Ver um evento t\u00e3o grandioso reunir centenas de artistas, movimentar a cidade e ainda gerar tantas doa\u00e7\u00f5es, mostra que estamos no caminho certo&#8221;, afirmou.<\/p>\n<p>&#13;<\/p>\n<p>Ao longo de 10 dias de evento, que integraram as a\u00e7\u00f5es do &#8220;Esquenta&#8221; e as noites oficiais de espet\u00e1culos, o p\u00fablico prestigiou a apresenta\u00e7\u00e3o de 176 coreografias. O palco do Teatro Vit\u00f3ria recebeu um elenco geral de 219 bailarinos que apresentaram modalidades como dan\u00e7a de sal\u00e3o, K-pop, dan\u00e7as populares, dan\u00e7a do ventre, sapateado, bal\u00e9 de repert\u00f3rio, jazz dance, dan\u00e7as urbanas e dan\u00e7a contempor\u00e2nea. Os workshops e palestras da Mostra tamb\u00e9m tiveram forte ades\u00e3o, contabilizando 309 inscri\u00e7\u00f5es preenchidas em atividades gratuitas ministrados por profissionais de renome nacional.<\/p>\n<p>&#13;<\/p>\n<p>Para o secret\u00e1rio de Cultura, Bruno Bortolan, a edi\u00e7\u00e3o de 2026 consolidou a Mostra de Dan\u00e7a como um dos principais eventos culturais do munic\u00edpio. &#8220;Foi, sem d\u00favida, a maior e melhor Mostra de Dan\u00e7a que Limeira j\u00e1 realizou. Tivemos um n\u00famero expressivo de participantes, diversidade de estilos, forma\u00e7\u00e3o art\u00edstica de qualidade, grande presen\u00e7a de p\u00fablico e, acima de tudo, um resultado social extremamente relevante. A dan\u00e7a mostrou mais uma vez sua for\u00e7a como instrumento de transforma\u00e7\u00e3o, inclus\u00e3o e mobiliza\u00e7\u00e3o da comunidade&#8221;, destacou.<\/p>\n<p>&#13;<\/p>\n<p>A Mostra de Dan\u00e7a 2026 contou com a destina\u00e7\u00e3o de uma emenda impositiva da vereadora Mara Isa Mattos Silveira, que tamb\u00e9m \u00e9 respons\u00e1vel pelo projeto que incluiu a Mostra no Calend\u00e1rio Oficial de Eventos do Munic\u00edpio.<br \/>Essa a\u00e7\u00e3o est\u00e1 alinhada aos Objetivos de Desenvolvimento Sustent\u00e1vel (ODS) da Organiza\u00e7\u00e3o das Na\u00e7\u00f5es Unidas (ONU), especialmente ao ODS 11 \u2013 Cidades e Comunidades Sustent\u00e1veis, ao ampliar o acesso \u00e0 cultura, incentivar a participa\u00e7\u00e3o cidad\u00e3 e fortalecer os v\u00ednculos comunit\u00e1rios. A iniciativa tamb\u00e9m contribui para os ODS 10 \u2013 Redu\u00e7\u00e3o das Desigualdades e 17 \u2013 Parcerias e Meios de Implementa\u00e7\u00e3o, ao associar a atividade cultural \u00e0 solidariedade e \u00e0 mobiliza\u00e7\u00e3o conjunta entre poder p\u00fablico, artistas e sociedade civil em benef\u00edcio da popula\u00e7\u00e3o.<\/p>\n<p>&#13;<\/p>\n<p>\u00a0<\/p>\n<p>&#13;<\/p>\n<p><img data-recalc-dims=\"1\" loading=\"lazy\" decoding=\"async\" src=\"https:\/\/i0.wp.com\/ecrie.com.br\/sistema\/conteudos\/imagem\/g_137_1_2_03062026164303.jpeg?resize=696%2C522&#038;ssl=1\" alt=\"20260527_213843~2.jpg\" width=\"696\" height=\"522\"\/><\/p>\n<p>&#13;<\/p>\n<p><img data-recalc-dims=\"1\" decoding=\"async\" src=\"https:\/\/i0.wp.com\/ecrie.com.br\/sistema\/conteudos\/imagem\/g_137_0_3_03062026164303.jpeg?w=696&#038;ssl=1\" alt=\"20260527_215305~22.jpg\"\/><\/p>\n<p>&#13;<\/p>\n<p><img data-recalc-dims=\"1\" decoding=\"async\" src=\"https:\/\/i0.wp.com\/ecrie.com.br\/sistema\/conteudos\/imagem\/g_137_0_2_03062026165234.jpg?w=696&#038;ssl=1\" alt=\"mostra222\"\/><\/p>\n<p>&#13;<\/p>\n<p><img data-recalc-dims=\"1\" decoding=\"async\" src=\"https:\/\/i0.wp.com\/ecrie.com.br\/sistema\/conteudos\/imagem\/g_137_1_1_03062026165234.jpg?w=696&#038;ssl=1\" alt=\"mostra111\"\/><\/p>\n<p>&#13;<\/p>\n<p><em>Fotos: Divulga\u00e7\u00e3o\/Secretaria de Cultura<\/em><\/p>\n<p>&#13;<\/p>\n<p>\u00a0<\/p>\n<p>&#13;<br \/>\n&#13;<br \/>\n&#13;<br \/>\n&#13;<\/p>\n<article class=\"conteudo-relacionado no-print\">&#13;<br \/>\n        &#13;<br \/>\n&#13;<br \/>\n        &#13;<br \/>\n    <\/article>\n<p>&#13;<br \/>\n&#13;\n                <\/p><\/div>\n<p><br \/>\n<br \/><a href=\"https:\/\/limeira.sp.gov.br\/prefeitura-de-limeira-arrecada-mais-de-22-mil-itens-em-doacoes-durante-mostra-de-danca-2026\" rel=\"noopener\">Informa\u00e7\u00f5es da PML <\/a><\/p>\n","protected":false},"excerpt":{"rendered":"<p>&#13; &#13; &#13; &#13; &#13; &#13; &#13; &#13; &#13; &#13; A Prefeitura de Limeira, por meio da Secretaria de Cultura, encerrou as atividades da Mostra de Dan\u00e7a 2026 com balan\u00e7o positivo e grande engajamento comunit\u00e1rio. O evento solid\u00e1rio, que uniu arte e responsabilidade social no Teatro Vit\u00f3ria e em espa\u00e7os alternativos, alcan\u00e7ou expressiva arrecada\u00e7\u00e3o de [&hellip;]<\/p>\n","protected":false},"author":1,"featured_media":67864,"comment_status":"","ping_status":"open","sticky":false,"template":"","format":"standard","meta":{"_jetpack_newsletter_access":"","_jetpack_dont_email_post_to_subs":false,"_jetpack_newsletter_tier_id":0,"_jetpack_memberships_contains_paywalled_content":false,"_mbp_banners":[],"_jetpack_feature_clip_id":0,"_jetpack_memberships_contains_paid_content":false,"footnotes":"","jetpack_publicize_message":"","jetpack_publicize_feature_enabled":true,"jetpack_social_post_already_shared":true,"jetpack_social_options":{"image_generator_settings":{"template":"highway","default_image_id":0,"font":"","enabled":false},"version":2},"jetpack_post_was_ever_published":false},"categories":[16],"tags":[],"class_list":["post-67863","post","type-post","status-publish","format-standard","has-post-thumbnail","category-local"],"jetpack_publicize_connections":[],"jetpack-related-posts":[],"jetpack_shortlink":"https:\/\/wp.me\/p7Eq1F-hEz","jetpack_sharing_enabled":true,"jetpack_featured_media_url":"https:\/\/i0.wp.com\/guialimeira.com.br\/news\/wp-content\/uploads\/2026\/06\/m_137_2_1_03062026164303.jpeg?fit=1024%2C767&ssl=1","_links":{"self":[{"href":"https:\/\/guialimeira.com.br\/news\/wp-json\/wp\/v2\/posts\/67863","targetHints":{"allow":["GET"]}}],"collection":[{"href":"https:\/\/guialimeira.com.br\/news\/wp-json\/wp\/v2\/posts"}],"about":[{"href":"https:\/\/guialimeira.com.br\/news\/wp-json\/wp\/v2\/types\/post"}],"author":[{"embeddable":true,"href":"https:\/\/guialimeira.com.br\/news\/wp-json\/wp\/v2\/users\/1"}],"replies":[{"embeddable":true,"href":"https:\/\/guialimeira.com.br\/news\/wp-json\/wp\/v2\/comments?post=67863"}],"version-history":[{"count":0,"href":"https:\/\/guialimeira.com.br\/news\/wp-json\/wp\/v2\/posts\/67863\/revisions"}],"wp:featuredmedia":[{"embeddable":true,"href":"https:\/\/guialimeira.com.br\/news\/wp-json\/wp\/v2\/media\/67864"}],"wp:attachment":[{"href":"https:\/\/guialimeira.com.br\/news\/wp-json\/wp\/v2\/media?parent=67863"}],"wp:term":[{"taxonomy":"category","embeddable":true,"href":"https:\/\/guialimeira.com.br\/news\/wp-json\/wp\/v2\/categories?post=67863"},{"taxonomy":"post_tag","embeddable":true,"href":"https:\/\/guialimeira.com.br\/news\/wp-json\/wp\/v2\/tags?post=67863"}],"curies":[{"name":"wp","href":"https:\/\/api.w.org\/{rel}","templated":true}]}}