{"id":67862,"date":"2026-06-03T17:10:54","date_gmt":"2026-06-03T20:10:54","guid":{"rendered":"https:\/\/guialimeira.com.br\/prefeitura-realiza-limpeza-no-predio-da-antiga-companhia-da-policia-militar-apos-pedido-de-felipe-penedo\/"},"modified":"2026-06-03T17:10:54","modified_gmt":"2026-06-03T20:10:54","slug":"prefeitura-realiza-limpeza-no-predio-da-antiga-companhia-da-policia-militar-apos-pedido-de-felipe-penedo","status":"publish","type":"post","link":"https:\/\/guialimeira.com.br\/news\/prefeitura-realiza-limpeza-no-predio-da-antiga-companhia-da-policia-militar-apos-pedido-de-felipe-penedo\/","title":{"rendered":"Prefeitura realiza limpeza no pr\u00e9dio da antiga Companhia da Pol\u00edcia Militar ap\u00f3s pedido de Felipe Penedo"},"content":{"rendered":"<p>Prefeitura realiza limpeza no pr\u00e9dio da antiga Companhia da Pol\u00edcia Militar ap\u00f3s pedido de Felipe Penedo<\/p>\n<p>Uma solicita\u00e7\u00e3o apresentada pelo vereador Felipe Penedo (PL) resultou na realiza\u00e7\u00e3o de servi\u00e7os de limpeza no pr\u00e9dio da antiga Companhia da Pol\u00edcia Militar, na Vila S\u00e3o Crist\u00f3vam, na manh\u00e3 desta ter\u00e7a-feira, 2 de junho. A demanda foi encaminhada pelo parlamentar ap\u00f3s diversas reclama\u00e7\u00f5es de moradores da regi\u00e3o sobre o estado de abandono do im\u00f3vel.<\/p>\n<p>Nos \u00faltimos meses, o vereador levou ao Poder Executivo Estadual e Municipal as preocupa\u00e7\u00f5es da popula\u00e7\u00e3o em rela\u00e7\u00e3o ao ac\u00famulo de sujeira, \u00e0 presen\u00e7a de pombos e aos transtornos causados pela falta de manuten\u00e7\u00e3o do local. \u201cO aspecto de abandono do pr\u00e9dio tamb\u00e9m era motivo de preocupa\u00e7\u00e3o para moradores e comerciantes das proximidades\u201d, afirmou Felipe Penedo.<\/p>\n<p>Atendendo ao pedido do vereador, a Secretaria de Obras e Servi\u00e7os P\u00fablicos realizou a limpeza da \u00e1rea. Al\u00e9m disso, est\u00e1 prevista a execu\u00e7\u00e3o de medidas para o fechamento das entradas do im\u00f3vel, com o objetivo de impedir o acesso e a perman\u00eancia de pombos no interior da edifica\u00e7\u00e3o.<\/p>\n<p>Para Felipe Penedo, a a\u00e7\u00e3o representa uma importante resposta \u00e0s reivindica\u00e7\u00f5es da comunidade. \u201cRecebemos in\u00fameras manifesta\u00e7\u00f5es de moradores preocupados com a situa\u00e7\u00e3o do pr\u00e9dio. Nosso trabalho foi levar essa demanda ao Executivo e buscar uma solu\u00e7\u00e3o. A limpeza j\u00e1 melhora significativamente as condi\u00e7\u00f5es do local, e o fechamento das entradas contribuir\u00e1 para reduzir os transtornos enfrentados pela popula\u00e7\u00e3o\u201d, destacou.<\/p>\n<p>O vereador agradeceu a aten\u00e7\u00e3o da Prefeitura ao pedido e reafirmou seu compromisso de continuar atuando em defesa das demandas apresentadas pelos moradores de todas as regi\u00f5es da cidade.<\/p>\n<p>Do Gabinete Parlamentar \u2013 Vereador Felipe Penedo (PL)<\/p>\n<p>*Fotos do Gabinete Parlamentar<\/p>\n<p>As mat\u00e9rias de origem dos Gabinetes Parlamentares s\u00e3o de inteira\u00a0 responsabilidade dos parlamentares e de suas assessorias. S\u00e3o devidamente assinadas e n\u00e3o refletem, necessariamente, a opini\u00e3o institucional da C\u00e2mara Municipal de Limeira.<\/p>\n<hr>\n<p><em>Fonte: <a href=\"https:\/\/www.limeira.sp.leg.br\/noticias\/view\/2026-06-03_prefeitura-realiza-limpeza-no-predio-da-antiga-companhia-da-policia-militar-apos-pedido-de-felipe-penedo\" target=\"_blank\" rel=\"noopener\">C\u00e2mara Municipal de Limeira<\/a><\/em><\/p>\n","protected":false},"excerpt":{"rendered":"<p>Prefeitura realiza limpeza no pr\u00e9dio da antiga Companhia da Pol\u00edcia Militar ap\u00f3s pedido de Felipe Penedo<\/p>\n<p>Uma solicita\u00e7\u00e3o apresentada pelo vereador Felipe Penedo (PL) resultou na realiza\u00e7\u00e3o de servi\u00e7os de limpeza no pr\u00e9dio da antiga Companhia da Pol\u00edcia Militar, na Vila S\u00e3o Crist\u00f3vam, na manh\u00e3 desta<\/p>\n","protected":false},"author":4,"featured_media":67861,"comment_status":"","ping_status":"open","sticky":false,"template":"","format":"standard","meta":{"_jetpack_newsletter_access":"","_jetpack_dont_email_post_to_subs":false,"_jetpack_newsletter_tier_id":0,"_jetpack_memberships_contains_paywalled_content":false,"_mbp_banners":[],"_jetpack_feature_clip_id":0,"_jetpack_memberships_contains_paid_content":false,"footnotes":"","jetpack_publicize_message":"","jetpack_publicize_feature_enabled":true,"jetpack_social_post_already_shared":true,"jetpack_social_options":{"image_generator_settings":{"template":"highway","default_image_id":0,"font":"","enabled":false},"version":2},"jetpack_post_was_ever_published":false},"categories":[19],"tags":[],"class_list":["post-67862","post","type-post","status-publish","format-standard","has-post-thumbnail","category-politica"],"jetpack_publicize_connections":[],"jetpack-related-posts":[],"jetpack_shortlink":"https:\/\/wp.me\/p7Eq1F-hEy","jetpack_sharing_enabled":true,"jetpack_featured_media_url":"https:\/\/i0.wp.com\/guialimeira.com.br\/news\/wp-content\/uploads\/2026\/06\/noticia-camara-21.jpg?fit=1280%2C640&ssl=1","_links":{"self":[{"href":"https:\/\/guialimeira.com.br\/news\/wp-json\/wp\/v2\/posts\/67862","targetHints":{"allow":["GET"]}}],"collection":[{"href":"https:\/\/guialimeira.com.br\/news\/wp-json\/wp\/v2\/posts"}],"about":[{"href":"https:\/\/guialimeira.com.br\/news\/wp-json\/wp\/v2\/types\/post"}],"author":[{"embeddable":true,"href":"https:\/\/guialimeira.com.br\/news\/wp-json\/wp\/v2\/users\/4"}],"replies":[{"embeddable":true,"href":"https:\/\/guialimeira.com.br\/news\/wp-json\/wp\/v2\/comments?post=67862"}],"version-history":[{"count":0,"href":"https:\/\/guialimeira.com.br\/news\/wp-json\/wp\/v2\/posts\/67862\/revisions"}],"wp:featuredmedia":[{"embeddable":true,"href":"https:\/\/guialimeira.com.br\/news\/wp-json\/wp\/v2\/media\/67861"}],"wp:attachment":[{"href":"https:\/\/guialimeira.com.br\/news\/wp-json\/wp\/v2\/media?parent=67862"}],"wp:term":[{"taxonomy":"category","embeddable":true,"href":"https:\/\/guialimeira.com.br\/news\/wp-json\/wp\/v2\/categories?post=67862"},{"taxonomy":"post_tag","embeddable":true,"href":"https:\/\/guialimeira.com.br\/news\/wp-json\/wp\/v2\/tags?post=67862"}],"curies":[{"name":"wp","href":"https:\/\/api.w.org\/{rel}","templated":true}]}}