{"id":67860,"date":"2026-06-03T17:05:53","date_gmt":"2026-06-03T20:05:53","guid":{"rendered":"https:\/\/guialimeira.com.br\/helder-do-taxi-acompanha-projeto-de-revitalizacao-do-campinho-da-my-life\/"},"modified":"2026-06-03T17:05:53","modified_gmt":"2026-06-03T20:05:53","slug":"helder-do-taxi-acompanha-projeto-de-revitalizacao-do-campinho-da-my-life","status":"publish","type":"post","link":"https:\/\/guialimeira.com.br\/news\/helder-do-taxi-acompanha-projeto-de-revitalizacao-do-campinho-da-my-life\/","title":{"rendered":"Helder do T\u00e1xi acompanha projeto de revitaliza\u00e7\u00e3o do campinho da My Life"},"content":{"rendered":"<p>Helder do T\u00e1xi acompanha projeto de revitaliza\u00e7\u00e3o do campinho da My Life<\/p>\n<p>O vereador Helder do T\u00e1xi (PSD) se reuniu na tarde desta quarta-feira, 3 de junho, com o padre da Par\u00f3quia Santa Isabel de Portugal, Edmilson Silva, com os secret\u00e1rios Dimas Peruzza (Esportes), Celso Gon\u00e7alves (Obras), e\u00a0 representantes do projeto social Meninos do Campo, para acompanhar a revitaliza\u00e7\u00e3o da \u00e1rea de lazer Jo\u00e3o Antero do Carmo, conhecida como \u201cCampinho da My Life\u201d.<\/p>\n<p>De acordo com o parlamentar, as interven\u00e7\u00f5es que ser\u00e3o realizadas no espa\u00e7o foram viabilizadas por ele, por meio da Emenda Impositiva N\u00ba 373 ao Projeto de Lei N\u00ba 241\/2025 (Lei Or\u00e7ament\u00e1ria Anual), que destinou R$ 100 mil para a revitaliza\u00e7\u00e3o da \u00e1rea. Entre as melhorias previstas est\u00e3o a troca do gramado, a instala\u00e7\u00e3o de novo alambrado e a amplia\u00e7\u00e3o da ilumina\u00e7\u00e3o com refor\u00e7o dos refletores.<\/p>\n<p>\u201cA iniciativa tem como objetivo proporcionar mais seguran\u00e7a, qualidade e condi\u00e7\u00f5es adequadas para a pr\u00e1tica esportiva e para o desenvolvimento das atividades realizadas no local. Agrade\u00e7o ao prefeito Murilo F\u00e9lix e \u00e0 secret\u00e1ria de Urbanismo, Ana Cristina, pela aprova\u00e7\u00e3o e desenvolvimento deste importante projeto para a regi\u00e3o do Parque Hip\u00f3lito\u201d, disse Helder.<\/p>\n<p>O vereador destacou que o investimento beneficiar\u00e1 diretamente toda a comunidade e, de forma especial, o projeto social Meninos do Campo, que atende mais de 70 crian\u00e7as da regi\u00e3o, promovendo esporte, cidadania e oportunidades para o futuro.<\/p>\n<p>Do Gabinete Parlamentar \u2013 Vereador\u00a0 Helder do T\u00e1xi (PSD)<\/p>\n<p>*Fotos do Gabinete parlamentar<\/p>\n<p>As mat\u00e9rias de origem dos Gabinetes Parlamentares s\u00e3o de inteira\u00a0 responsabilidade dos parlamentares e de suas assessorias. S\u00e3o devidamente assinadas e n\u00e3o refletem, necessariamente, a opini\u00e3o institucional da C\u00e2mara Municipal de Limeira.<\/p>\n<hr>\n<p><em>Fonte: <a href=\"https:\/\/www.limeira.sp.leg.br\/noticias\/view\/2026-06-03_helder-do-taxi-acompanha-projeto-de-revitalizacao-do-campinho-da-my-life\" target=\"_blank\" rel=\"noopener\">C\u00e2mara Municipal de Limeira<\/a><\/em><\/p>\n","protected":false},"excerpt":{"rendered":"<p>Helder do T\u00e1xi acompanha projeto de revitaliza\u00e7\u00e3o do campinho da My Life<\/p>\n<p>O vereador Helder do T\u00e1xi (PSD) se reuniu na tarde desta quarta-feira, 3 de junho, com o padre da Par\u00f3quia Santa Isabel de Portugal, Edmilson Silva, com os secret\u00e1rios Dimas Peruzza (Esportes), Celso Gon\u00e7alves (Obras), e\u00a0 repr<\/p>\n","protected":false},"author":4,"featured_media":67859,"comment_status":"","ping_status":"open","sticky":false,"template":"","format":"standard","meta":{"_jetpack_newsletter_access":"","_jetpack_dont_email_post_to_subs":false,"_jetpack_newsletter_tier_id":0,"_jetpack_memberships_contains_paywalled_content":false,"_mbp_banners":[],"_jetpack_feature_clip_id":0,"_jetpack_memberships_contains_paid_content":false,"footnotes":"","jetpack_publicize_message":"","jetpack_publicize_feature_enabled":true,"jetpack_social_post_already_shared":true,"jetpack_social_options":{"image_generator_settings":{"template":"highway","default_image_id":0,"font":"","enabled":false},"version":2},"jetpack_post_was_ever_published":false},"categories":[19],"tags":[],"class_list":["post-67860","post","type-post","status-publish","format-standard","has-post-thumbnail","category-politica"],"jetpack_publicize_connections":[],"jetpack-related-posts":[],"jetpack_shortlink":"https:\/\/wp.me\/p7Eq1F-hEw","jetpack_sharing_enabled":true,"jetpack_featured_media_url":"https:\/\/i0.wp.com\/guialimeira.com.br\/news\/wp-content\/uploads\/2026\/06\/noticia-camara-20.jpg?fit=1280%2C640&ssl=1","_links":{"self":[{"href":"https:\/\/guialimeira.com.br\/news\/wp-json\/wp\/v2\/posts\/67860","targetHints":{"allow":["GET"]}}],"collection":[{"href":"https:\/\/guialimeira.com.br\/news\/wp-json\/wp\/v2\/posts"}],"about":[{"href":"https:\/\/guialimeira.com.br\/news\/wp-json\/wp\/v2\/types\/post"}],"author":[{"embeddable":true,"href":"https:\/\/guialimeira.com.br\/news\/wp-json\/wp\/v2\/users\/4"}],"replies":[{"embeddable":true,"href":"https:\/\/guialimeira.com.br\/news\/wp-json\/wp\/v2\/comments?post=67860"}],"version-history":[{"count":0,"href":"https:\/\/guialimeira.com.br\/news\/wp-json\/wp\/v2\/posts\/67860\/revisions"}],"wp:featuredmedia":[{"embeddable":true,"href":"https:\/\/guialimeira.com.br\/news\/wp-json\/wp\/v2\/media\/67859"}],"wp:attachment":[{"href":"https:\/\/guialimeira.com.br\/news\/wp-json\/wp\/v2\/media?parent=67860"}],"wp:term":[{"taxonomy":"category","embeddable":true,"href":"https:\/\/guialimeira.com.br\/news\/wp-json\/wp\/v2\/categories?post=67860"},{"taxonomy":"post_tag","embeddable":true,"href":"https:\/\/guialimeira.com.br\/news\/wp-json\/wp\/v2\/tags?post=67860"}],"curies":[{"name":"wp","href":"https:\/\/api.w.org\/{rel}","templated":true}]}}