{"id":67855,"date":"2026-06-03T17:03:16","date_gmt":"2026-06-03T20:03:16","guid":{"rendered":"https:\/\/guialimeira.com.br\/curso-gratuito-de-eletricista-esta-com-inscricoes-abertas-em-limeira\/"},"modified":"2026-06-03T17:03:16","modified_gmt":"2026-06-03T20:03:16","slug":"curso-gratuito-de-eletricista-esta-com-inscricoes-abertas-em-limeira","status":"publish","type":"post","link":"https:\/\/guialimeira.com.br\/news\/curso-gratuito-de-eletricista-esta-com-inscricoes-abertas-em-limeira\/","title":{"rendered":"Curso gratuito de eletricista est\u00e1 com inscri\u00e7\u00f5es abertas em Limeira"},"content":{"rendered":"<p> <br \/>\n<br \/><img data-recalc-dims=\"1\" decoding=\"async\" src=\"https:\/\/i0.wp.com\/ecrie.com.br\/sistema\/conteudos\/imagem\/m_137_0_1_03062026165502.jpg?w=696&#038;ssl=1\" \/><\/p>\n<p>O Servi&ccedil;o Nacional de Aprendizagem Rural (Senar-SP), em parceria com o Sindicato Rural de Limeira e a Prefeitura de Limeira, est&aacute; com inscri&ccedil;&otilde;es abertas para o curso gratuito de Eletricista &ndash; Instala&ccedil;&otilde;es El&eacute;tricas (Baixa Tens&atilde;o). A capacita&ccedil;&atilde;o &eacute; voltada para pessoas com 18 anos ou mais e oferece uma oportunidade de qualifica&ccedil;&atilde;o profissional em uma &aacute;rea com alta demanda no mercado de trabalho.<\/p>\n<p>O curso, que tem apoio da Secretaria de Agroneg&oacute;cios e &Aacute;reas Rurais, ser&aacute; realizado de 8 a 11 de junho, das 8h &agrave;s 17h, na sede do Sindicato Rural de Limeira, localizada na Rua Presidente Prudente, 546, Vila Cidade Jardim. Ao todo, s&atilde;o disponibilizadas 16 vagas, com alimenta&ccedil;&atilde;o e material did&aacute;tico fornecidos gratuitamente aos participantes.<\/p>\n<p>Durante a forma&ccedil;&atilde;o, os alunos ter&atilde;o acesso a aulas te&oacute;ricas e pr&aacute;ticas, abordando conte&uacute;dos essenciais para a atua&ccedil;&atilde;o profissional. Entre os temas trabalhados est&atilde;o a identifica&ccedil;&atilde;o de instrumentos, ferramentas e equipamentos de prote&ccedil;&atilde;o individual, conceitos b&aacute;sicos de eletricidade, sistemas e circuitos el&eacute;tricos, consumo de energia, leitura de medidores, elabora&ccedil;&atilde;o de croquis de instala&ccedil;&otilde;es el&eacute;tricas, dimensionamento de condutores e dispositivos de prote&ccedil;&atilde;o, al&eacute;m da execu&ccedil;&atilde;o de instala&ccedil;&otilde;es el&eacute;tricas de baixa tens&atilde;o.<\/p>\n<p>As inscri&ccedil;&otilde;es devem ser realizadas diretamente com o coordenador regional do Senar, Ricardo Poli, pelo telefone (19) 9 9814-1733. As vagas s&atilde;o limitadas e ser&atilde;o preenchidas conforme a demanda.<\/p>\n<p><strong>Servi&ccedil;o<\/strong><\/p>\n<p>Curso: Eletricista &ndash; Instala&ccedil;&otilde;es El&eacute;tricas (Baixa Tens&atilde;o)<br \/> Data: 8 a 11 de junho<br \/> Hor&aacute;rio: das 8h &agrave;s 17h<br \/> Local: Sindicato Rural de Limeira &ndash; Rua Presidente Prudente, 546, Vila Cidade Jardim<br \/> P&uacute;blico-alvo: maiores de 18 anos<br \/> Vagas: 16<br \/> Inscri&ccedil;&otilde;es: Ricardo Poli &ndash; (19) 99814-1733<br \/> Gratuito, com alimenta&ccedil;&atilde;o e material inclusos.<\/p>\n<p>&nbsp;<\/p>\n<p><br \/>\n<br \/><a href=\"https:\/\/limeira.sp.gov.br\/curso-gratuito-de-eletricista-esta-com-inscricoes-abertas-em-limeira\" rel=\"noopener\">Informa\u00e7\u00f5es da PML <\/a><\/p>\n","protected":false},"excerpt":{"rendered":"<p>O Servi&ccedil;o Nacional de Aprendizagem Rural (Senar-SP), em parceria com o Sindicato Rural de Limeira e a Prefeitura de Limeira, est&aacute; com inscri&ccedil;&otilde;es abertas para o curso gratuito de Eletricista &ndash; Instala&ccedil;&otilde;es El&eacute;tricas (Baixa Tens&atilde;o). A capacita&ccedil;&atilde;o &eacute; voltada para pessoas com 18 anos ou mais e oferece uma oportunidade de qualifica&ccedil;&atilde;o profissional em uma [&hellip;]<\/p>\n","protected":false},"author":1,"featured_media":40933,"comment_status":"","ping_status":"open","sticky":false,"template":"","format":"standard","meta":{"_jetpack_newsletter_access":"","_jetpack_dont_email_post_to_subs":false,"_jetpack_newsletter_tier_id":0,"_jetpack_memberships_contains_paywalled_content":false,"_mbp_banners":[],"_jetpack_feature_clip_id":0,"_jetpack_memberships_contains_paid_content":false,"footnotes":"","jetpack_publicize_message":"","jetpack_publicize_feature_enabled":true,"jetpack_social_post_already_shared":true,"jetpack_social_options":{"image_generator_settings":{"template":"highway","default_image_id":0,"font":"","enabled":false},"version":2},"jetpack_post_was_ever_published":false},"categories":[16],"tags":[],"class_list":["post-67855","post","type-post","status-publish","format-standard","has-post-thumbnail","category-local"],"jetpack_publicize_connections":[],"jetpack-related-posts":[],"jetpack_shortlink":"https:\/\/wp.me\/p7Eq1F-hEr","jetpack_sharing_enabled":true,"jetpack_featured_media_url":"https:\/\/i0.wp.com\/guialimeira.com.br\/news\/wp-content\/uploads\/2025\/08\/fotonaodisponivel.jpg?fit=430%2C282&ssl=1","_links":{"self":[{"href":"https:\/\/guialimeira.com.br\/news\/wp-json\/wp\/v2\/posts\/67855","targetHints":{"allow":["GET"]}}],"collection":[{"href":"https:\/\/guialimeira.com.br\/news\/wp-json\/wp\/v2\/posts"}],"about":[{"href":"https:\/\/guialimeira.com.br\/news\/wp-json\/wp\/v2\/types\/post"}],"author":[{"embeddable":true,"href":"https:\/\/guialimeira.com.br\/news\/wp-json\/wp\/v2\/users\/1"}],"replies":[{"embeddable":true,"href":"https:\/\/guialimeira.com.br\/news\/wp-json\/wp\/v2\/comments?post=67855"}],"version-history":[{"count":0,"href":"https:\/\/guialimeira.com.br\/news\/wp-json\/wp\/v2\/posts\/67855\/revisions"}],"wp:featuredmedia":[{"embeddable":true,"href":"https:\/\/guialimeira.com.br\/news\/wp-json\/wp\/v2\/media\/40933"}],"wp:attachment":[{"href":"https:\/\/guialimeira.com.br\/news\/wp-json\/wp\/v2\/media?parent=67855"}],"wp:term":[{"taxonomy":"category","embeddable":true,"href":"https:\/\/guialimeira.com.br\/news\/wp-json\/wp\/v2\/categories?post=67855"},{"taxonomy":"post_tag","embeddable":true,"href":"https:\/\/guialimeira.com.br\/news\/wp-json\/wp\/v2\/tags?post=67855"}],"curies":[{"name":"wp","href":"https:\/\/api.w.org\/{rel}","templated":true}]}}