{"id":67851,"date":"2026-06-03T16:54:09","date_gmt":"2026-06-03T19:54:09","guid":{"rendered":"https:\/\/guialimeira.com.br\/caravana-3d-governo-de-sp-entrega-novo-polo-turistico-e-cultural-em-olimpia\/"},"modified":"2026-06-03T16:54:09","modified_gmt":"2026-06-03T19:54:09","slug":"caravana-3d-governo-de-sp-entrega-novo-polo-turistico-e-cultural-em-olimpia","status":"publish","type":"post","link":"https:\/\/guialimeira.com.br\/news\/caravana-3d-governo-de-sp-entrega-novo-polo-turistico-e-cultural-em-olimpia\/","title":{"rendered":"Caravana 3D: Governo de SP entrega novo polo tur\u00edstico e cultural em Ol\u00edmpia"},"content":{"rendered":"<p> <br \/>\n<\/p>\n<div>\n<p class=\"wp-block-paragraph\">O Governo de S\u00e3o Paulo entregou nesta quarta-feira (3), em Ol\u00edmpia, o centro cultural Espa\u00e7o Ruy Ohtake, novo equipamento que integra cultura, turismo e educa\u00e7\u00e3o. O evento foi realizado no segundo dia de Caravana 3D \u2013 Desenvolvimento, Di\u00e1logo e Dignidade da Regi\u00e3o Administrativa de Barretos. Na ocasi\u00e3o, tamb\u00e9m foi anunciada a implanta\u00e7\u00e3o no local do Espa\u00e7o Catavento Ol\u00edmpia, extens\u00e3o do Museu Catavento localizado na capital.<\/p>\n<p class=\"wp-block-paragraph\">A obra foi executada com recursos do Departamento de Apoio ao Desenvolvimento dos Munic\u00edpios Tur\u00edsticos (Dadetur), vinculado \u00e0 Secretaria de Turismo e Viagens do Estado de S\u00e3o Paulo (Setur-SP). O conv\u00eanio teve valor total de R$ 6,3 milh\u00f5es, sendo R$ 3,8 milh\u00f5es de recursos estaduais e o restante de contrapartida municipal.<\/p>\n<p class=\"wp-block-paragraph\">\u201cOl\u00edmpia merecia um equipamento como este: um espa\u00e7o de cultura e arte que far\u00e1 a diferen\u00e7a na comunidade e reunir\u00e1 as fam\u00edlias. Celebramos esta inaugura\u00e7\u00e3o, que ficar\u00e1 marcada na hist\u00f3ria da cidade, pois realmente transforma a paisagem. Ser\u00e1 um verdadeiro polo de concentra\u00e7\u00e3o que agregar\u00e1 toda a criatividade e energia do povo daqui\u201d, afirmou o governador Tarc\u00edsio de Freitas.<\/p>\n<figure class=\"wp-block-image size-large\"><img data-recalc-dims=\"1\" fetchpriority=\"high\" decoding=\"async\" width=\"696\" height=\"464\" src=\"https:\/\/i0.wp.com\/www.agenciasp.sp.gov.br\/wp-content\/uploads\/2026\/06\/Espaco-Catavento-Olimpia-3-1024x683.jpg?resize=696%2C464&#038;ssl=1\" alt=\"\" class=\"wp-image-149295\" srcset=\"https:\/\/www.agenciasp.sp.gov.br\/wp-content\/uploads\/2026\/06\/Espaco-Catavento-Olimpia-3-1024x683.jpg 1024w, https:\/\/www.agenciasp.sp.gov.br\/wp-content\/uploads\/2026\/06\/Espaco-Catavento-Olimpia-3-300x200.jpg 300w, https:\/\/www.agenciasp.sp.gov.br\/wp-content\/uploads\/2026\/06\/Espaco-Catavento-Olimpia-3-768x512.jpg 768w, https:\/\/www.agenciasp.sp.gov.br\/wp-content\/uploads\/2026\/06\/Espaco-Catavento-Olimpia-3-1536x1024.jpg 1536w, https:\/\/www.agenciasp.sp.gov.br\/wp-content\/uploads\/2026\/06\/Espaco-Catavento-Olimpia-3-2048x1365.jpg 2048w, https:\/\/www.agenciasp.sp.gov.br\/wp-content\/uploads\/2026\/06\/Espaco-Catavento-Olimpia-3-150x100.jpg 150w\" sizes=\"(max-width: 1024px) 100vw, 1024px\"\/><figcaption class=\"wp-element-caption\">Programa\u00e7\u00e3o contar\u00e1 com exposi\u00e7\u00f5es fixas e itinerantes, conta\u00e7\u00e3o de hist\u00f3rias, apresenta\u00e7\u00f5es art\u00edsticas e eventos. Foto: C\u00e9lio Messias\/Governo do Estado SP<\/figcaption><\/figure>\n<p class=\"wp-block-paragraph\">Projetado pelo arquiteto Ruy Ohtake (1938-2021), o espa\u00e7o conta com sala de exposi\u00e7\u00f5es, audit\u00f3rio, \u00e1reas acess\u00edveis, sanit\u00e1rios e paisagismo externo. O equipamento foi concebido para se tornar um novo ponto de visita\u00e7\u00e3o tur\u00edstica e cultural da cidade, ampliando a oferta de atra\u00e7\u00f5es para moradores e visitantes.<\/p>\n<p class=\"wp-block-paragraph\">A secret\u00e1ria estadual de Turismo e Viagens, Ana Biselli, destaca a amplia\u00e7\u00e3o do potencial tur\u00edstico do munic\u00edpio com a nova atra\u00e7\u00e3o. \u201cInvestir em equipamentos culturais e tur\u00edsticos como este contribui para diversificar as experi\u00eancias oferecidas e para valorizar ainda mais os destinos consolidados no interior paulista, como \u00e9 o caso de Ol\u00edmpia\u201d, destacou.<\/p>\n<h2 class=\"wp-block-heading\"><strong>Catavento<\/strong><\/h2>\n<p class=\"wp-block-paragraph\">A partir de 1.\u00ba de julho, o centro passa a receber o Espa\u00e7o Catavento Ol\u00edmpia, iniciativa da Secretaria da Cultura, Economia e Ind\u00fastria Criativas do Estado em parceria com a organiza\u00e7\u00e3o social Catavento Cultural e Educacional. O projeto permanecer\u00e1 em funcionamento at\u00e9 31 de dezembro de 2026 e contar\u00e1 com investimento de cerca de R$ 2 milh\u00f5es do Governo do Estado para levar ao interior parte da experi\u00eancia oferecida pelo Museu Catavento da capital paulista.<\/p>\n<p class=\"wp-block-paragraph\">A iniciativa nasceu de um modelo din\u00e2mico de coopera\u00e7\u00e3o entre o Estado e o munic\u00edpio. Enquanto o Governo de S\u00e3o Paulo investiu e levou ao interior o acervo t\u00e9cnico, as atividades interativas e a equipe de especialistas, a prefeitura disponibiliza a infraestrutura do Espa\u00e7o Ruy Ohtake para acolher as atra\u00e7\u00f5es. A a\u00e7\u00e3o integra a pol\u00edtica estadual de descentraliza\u00e7\u00e3o da cultura, impulsionando a economia regional por meio do turismo e da gera\u00e7\u00e3o de empregos.<\/p>\n<p class=\"wp-block-paragraph\">\u201cO lan\u00e7amento desta parceria consolida a pol\u00edtica de descentraliza\u00e7\u00e3o dos nossos principais equipamentos culturais. Trazer a experi\u00eancia e a metodologia do Museu Catavento para Ol\u00edmpia, ocupando o Espa\u00e7o Ruy Ohtake, viabiliza o acesso direto \u00e0 ci\u00eancia e \u00e0 inova\u00e7\u00e3o tecnol\u00f3gica para a popula\u00e7\u00e3o do interior, eliminando a barreira do deslocamento at\u00e9 a capital\u201d, destacou Marilia Marton, secret\u00e1ria estadual da Cultura, Economia e Ind\u00fastria Criativas.<\/p>\n<figure class=\"wp-block-image size-large\"><img data-recalc-dims=\"1\" loading=\"lazy\" decoding=\"async\" width=\"696\" height=\"464\" src=\"https:\/\/i0.wp.com\/www.agenciasp.sp.gov.br\/wp-content\/uploads\/2026\/06\/Espaco-Catavento-Olimpia-2-1024x683.jpg?resize=696%2C464&#038;ssl=1\" alt=\"\" class=\"wp-image-149296\" srcset=\"https:\/\/www.agenciasp.sp.gov.br\/wp-content\/uploads\/2026\/06\/Espaco-Catavento-Olimpia-2-1024x683.jpg 1024w, https:\/\/www.agenciasp.sp.gov.br\/wp-content\/uploads\/2026\/06\/Espaco-Catavento-Olimpia-2-300x200.jpg 300w, https:\/\/www.agenciasp.sp.gov.br\/wp-content\/uploads\/2026\/06\/Espaco-Catavento-Olimpia-2-768x512.jpg 768w, https:\/\/www.agenciasp.sp.gov.br\/wp-content\/uploads\/2026\/06\/Espaco-Catavento-Olimpia-2-1536x1024.jpg 1536w, https:\/\/www.agenciasp.sp.gov.br\/wp-content\/uploads\/2026\/06\/Espaco-Catavento-Olimpia-2-2048x1365.jpg 2048w, https:\/\/www.agenciasp.sp.gov.br\/wp-content\/uploads\/2026\/06\/Espaco-Catavento-Olimpia-2-150x100.jpg 150w\" sizes=\"auto, (max-width: 1024px) 100vw, 1024px\"\/><figcaption class=\"wp-element-caption\">Governo investiu e levou ao interior o acervo t\u00e9cnico, as atividades interativas e a equipe de especialistas. Foto: C\u00e9lio Messias\/Governo do Estado SP<\/figcaption><\/figure>\n<p class=\"wp-block-paragraph\">O novo espa\u00e7o reunir\u00e1 ci\u00eancia, tecnologia, cultura e entretenimento em uma programa\u00e7\u00e3o voltada para p\u00fablicos de todas as idades. Os visitantes poder\u00e3o participar de oficinas pr\u00e1ticas, atividades educativas, experi\u00eancias em realidade virtual e interagir com equipamentos cient\u00edficos. A programa\u00e7\u00e3o tamb\u00e9m contar\u00e1 com exposi\u00e7\u00f5es fixas e itinerantes, conta\u00e7\u00e3o de hist\u00f3rias, apresenta\u00e7\u00f5es art\u00edsticas e eventos realizados no audit\u00f3rio do Espa\u00e7o Ruy Ohtake.<\/p>\n<h2 class=\"wp-block-heading\"><strong>Caravana 3D<\/strong><\/h2>\n<p class=\"wp-block-paragraph\">A Caravana 3D \u00e9 uma iniciativa do Governo de S\u00e3o Paulo que percorre as regi\u00f5es do estado para levar pol\u00edticas p\u00fablicas com foco nos pilares de desenvolvimento, dignidade e di\u00e1logo. A proposta \u00e9 fortalecer a articula\u00e7\u00e3o com os munic\u00edpios por meio de entregas e investimentos alinhados \u00e0s necessidades locais e voltados \u00e0 melhoria da qualidade de vida da popula\u00e7\u00e3o.<\/p>\n<figure class=\"wp-block-image size-large\"><img data-recalc-dims=\"1\" loading=\"lazy\" decoding=\"async\" width=\"696\" height=\"464\" src=\"https:\/\/i0.wp.com\/www.agenciasp.sp.gov.br\/wp-content\/uploads\/2026\/06\/Espaco-Catavento-Olimpia-4-1024x683.jpg?resize=696%2C464&#038;ssl=1\" alt=\"\" class=\"wp-image-149294\" srcset=\"https:\/\/www.agenciasp.sp.gov.br\/wp-content\/uploads\/2026\/06\/Espaco-Catavento-Olimpia-4-1024x683.jpg 1024w, https:\/\/www.agenciasp.sp.gov.br\/wp-content\/uploads\/2026\/06\/Espaco-Catavento-Olimpia-4-300x200.jpg 300w, https:\/\/www.agenciasp.sp.gov.br\/wp-content\/uploads\/2026\/06\/Espaco-Catavento-Olimpia-4-768x512.jpg 768w, https:\/\/www.agenciasp.sp.gov.br\/wp-content\/uploads\/2026\/06\/Espaco-Catavento-Olimpia-4-1536x1024.jpg 1536w, https:\/\/www.agenciasp.sp.gov.br\/wp-content\/uploads\/2026\/06\/Espaco-Catavento-Olimpia-4-2048x1365.jpg 2048w, https:\/\/www.agenciasp.sp.gov.br\/wp-content\/uploads\/2026\/06\/Espaco-Catavento-Olimpia-4-150x100.jpg 150w\" sizes=\"auto, (max-width: 1024px) 100vw, 1024px\"\/><figcaption class=\"wp-element-caption\">Iniciativa nasceu de um modelo din\u00e2mico de coopera\u00e7\u00e3o entre o Estado e o munic\u00edpio. Foto: C\u00e9lio Messias\/Governo do Estado SP<\/figcaption><\/figure>\n<p class=\"wp-block-paragraph\">A a\u00e7\u00e3o j\u00e1 passou pelas regi\u00f5es de Franca, Vale do Ribeira, Bauru, ABC, Alto Tiet\u00ea, Ribeir\u00e3o Preto, Campinas, Vale do Para\u00edba, S\u00e3o Jos\u00e9 do Rio Preto, Ara\u00e7atuba, Mar\u00edlia, Sorocaba, Presidente Prudente e Itapeva.<\/p>\n<\/p><\/div>\n<p><br \/>\n<br \/><a href=\"https:\/\/www.agenciasp.sp.gov.br\/caravana-3d-governo-de-sp-entrega-novo-polo-turistico-e-cultural-em-olimpia\/\" rel=\"noopener\">Informa\u00e7\u00f5es GOV.SP<\/a><\/p>\n","protected":false},"excerpt":{"rendered":"<p>O Governo de S\u00e3o Paulo entregou nesta quarta-feira (3), em Ol\u00edmpia, o centro cultural Espa\u00e7o Ruy Ohtake, novo equipamento que integra cultura, turismo e educa\u00e7\u00e3o. O evento foi realizado no segundo dia de Caravana 3D \u2013 Desenvolvimento, Di\u00e1logo e Dignidade da Regi\u00e3o Administrativa de Barretos. Na ocasi\u00e3o, tamb\u00e9m foi anunciada a implanta\u00e7\u00e3o no local do [&hellip;]<\/p>\n","protected":false},"author":1,"featured_media":67852,"comment_status":"","ping_status":"open","sticky":false,"template":"","format":"standard","meta":{"_jetpack_newsletter_access":"","_jetpack_dont_email_post_to_subs":false,"_jetpack_newsletter_tier_id":0,"_jetpack_memberships_contains_paywalled_content":false,"_mbp_banners":[],"_jetpack_feature_clip_id":0,"_jetpack_memberships_contains_paid_content":false,"footnotes":"","jetpack_publicize_message":"","jetpack_publicize_feature_enabled":true,"jetpack_social_post_already_shared":true,"jetpack_social_options":{"image_generator_settings":{"template":"highway","default_image_id":0,"font":"","enabled":false},"version":2},"jetpack_post_was_ever_published":false},"categories":[21],"tags":[],"class_list":["post-67851","post","type-post","status-publish","format-standard","has-post-thumbnail","category-sp-news"],"jetpack_publicize_connections":[],"jetpack-related-posts":[],"jetpack_shortlink":"https:\/\/wp.me\/p7Eq1F-hEn","jetpack_sharing_enabled":true,"jetpack_featured_media_url":"https:\/\/i0.wp.com\/guialimeira.com.br\/news\/wp-content\/uploads\/2026\/06\/Caravana-3D-Governo-de-SP-entrega-novo-polo-turistico-e.jpg?fit=1024%2C683&ssl=1","_links":{"self":[{"href":"https:\/\/guialimeira.com.br\/news\/wp-json\/wp\/v2\/posts\/67851","targetHints":{"allow":["GET"]}}],"collection":[{"href":"https:\/\/guialimeira.com.br\/news\/wp-json\/wp\/v2\/posts"}],"about":[{"href":"https:\/\/guialimeira.com.br\/news\/wp-json\/wp\/v2\/types\/post"}],"author":[{"embeddable":true,"href":"https:\/\/guialimeira.com.br\/news\/wp-json\/wp\/v2\/users\/1"}],"replies":[{"embeddable":true,"href":"https:\/\/guialimeira.com.br\/news\/wp-json\/wp\/v2\/comments?post=67851"}],"version-history":[{"count":0,"href":"https:\/\/guialimeira.com.br\/news\/wp-json\/wp\/v2\/posts\/67851\/revisions"}],"wp:featuredmedia":[{"embeddable":true,"href":"https:\/\/guialimeira.com.br\/news\/wp-json\/wp\/v2\/media\/67852"}],"wp:attachment":[{"href":"https:\/\/guialimeira.com.br\/news\/wp-json\/wp\/v2\/media?parent=67851"}],"wp:term":[{"taxonomy":"category","embeddable":true,"href":"https:\/\/guialimeira.com.br\/news\/wp-json\/wp\/v2\/categories?post=67851"},{"taxonomy":"post_tag","embeddable":true,"href":"https:\/\/guialimeira.com.br\/news\/wp-json\/wp\/v2\/tags?post=67851"}],"curies":[{"name":"wp","href":"https:\/\/api.w.org\/{rel}","templated":true}]}}