{"id":67849,"date":"2026-06-03T16:33:20","date_gmt":"2026-06-03T19:33:20","guid":{"rendered":"https:\/\/guialimeira.com.br\/so-cacareco-recolhe-materiais-inserviveis-na-regiao-do-antonio-simonetti-na-proxima-semana\/"},"modified":"2026-06-03T16:33:20","modified_gmt":"2026-06-03T19:33:20","slug":"so-cacareco-recolhe-materiais-inserviveis-na-regiao-do-antonio-simonetti-na-proxima-semana","status":"publish","type":"post","link":"https:\/\/guialimeira.com.br\/news\/so-cacareco-recolhe-materiais-inserviveis-na-regiao-do-antonio-simonetti-na-proxima-semana\/","title":{"rendered":"S\u00f3 Cacareco recolhe materiais inserv\u00edveis na regi\u00e3o do Antonio Simonetti na pr\u00f3xima semana"},"content":{"rendered":"<p> <br \/>\n<br \/><img data-recalc-dims=\"1\" decoding=\"async\" src=\"https:\/\/i0.wp.com\/ecrie.com.br\/sistema\/conteudos\/imagem\/m_137_0_1_08052026113246.jpeg?w=696&#038;ssl=1\" \/><\/p>\n<p><span style=\"font-family: Arial, sans-serif\"><span style=\"font-size: medium\">&nbsp;<\/span><\/span><\/p>\n<p style=\"text-align: justify\"><span style=\"font-family: Arial, sans-serif\"><span style=\"font-size: medium\">A <\/span><span style=\"font-size: medium\">Prefeitura<\/span><span style=\"font-size: medium\"> de Limeira realiza na pr&oacute;xima semana <\/span><span style=\"font-size: medium\">mais <\/span><span style=\"font-size: medium\">uma a&ccedil;&atilde;o do S&oacute; Cacareco para o recolhimento de m&oacute;veis velhos, colch&otilde;es, sof&aacute;s <\/span><span style=\"font-size: medium\">e<\/span><span style=\"font-size: medium\"> madeiras, <\/span><span style=\"font-size: medium\">entre outros inserv&iacute;veis<\/span><span style=\"font-size: medium\">. <\/span><span style=\"font-size: medium\">O trabalho ser&aacute; realizado nos bairros J<\/span><span style=\"color: #000000\"><span style=\"font-size: medium\">ardim Residencial Antonio Simonetti I, II e III;<\/span><\/span> <span style=\"color: #000000\"><span style=\"font-size: medium\">Jardim das Paineiras; Jardim Residencial Graminha II; Jardim Residencial Guimar&atilde;es; e Jardim Ipanema.<\/span><\/span><\/span><\/p>\n<p style=\"text-align: justify\"><span style=\"font-family: Arial, sans-serif\"><span style=\"font-size: medium\">Filipetas informativas j&aacute; foram distribu&iacute;das &agrave; popula&ccedil;&atilde;o das &aacute;reas atendidas, orientando que os itens para descarte sejam colocados na cal&ccedil;ada na v&eacute;spera da coleta.<\/span><\/span><\/p>\n<p style=\"text-align: justify\"><span style=\"font-family: Arial, sans-serif\"><span style=\"font-size: medium\">A iniciativa integra o programa de preven&ccedil;&atilde;o e combate &agrave; dengue, <\/span><span style=\"font-size: medium\">pois <\/span><span style=\"font-size: medium\">o ac&uacute;mulo desses materiais pode favorecer a forma&ccedil;&atilde;o de criadouros do mosquito transmissor da doen&ccedil;a, o Aedes aegypti. Em caso de chuva intensa, o servi&ccedil;o poder&aacute; ser suspenso.<\/span><\/span><\/p>\n<p style=\"text-align: justify\"><span style=\"font-family: Arial, sans-serif\"><span style=\"font-size: medium\"><u>Confira o itiner&aacute;rio<\/u><\/span><span style=\"font-size: medium\">: <\/span><\/span><\/p>\n<p><span style=\"font-family: Arial, sans-serif\"><span style=\"font-size: medium\">Segunda-feira (<\/span><span style=\"font-size: medium\">8<\/span><span style=\"font-size: medium\">) &#8211; <\/span><span style=\"color: #000000\"><span style=\"font-size: medium\">Jardim Residencial Antonio Simonetti I, II e III <\/span><\/span><\/span><\/p>\n<p><span style=\"font-family: Arial, sans-serif\"><span style=\"font-size: medium\">Ter&ccedil;a-feira (<\/span><span style=\"font-size: medium\">9<\/span><span style=\"font-size: medium\">) &#8211; <\/span><span style=\"color: #000000\"><span style=\"font-size: medium\"> Jardim <\/span><\/span><span style=\"color: #000000\"><span style=\"font-size: medium\">d<\/span><\/span><span style=\"color: #000000\"><span style=\"font-size: medium\">as Paineiras <\/span><\/span><\/span><\/p>\n<p><span style=\"font-family: Arial, sans-serif\"><span style=\"font-size: medium\">Quarta-feira (<\/span><span style=\"font-size: medium\">10<\/span><span style=\"font-size: medium\">) &#8211; <\/span><span style=\"color: #000000\"><span style=\"font-size: medium\">Jardim Residencial Graminha II <\/span><\/span><\/span><\/p>\n<p><span style=\"font-family: Arial, sans-serif\"><span style=\"font-size: medium\">Quinta-feira (<\/span><span style=\"font-size: medium\">11<\/span><span style=\"font-size: medium\">) &#8211; <\/span><span style=\"color: #000000\"><span style=\"font-size: medium\">Jardim Residencial Guimar&atilde;es <\/span><\/span><\/span><\/p>\n<p><span style=\"font-family: Arial, sans-serif\"><span style=\"font-size: medium\">Sexta-feira (<\/span><span style=\"font-size: medium\">12<\/span><span style=\"font-size: medium\">) &#8211; <\/span><span style=\"color: #000000\"><span style=\"font-size: medium\">Jardim Ipanema<\/span><\/span><\/span><\/p>\n<p>&nbsp;<\/p>\n<p>&nbsp;<\/p>\n<p><br \/>\n<br \/><a href=\"https:\/\/limeira.sp.gov.br\/so-cacareco-recolhe-materiais-inserviveis-na-regiao-do-antonio-simonetti-na-proxima-semana\" rel=\"noopener\">Informa\u00e7\u00f5es da PML <\/a><\/p>\n","protected":false},"excerpt":{"rendered":"<p>&nbsp; A Prefeitura de Limeira realiza na pr&oacute;xima semana mais uma a&ccedil;&atilde;o do S&oacute; Cacareco para o recolhimento de m&oacute;veis velhos, colch&otilde;es, sof&aacute;s e madeiras, entre outros inserv&iacute;veis. O trabalho ser&aacute; realizado nos bairros Jardim Residencial Antonio Simonetti I, II e III; Jardim das Paineiras; Jardim Residencial Graminha II; Jardim Residencial Guimar&atilde;es; e Jardim Ipanema. [&hellip;]<\/p>\n","protected":false},"author":1,"featured_media":64762,"comment_status":"","ping_status":"open","sticky":false,"template":"","format":"standard","meta":{"_jetpack_newsletter_access":"","_jetpack_dont_email_post_to_subs":false,"_jetpack_newsletter_tier_id":0,"_jetpack_memberships_contains_paywalled_content":false,"_mbp_banners":[],"_jetpack_feature_clip_id":0,"_jetpack_memberships_contains_paid_content":false,"footnotes":"","jetpack_publicize_message":"","jetpack_publicize_feature_enabled":true,"jetpack_social_post_already_shared":true,"jetpack_social_options":{"image_generator_settings":{"template":"highway","default_image_id":0,"font":"","enabled":false},"version":2},"jetpack_post_was_ever_published":false},"categories":[16],"tags":[],"class_list":["post-67849","post","type-post","status-publish","format-standard","has-post-thumbnail","category-local"],"jetpack_publicize_connections":[],"jetpack-related-posts":[],"jetpack_shortlink":"https:\/\/wp.me\/p7Eq1F-hEl","jetpack_sharing_enabled":true,"jetpack_featured_media_url":"https:\/\/i0.wp.com\/guialimeira.com.br\/news\/wp-content\/uploads\/2026\/05\/m_137_0_1_08052026113246.jpeg?fit=896%2C508&ssl=1","_links":{"self":[{"href":"https:\/\/guialimeira.com.br\/news\/wp-json\/wp\/v2\/posts\/67849","targetHints":{"allow":["GET"]}}],"collection":[{"href":"https:\/\/guialimeira.com.br\/news\/wp-json\/wp\/v2\/posts"}],"about":[{"href":"https:\/\/guialimeira.com.br\/news\/wp-json\/wp\/v2\/types\/post"}],"author":[{"embeddable":true,"href":"https:\/\/guialimeira.com.br\/news\/wp-json\/wp\/v2\/users\/1"}],"replies":[{"embeddable":true,"href":"https:\/\/guialimeira.com.br\/news\/wp-json\/wp\/v2\/comments?post=67849"}],"version-history":[{"count":0,"href":"https:\/\/guialimeira.com.br\/news\/wp-json\/wp\/v2\/posts\/67849\/revisions"}],"wp:featuredmedia":[{"embeddable":true,"href":"https:\/\/guialimeira.com.br\/news\/wp-json\/wp\/v2\/media\/64762"}],"wp:attachment":[{"href":"https:\/\/guialimeira.com.br\/news\/wp-json\/wp\/v2\/media?parent=67849"}],"wp:term":[{"taxonomy":"category","embeddable":true,"href":"https:\/\/guialimeira.com.br\/news\/wp-json\/wp\/v2\/categories?post=67849"},{"taxonomy":"post_tag","embeddable":true,"href":"https:\/\/guialimeira.com.br\/news\/wp-json\/wp\/v2\/tags?post=67849"}],"curies":[{"name":"wp","href":"https:\/\/api.w.org\/{rel}","templated":true}]}}