{"id":67848,"date":"2026-06-03T16:28:09","date_gmt":"2026-06-03T19:28:09","guid":{"rendered":"https:\/\/guialimeira.com.br\/alunos-do-ensino-fundamental-recebem-orientacoes-sobre-dengue-e-vacinacao-em-limeira\/"},"modified":"2026-06-03T16:28:09","modified_gmt":"2026-06-03T19:28:09","slug":"alunos-do-ensino-fundamental-recebem-orientacoes-sobre-dengue-e-vacinacao-em-limeira","status":"publish","type":"post","link":"https:\/\/guialimeira.com.br\/news\/alunos-do-ensino-fundamental-recebem-orientacoes-sobre-dengue-e-vacinacao-em-limeira\/","title":{"rendered":"Alunos do Ensino Fundamental recebem orienta\u00e7\u00f5es sobre dengue e vacina\u00e7\u00e3o em Limeira"},"content":{"rendered":"<p> <br \/>\n<br \/><img data-recalc-dims=\"1\" decoding=\"async\" src=\"https:\/\/i0.wp.com\/ecrie.com.br\/sistema\/conteudos\/imagem\/m_137_0_1_03062026162334.png?w=696&#038;ssl=1\" \/><\/p>\n<p>&nbsp;<\/p>\n<p style=\"text-align: justify\">A Prefeitura de Limeira promoveu, na &uacute;ltima quarta-feira (28), uma palestra educativa na Escola Estadual Jos&eacute; Ferraz Sampaio Penteado, no Jardim Novo Horizonte. A atividade reuniu alunos do Ensino Fundamental e teve como foco a preven&ccedil;&atilde;o de doen&ccedil;as e a promo&ccedil;&atilde;o da sa&uacute;de.<\/p>\n<p style=\"text-align: justify\">Durante o encontro, profissionais da Unidade B&aacute;sica de Sa&uacute;de (UBS) Novo Horizonte orientaram os estudantes sobre medidas de combate &agrave; dengue, destacando a import&acirc;ncia da elimina&ccedil;&atilde;o de recipientes que possam acumular &aacute;gua e servir de criadouros para o mosquito <em>Aedes aegypti<\/em>.<\/p>\n<p style=\"text-align: justify\">A equipe tamb&eacute;m abordou a relev&acirc;ncia da vacina&ccedil;&atilde;o como forma de preven&ccedil;&atilde;o de diversas doen&ccedil;as. Entre os imunizantes dispon&iacute;veis para crian&ccedil;as e adolescentes est&atilde;o a vacina contra o HPV, indicada para a faixa et&aacute;ria de 9 a 19 anos e aplicada em dose &uacute;nica; a vacina meningoc&oacute;cica ACWY, destinada a adolescentes de 11 a 14 anos; e a vacina contra a dengue, oferecida para crian&ccedil;as e adolescentes de 10 a 14 anos. Al&eacute;m disso, a vacina contra a gripe est&aacute; liberada para toda a popula&ccedil;&atilde;o a partir dos 6 meses de idade.<\/p>\n<p style=\"text-align: justify\">A Secretaria de Sa&uacute;de refor&ccedil;a que menores de idade devem estar acompanhados pelos pais ou respons&aacute;veis para receber as vacinas, al&eacute;m de apresentar documento oficial com foto, Cart&atilde;o de Vacina&ccedil;&atilde;o e Cart&atilde;o SUS.<\/p>\n<p style=\"text-align: justify\">A a&ccedil;&atilde;o integra as atividades de educa&ccedil;&atilde;o em sa&uacute;de desenvolvidas pelo munic&iacute;pio, com o objetivo de conscientizar os jovens sobre h&aacute;bitos de preven&ccedil;&atilde;o e incentivar o cuidado com a pr&oacute;pria sa&uacute;de e com a comunidade.<\/p>\n<p style=\"text-align: justify\"> <\/p>\n<p><br \/>\n<br \/><a href=\"https:\/\/limeira.sp.gov.br\/alunos-do-ensino-fundamental-recebem-orientacoes-sobre-dengue-e-vacinacao-em-limeira\" rel=\"noopener\">Informa\u00e7\u00f5es da PML <\/a><\/p>\n","protected":false},"excerpt":{"rendered":"<p>&nbsp; A Prefeitura de Limeira promoveu, na &uacute;ltima quarta-feira (28), uma palestra educativa na Escola Estadual Jos&eacute; Ferraz Sampaio Penteado, no Jardim Novo Horizonte. A atividade reuniu alunos do Ensino Fundamental e teve como foco a preven&ccedil;&atilde;o de doen&ccedil;as e a promo&ccedil;&atilde;o da sa&uacute;de. Durante o encontro, profissionais da Unidade B&aacute;sica de Sa&uacute;de (UBS) Novo [&hellip;]<\/p>\n","protected":false},"author":1,"featured_media":40933,"comment_status":"","ping_status":"open","sticky":false,"template":"","format":"standard","meta":{"_jetpack_newsletter_access":"","_jetpack_dont_email_post_to_subs":false,"_jetpack_newsletter_tier_id":0,"_jetpack_memberships_contains_paywalled_content":false,"_mbp_banners":[],"_jetpack_feature_clip_id":0,"_jetpack_memberships_contains_paid_content":false,"footnotes":"","jetpack_publicize_message":"","jetpack_publicize_feature_enabled":true,"jetpack_social_post_already_shared":true,"jetpack_social_options":{"image_generator_settings":{"template":"highway","default_image_id":0,"font":"","enabled":false},"version":2},"jetpack_post_was_ever_published":false},"categories":[16],"tags":[],"class_list":["post-67848","post","type-post","status-publish","format-standard","has-post-thumbnail","category-local"],"jetpack_publicize_connections":[],"jetpack-related-posts":[],"jetpack_shortlink":"https:\/\/wp.me\/p7Eq1F-hEk","jetpack_sharing_enabled":true,"jetpack_featured_media_url":"https:\/\/i0.wp.com\/guialimeira.com.br\/news\/wp-content\/uploads\/2025\/08\/fotonaodisponivel.jpg?fit=430%2C282&ssl=1","_links":{"self":[{"href":"https:\/\/guialimeira.com.br\/news\/wp-json\/wp\/v2\/posts\/67848","targetHints":{"allow":["GET"]}}],"collection":[{"href":"https:\/\/guialimeira.com.br\/news\/wp-json\/wp\/v2\/posts"}],"about":[{"href":"https:\/\/guialimeira.com.br\/news\/wp-json\/wp\/v2\/types\/post"}],"author":[{"embeddable":true,"href":"https:\/\/guialimeira.com.br\/news\/wp-json\/wp\/v2\/users\/1"}],"replies":[{"embeddable":true,"href":"https:\/\/guialimeira.com.br\/news\/wp-json\/wp\/v2\/comments?post=67848"}],"version-history":[{"count":0,"href":"https:\/\/guialimeira.com.br\/news\/wp-json\/wp\/v2\/posts\/67848\/revisions"}],"wp:featuredmedia":[{"embeddable":true,"href":"https:\/\/guialimeira.com.br\/news\/wp-json\/wp\/v2\/media\/40933"}],"wp:attachment":[{"href":"https:\/\/guialimeira.com.br\/news\/wp-json\/wp\/v2\/media?parent=67848"}],"wp:term":[{"taxonomy":"category","embeddable":true,"href":"https:\/\/guialimeira.com.br\/news\/wp-json\/wp\/v2\/categories?post=67848"},{"taxonomy":"post_tag","embeddable":true,"href":"https:\/\/guialimeira.com.br\/news\/wp-json\/wp\/v2\/tags?post=67848"}],"curies":[{"name":"wp","href":"https:\/\/api.w.org\/{rel}","templated":true}]}}