{"id":67841,"date":"2026-06-03T15:32:19","date_gmt":"2026-06-03T18:32:19","guid":{"rendered":"https:\/\/guialimeira.com.br\/limeira-embarca-para-os-jogos-da-melhor-idade-com-delegacao-de-90-atletas\/"},"modified":"2026-06-03T15:32:19","modified_gmt":"2026-06-03T18:32:19","slug":"limeira-embarca-para-os-jogos-da-melhor-idade-com-delegacao-de-90-atletas","status":"publish","type":"post","link":"https:\/\/guialimeira.com.br\/news\/limeira-embarca-para-os-jogos-da-melhor-idade-com-delegacao-de-90-atletas\/","title":{"rendered":"Limeira embarca para os Jogos da Melhor Idade com delega\u00e7\u00e3o de 90 atletas"},"content":{"rendered":"<p> <br \/>\n<\/p>\n<div>\n                <main class=\"\">&#13;<br \/>\n                    &#13;<br \/>\n&#13;<br \/>\n&#13;<br \/>\n&#13;<br \/>\n&#13;<br \/>\n&#13;<br \/>\n    <img data-recalc-dims=\"1\" decoding=\"async\" src=\"https:\/\/i0.wp.com\/ecrie.com.br\/sistema\/conteudos\/imagem\/m_137_0_1_03062026153044.jpeg?w=696&#038;ssl=1\" alt=\"Limeira embarca para os Jogos da Melhor Idade com delega\u00e7\u00e3o de 90 atletas\"\/>&#13;<br \/>\n&#13;<br \/>\n&#13;<\/p>\n<p style=\"text-align: justify;\">O prefeito Murilo F\u00e9lix acompanhou, nesta quarta-feira (3), o embarque da delega\u00e7\u00e3o limeirense para a disputa da 28\u00aa edi\u00e7\u00e3o dos Jogos da Melhor Idade (JOMI). Ao todo, 90 atletas representar\u00e3o Limeira na competi\u00e7\u00e3o regional, entre quinta-feira (4) e domingo (7), em S\u00e3o Jo\u00e3o da Boa Vista.<\/p>\n<p>&#13;<\/p>\n<p style=\"text-align: justify;\">Os atletas de Limeira competem em diversas modalidades, entre elas atletismo, nata\u00e7\u00e3o, bocha, voleibol adaptado, t\u00eanis de mesa, xadrez, damas, domin\u00f3, truco e buraco. A participa\u00e7\u00e3o refor\u00e7a o compromisso do munic\u00edpio com a promo\u00e7\u00e3o do envelhecimento ativo, da qualidade de vida e da inclus\u00e3o por meio do esporte.<\/p>\n<p>&#13;<\/p>\n<p style=\"text-align: justify;\">O prefeito Murilo F\u00e9lix destacou a import\u00e2ncia da participa\u00e7\u00e3o dos atletas na competi\u00e7\u00e3o. \u201cLimeira tem uma hist\u00f3ria de destaque nos Jogos da Melhor Idade e nossos atletas s\u00e3o um exemplo de dedica\u00e7\u00e3o, supera\u00e7\u00e3o e amor pelo esporte. Cada um deles leva o nome da nossa cidade com muito orgulho e merece todo o nosso reconhecimento. Estamos na torcida por uma excelente participa\u00e7\u00e3o e por muitas conquistas\u201d, afirmou.<\/p>\n<p>&#13;<\/p>\n<p style=\"text-align: justify;\">O secret\u00e1rio de Esporte e Lazer, Dimas Peruzza, ressaltou o empenho dos atletas e das equipes t\u00e9cnicas. \u201cO JOMI \u00e9 uma das competi\u00e7\u00f5es mais importantes do calend\u00e1rio esportivo para a terceira idade. Nossos atletas se prepararam com dedica\u00e7\u00e3o e chegam motivados para representar Limeira. Mais do que os resultados, o evento valoriza a conviv\u00eancia, a sa\u00fade e o esp\u00edrito esportivo\u201d, destacou.<\/p>\n<p>&#13;<\/p>\n<p style=\"text-align: justify;\">Representando Limeira nas modalidades de v\u00f4lei e atletismo, S\u00f4nia Asbahr, de 79 anos, destacou a import\u00e2ncia da participa\u00e7\u00e3o e da conviv\u00eancia proporcionadas pelos JOMI. &#8220;Participar dos Jogos da Melhor Idade \u00e9 sempre uma grande alegria. Mais do que buscar resultados, o mais importante \u00e9 estar aqui, convivendo com outras pessoas, fazendo amizades e mostrando que a atividade f\u00edsica faz toda a diferen\u00e7a em qualquer fase da vida. O objetivo desses jogos \u00e9 justamente promover sa\u00fade, integra\u00e7\u00e3o e qualidade de vida, e n\u00f3s nos sentimos muito felizes por representar Limeira nessa experi\u00eancia t\u00e3o especial.&#8221;<\/p>\n<p>&#13;<\/p>\n<p style=\"text-align: justify;\">Promovido pelo Governo do Estado de S\u00e3o Paulo, o JOMI re\u00fane atletas com mais de 60 anos em disputas realizadas em oito regi\u00f5es esportivas. Os melhores colocados de cada etapa regional garantem vaga para a Final Estadual, prevista para ocorrer em Valinhos entre o final de outubro e o in\u00edcio de novembro.<\/p>\n<p>&#13;<br \/>\n&#13;<br \/>\n&#13;<br \/>\n&#13;<\/p>\n<article class=\"conteudo-relacionado no-print\">&#13;<br \/>\n        &#13;<br \/>\n&#13;<br \/>\n        &#13;<br \/>\n    <\/article>\n<p>&#13;<br \/>\n&#13;<br \/>\n                <\/main><\/p><\/div>\n<p><br \/>\n<br \/><a href=\"https:\/\/limeira.sp.gov.br\/limeira-embarca-para-os-jogos-da-melhor-idade-com-delegacao-de-90-atletas\" rel=\"noopener\">Informa\u00e7\u00f5es da PML <\/a><\/p>\n","protected":false},"excerpt":{"rendered":"<p>&#13; &#13; &#13; &#13; &#13; &#13; &#13; &#13; &#13; &#13; O prefeito Murilo F\u00e9lix acompanhou, nesta quarta-feira (3), o embarque da delega\u00e7\u00e3o limeirense para a disputa da 28\u00aa edi\u00e7\u00e3o dos Jogos da Melhor Idade (JOMI). Ao todo, 90 atletas representar\u00e3o Limeira na competi\u00e7\u00e3o regional, entre quinta-feira (4) e domingo (7), em S\u00e3o Jo\u00e3o da Boa [&hellip;]<\/p>\n","protected":false},"author":1,"featured_media":67842,"comment_status":"","ping_status":"open","sticky":false,"template":"","format":"standard","meta":{"_jetpack_newsletter_access":"","_jetpack_dont_email_post_to_subs":false,"_jetpack_newsletter_tier_id":0,"_jetpack_memberships_contains_paywalled_content":false,"_mbp_banners":[],"_jetpack_feature_clip_id":0,"_jetpack_memberships_contains_paid_content":false,"footnotes":"","jetpack_publicize_message":"","jetpack_publicize_feature_enabled":true,"jetpack_social_post_already_shared":true,"jetpack_social_options":{"image_generator_settings":{"template":"highway","default_image_id":0,"font":"","enabled":false},"version":2},"jetpack_post_was_ever_published":false},"categories":[16],"tags":[],"class_list":["post-67841","post","type-post","status-publish","format-standard","has-post-thumbnail","category-local"],"jetpack_publicize_connections":[],"jetpack-related-posts":[],"jetpack_shortlink":"https:\/\/wp.me\/p7Eq1F-hEd","jetpack_sharing_enabled":true,"jetpack_featured_media_url":"https:\/\/i0.wp.com\/guialimeira.com.br\/news\/wp-content\/uploads\/2026\/06\/m_137_0_1_03062026153044.jpeg?fit=1024%2C576&ssl=1","_links":{"self":[{"href":"https:\/\/guialimeira.com.br\/news\/wp-json\/wp\/v2\/posts\/67841","targetHints":{"allow":["GET"]}}],"collection":[{"href":"https:\/\/guialimeira.com.br\/news\/wp-json\/wp\/v2\/posts"}],"about":[{"href":"https:\/\/guialimeira.com.br\/news\/wp-json\/wp\/v2\/types\/post"}],"author":[{"embeddable":true,"href":"https:\/\/guialimeira.com.br\/news\/wp-json\/wp\/v2\/users\/1"}],"replies":[{"embeddable":true,"href":"https:\/\/guialimeira.com.br\/news\/wp-json\/wp\/v2\/comments?post=67841"}],"version-history":[{"count":0,"href":"https:\/\/guialimeira.com.br\/news\/wp-json\/wp\/v2\/posts\/67841\/revisions"}],"wp:featuredmedia":[{"embeddable":true,"href":"https:\/\/guialimeira.com.br\/news\/wp-json\/wp\/v2\/media\/67842"}],"wp:attachment":[{"href":"https:\/\/guialimeira.com.br\/news\/wp-json\/wp\/v2\/media?parent=67841"}],"wp:term":[{"taxonomy":"category","embeddable":true,"href":"https:\/\/guialimeira.com.br\/news\/wp-json\/wp\/v2\/categories?post=67841"},{"taxonomy":"post_tag","embeddable":true,"href":"https:\/\/guialimeira.com.br\/news\/wp-json\/wp\/v2\/tags?post=67841"}],"curies":[{"name":"wp","href":"https:\/\/api.w.org\/{rel}","templated":true}]}}