{"id":67840,"date":"2026-06-03T15:16:08","date_gmt":"2026-06-03T18:16:08","guid":{"rendered":"https:\/\/guialimeira.com.br\/seprosom-abre-inscricoes-para-oficinas-gratuitas-de-salgados-panificacao-e-confeitaria\/"},"modified":"2026-06-03T15:16:08","modified_gmt":"2026-06-03T18:16:08","slug":"seprosom-abre-inscricoes-para-oficinas-gratuitas-de-salgados-panificacao-e-confeitaria","status":"publish","type":"post","link":"https:\/\/guialimeira.com.br\/news\/seprosom-abre-inscricoes-para-oficinas-gratuitas-de-salgados-panificacao-e-confeitaria\/","title":{"rendered":"Seprosom abre inscri\u00e7\u00f5es para oficinas gratuitas de salgados, panifica\u00e7\u00e3o e confeitaria"},"content":{"rendered":"<p> <br \/>\n<\/p>\n<div>\n                <main class=\"\">&#13;<br \/>\n                    &#13;<br \/>\n&#13;<br \/>\n&#13;<br \/>\n&#13;<br \/>\n&#13;<br \/>\n&#13;<br \/>\n    <img data-recalc-dims=\"1\" decoding=\"async\" src=\"https:\/\/i0.wp.com\/ecrie.com.br\/sistema\/conteudos\/imagem\/m_137_0_1_04052026133458.jpg?w=696&#038;ssl=1\" alt=\"Seprosom abre inscri\u00e7\u00f5es para oficinas gratuitas de salgados, panifica\u00e7\u00e3o e confeitaria\"\/>&#13;<br \/>\n&#13;<br \/>\n&#13;<\/p>\n<p style=\"text-align: justify;\">A Secretaria de Promo\u00e7\u00e3o Social de Limeira (Seprosom), em parceria com o Fundo Social, abre nesta quarta-feira (3) as inscri\u00e7\u00f5es para oficinas gratuitas de preparo de salgados, p\u00e3es artesanais e bolos caseiros. A iniciativa tem como objetivo qualificar os participantes para a produ\u00e7\u00e3o desses alimentos, incentivando o empreendedorismo, a gera\u00e7\u00e3o de renda e o fortalecimento da economia familiar.<\/p>\n<p>&#13;<\/p>\n<p style=\"text-align: justify;\">\u00a0<\/p>\n<p>&#13;<\/p>\n<p style=\"text-align: justify;\">As capacita\u00e7\u00f5es ser\u00e3o realizadas na cozinha do N\u00facleo de Atendimento ao Cidad\u00e3o (NAC), localizada na Avenida Dr. Lauro Corr\u00eaa da Silva, 3.800. As oficinas ocorrer\u00e3o nos dias 9 de junho, com foco na produ\u00e7\u00e3o de salgados; 10 de junho, sobre p\u00e3es artesanais; e 11 de junho, voltada \u00e0 confec\u00e7\u00e3o de bolos caseiros. Todas as atividades ser\u00e3o realizadas das 13h \u00e0s 16h.<\/p>\n<p>&#13;<\/p>\n<p style=\"text-align: justify;\">\u00a0<\/p>\n<p>&#13;<\/p>\n<p style=\"text-align: justify;\">Durante os encontros, os participantes ter\u00e3o acesso a orienta\u00e7\u00f5es pr\u00e1ticas sobre preparo, manipula\u00e7\u00e3o e apresenta\u00e7\u00e3o dos produtos, al\u00e9m de receberem informa\u00e7\u00f5es que podem contribuir para a comercializa\u00e7\u00e3o dos alimentos e o desenvolvimento de pequenos neg\u00f3cios.<\/p>\n<p>&#13;<\/p>\n<p style=\"text-align: justify;\">\u00a0<\/p>\n<p>&#13;<\/p>\n<p style=\"text-align: justify;\">Podem participar moradores de Limeira com 18 anos ou mais e alfabetizados. Ao todo, ser\u00e3o disponibilizadas 20 vagas, preenchidas por ordem de inscri\u00e7\u00e3o.<\/p>\n<p>&#13;<\/p>\n<p style=\"text-align: justify;\">\u00a0<\/p>\n<p>&#13;<\/p>\n<p style=\"text-align: justify;\">As inscri\u00e7\u00f5es podem ser realizadas de forma on-line\u00a0<a href=\"https:\/\/forms.gle\/35SiUiTyTi3si9bH6\" rel=\"noopener\">https:\/\/forms.gle\/35SiUiTyTi3si9bH6<\/a>\u00a0\u00a0, por meio do formul\u00e1rio eletr\u00f4nico, ou presencialmente no NAC.<\/p>\n<p>&#13;<\/p>\n<p style=\"text-align: justify;\">\u00a0<\/p>\n<p>&#13;<\/p>\n<p style=\"text-align: justify;\">A a\u00e7\u00e3o est\u00e1 alinhada ao Objetivo de Desenvolvimento Sustent\u00e1vel (ODS) 8 da Organiza\u00e7\u00e3o das Na\u00e7\u00f5es Unidas (ONU), que promove o crescimento econ\u00f4mico sustent\u00e1vel, o trabalho decente e a gera\u00e7\u00e3o de oportunidades para todos.<\/p>\n<p>&#13;<\/p>\n<p style=\"text-align: justify;\">\u00a0<\/p>\n<p>&#13;<\/p>\n<p style=\"text-align: justify;\"><strong>SERVI\u00c7O<\/strong><\/p>\n<p>&#13;<\/p>\n<p style=\"text-align: justify;\">&#8211; Oficinas gratuitas de salgados, p\u00e3es artesanais e bolos caseiros<\/p>\n<p>&#13;<\/p>\n<p style=\"text-align: justify;\"><strong>Hor\u00e1rio:<\/strong>\u00a0das 13h \u00e0s 16h.<\/p>\n<p>&#13;<\/p>\n<p style=\"text-align: justify;\">9\/6 (segunda-feira) \u2013 Salgados<\/p>\n<p>&#13;<\/p>\n<p style=\"text-align: justify;\">10\/6\u00a0(ter\u00e7a-feira) \u2013 P\u00e3es artesanais<\/p>\n<p>&#13;<\/p>\n<p style=\"text-align: justify;\">11\/6\u00a0(quarta-feira) \u2013 Bolos caseiros<\/p>\n<p>&#13;<\/p>\n<p style=\"text-align: justify;\"><strong>Inscri\u00e7\u00f5es<\/strong><strong>: <\/strong>On-line: <a href=\"https:\/\/forms.gle\/35SiUiTyTi3si9bH6\" rel=\"noopener\"><u>https:\/\/forms.gle\/35SiUiTyTi3si9bH6<\/u><\/a>\u00a0e presencialmente no NAC<\/p>\n<p>&#13;<\/p>\n<p style=\"text-align: justify;\"><strong>Local<\/strong><strong>:<\/strong>\u00a0\u00a0Avenida Dr. Lauro Corr\u00eaa da Silva, 3.800\u00a0(Cozinha do NAC)<\/p>\n<p>&#13;<\/p>\n<p style=\"text-align: justify;\">\u00a0<\/p>\n<p>&#13;<br \/>\n&#13;<br \/>\n&#13;<br \/>\n&#13;<\/p>\n<article class=\"conteudo-relacionado no-print\">&#13;<br \/>\n        &#13;<br \/>\n&#13;<br \/>\n        &#13;<br \/>\n    <\/article>\n<p>&#13;<br \/>\n&#13;<br \/>\n                <\/main><\/p><\/div>\n<p><br \/>\n<br \/><a href=\"https:\/\/limeira.sp.gov.br\/seprosom-abre-inscricoes-para-oficinas-gratuitas-de-salgados-panificacao-e-confeitaria\" rel=\"noopener\">Informa\u00e7\u00f5es da PML <\/a><\/p>\n","protected":false},"excerpt":{"rendered":"<p>&#13; &#13; &#13; &#13; &#13; &#13; &#13; &#13; &#13; &#13; A Secretaria de Promo\u00e7\u00e3o Social de Limeira (Seprosom), em parceria com o Fundo Social, abre nesta quarta-feira (3) as inscri\u00e7\u00f5es para oficinas gratuitas de preparo de salgados, p\u00e3es artesanais e bolos caseiros. A iniciativa tem como objetivo qualificar os participantes para a produ\u00e7\u00e3o desses alimentos, [&hellip;]<\/p>\n","protected":false},"author":1,"featured_media":64135,"comment_status":"","ping_status":"open","sticky":false,"template":"","format":"standard","meta":{"_jetpack_newsletter_access":"","_jetpack_dont_email_post_to_subs":false,"_jetpack_newsletter_tier_id":0,"_jetpack_memberships_contains_paywalled_content":false,"_mbp_banners":[],"_jetpack_feature_clip_id":0,"_jetpack_memberships_contains_paid_content":false,"footnotes":"","jetpack_publicize_message":"","jetpack_publicize_feature_enabled":true,"jetpack_social_post_already_shared":true,"jetpack_social_options":{"image_generator_settings":{"template":"highway","default_image_id":0,"font":"","enabled":false},"version":2},"jetpack_post_was_ever_published":false},"categories":[16],"tags":[],"class_list":["post-67840","post","type-post","status-publish","format-standard","has-post-thumbnail","category-local"],"jetpack_publicize_connections":[],"jetpack-related-posts":[],"jetpack_shortlink":"https:\/\/wp.me\/p7Eq1F-hEc","jetpack_sharing_enabled":true,"jetpack_featured_media_url":"https:\/\/i0.wp.com\/guialimeira.com.br\/news\/wp-content\/uploads\/2026\/05\/m_137_0_1_04052026133458.jpg?fit=1024%2C804&ssl=1","_links":{"self":[{"href":"https:\/\/guialimeira.com.br\/news\/wp-json\/wp\/v2\/posts\/67840","targetHints":{"allow":["GET"]}}],"collection":[{"href":"https:\/\/guialimeira.com.br\/news\/wp-json\/wp\/v2\/posts"}],"about":[{"href":"https:\/\/guialimeira.com.br\/news\/wp-json\/wp\/v2\/types\/post"}],"author":[{"embeddable":true,"href":"https:\/\/guialimeira.com.br\/news\/wp-json\/wp\/v2\/users\/1"}],"replies":[{"embeddable":true,"href":"https:\/\/guialimeira.com.br\/news\/wp-json\/wp\/v2\/comments?post=67840"}],"version-history":[{"count":0,"href":"https:\/\/guialimeira.com.br\/news\/wp-json\/wp\/v2\/posts\/67840\/revisions"}],"wp:featuredmedia":[{"embeddable":true,"href":"https:\/\/guialimeira.com.br\/news\/wp-json\/wp\/v2\/media\/64135"}],"wp:attachment":[{"href":"https:\/\/guialimeira.com.br\/news\/wp-json\/wp\/v2\/media?parent=67840"}],"wp:term":[{"taxonomy":"category","embeddable":true,"href":"https:\/\/guialimeira.com.br\/news\/wp-json\/wp\/v2\/categories?post=67840"},{"taxonomy":"post_tag","embeddable":true,"href":"https:\/\/guialimeira.com.br\/news\/wp-json\/wp\/v2\/tags?post=67840"}],"curies":[{"name":"wp","href":"https:\/\/api.w.org\/{rel}","templated":true}]}}