{"id":67838,"date":"2026-06-03T15:06:19","date_gmt":"2026-06-03T18:06:19","guid":{"rendered":"https:\/\/guialimeira.com.br\/limeira-promove-trilha-ecologica-para-conscientizar-estudantes-sobre-protecao-animal\/"},"modified":"2026-06-03T15:06:19","modified_gmt":"2026-06-03T18:06:19","slug":"limeira-promove-trilha-ecologica-para-conscientizar-estudantes-sobre-protecao-animal","status":"publish","type":"post","link":"https:\/\/guialimeira.com.br\/news\/limeira-promove-trilha-ecologica-para-conscientizar-estudantes-sobre-protecao-animal\/","title":{"rendered":"Limeira promove trilha ecol\u00f3gica para conscientizar estudantes sobre prote\u00e7\u00e3o animal"},"content":{"rendered":"<p> <br \/>\n<\/p>\n<div>\n                <main class=\"\">&#13;<br \/>\n                    &#13;<br \/>\n&#13;<br \/>\n&#13;<br \/>\n&#13;<br \/>\n&#13;<br \/>\n&#13;<br \/>\n    <img data-recalc-dims=\"1\" decoding=\"async\" src=\"https:\/\/i0.wp.com\/ecrie.com.br\/sistema\/conteudos\/imagem\/m_137_0_1_03062026150434.jpeg?w=696&#038;ssl=1\" alt=\"Limeira promove trilha ecol\u00f3gica para conscientizar estudantes sobre prote\u00e7\u00e3o animal\"\/>&#13;<br \/>\n&#13;<br \/>\n&#13;<\/p>\n<p style=\"text-align: justify;\">Como parte da programa\u00e7\u00e3o do M\u00eas do Meio Ambiente, a Prefeitura de Limeira realiza, de 3 a 30 de junho, a trilha ecol\u00f3gica \u201cResgate dos Animais em Perigo\u201d, no Parque Cidade. A atividade \u00e9 voltada aos alunos do 4\u00ba e 5\u00ba ano da rede municipal de ensino e tem como objetivo conscientizar as crian\u00e7as sobre a import\u00e2ncia da prote\u00e7\u00e3o e do bem-estar animal.<\/p>\n<p>&#13;<\/p>\n<p style=\"text-align: justify;\">De forma l\u00fadica e interativa, a trilha prop\u00f5e desafios e din\u00e2micas que estimulam o aprendizado sobre guarda respons\u00e1vel, preven\u00e7\u00e3o aos maus-tratos, combate ao tr\u00e1fico de animais silvestres e preserva\u00e7\u00e3o dos habitats naturais. A iniciativa tamb\u00e9m incentiva o trabalho em equipe e a participa\u00e7\u00e3o ativa dos estudantes, aproximando-os das quest\u00f5es ambientais.<\/p>\n<p>&#13;<\/p>\n<p style=\"text-align: justify;\">Participam da atividade alunos das escolas Emeief Prada, Emeief Limeira, Emeief Jos\u00e9 Justino Castilho, Emeief Prof\u00aa Cassiana Maria Soares Lenci e Emeief Padre Maur\u00edcio Sebasti\u00e3o Ferreira.<\/p>\n<p>&#13;<\/p>\n<p style=\"text-align: justify;\">O prefeito Murilo Felix destacou a import\u00e2ncia de promover a educa\u00e7\u00e3o ambiental desde a inf\u00e2ncia. \u201cCuidar do meio ambiente tamb\u00e9m significa respeitar e proteger os animais. Quando ensinamos nossas crian\u00e7as sobre responsabilidade, preserva\u00e7\u00e3o e respeito \u00e0 vida, estamos formando cidad\u00e3os mais conscientes e comprometidos com o futuro da nossa cidade e do planeta\u201d, afirmou.<\/p>\n<p>&#13;<\/p>\n<p style=\"text-align: justify;\">A secret\u00e1ria de Prote\u00e7\u00e3o Animal, Juliana Kopczynski, ressaltou que a atividade alia aprendizado e divers\u00e3o. \u201cA trilha foi pensada para despertar a curiosidade das crian\u00e7as e mostrar, de forma pr\u00e1tica e envolvente, como pequenas atitudes podem contribuir para a prote\u00e7\u00e3o dos animais e da natureza. A educa\u00e7\u00e3o ambiental \u00e9 uma ferramenta fundamental para construirmos uma sociedade mais sustent\u00e1vel\u201d, destacou.<\/p>\n<p>&#13;<\/p>\n<p style=\"text-align: justify;\">A a\u00e7\u00e3o integra o calend\u00e1rio especial do M\u00eas do Meio Ambiente, que re\u00fane atividades educativas e de conscientiza\u00e7\u00e3o voltadas \u00e0 preserva\u00e7\u00e3o ambiental e ao desenvolvimento de pr\u00e1ticas sustent\u00e1veis entre a popula\u00e7\u00e3o.<\/p>\n<p>&#13;<\/p>\n<p style=\"text-align: justify;\">A iniciativa est\u00e1 alinhada ao Objetivo de Desenvolvimento Sustent\u00e1vel 3, da ONU, que trata de sa\u00fade e bem-estar.<\/p>\n<p>&#13;<br \/>\n&#13;<br \/>\n&#13;<br \/>\n&#13;<\/p>\n<article class=\"conteudo-relacionado no-print\">&#13;<br \/>\n        &#13;<br \/>\n&#13;<br \/>\n        &#13;<br \/>\n    <\/article>\n<p>&#13;<br \/>\n&#13;<br \/>\n                <\/main><\/p><\/div>\n<p><br \/>\n<br \/><a href=\"https:\/\/limeira.sp.gov.br\/limeira-promove-trilha-ecologica-para-conscientizar-estudantes-sobre-protecao-animal\" rel=\"noopener\">Informa\u00e7\u00f5es da PML <\/a><\/p>\n","protected":false},"excerpt":{"rendered":"<p>&#13; &#13; &#13; &#13; &#13; &#13; &#13; &#13; &#13; &#13; Como parte da programa\u00e7\u00e3o do M\u00eas do Meio Ambiente, a Prefeitura de Limeira realiza, de 3 a 30 de junho, a trilha ecol\u00f3gica \u201cResgate dos Animais em Perigo\u201d, no Parque Cidade. A atividade \u00e9 voltada aos alunos do 4\u00ba e 5\u00ba ano da rede municipal [&hellip;]<\/p>\n","protected":false},"author":1,"featured_media":67839,"comment_status":"","ping_status":"open","sticky":false,"template":"","format":"standard","meta":{"_jetpack_newsletter_access":"","_jetpack_dont_email_post_to_subs":false,"_jetpack_newsletter_tier_id":0,"_jetpack_memberships_contains_paywalled_content":false,"_mbp_banners":[],"_jetpack_feature_clip_id":0,"_jetpack_memberships_contains_paid_content":false,"footnotes":"","jetpack_publicize_message":"","jetpack_publicize_feature_enabled":true,"jetpack_social_post_already_shared":true,"jetpack_social_options":{"image_generator_settings":{"template":"highway","default_image_id":0,"font":"","enabled":false},"version":2},"jetpack_post_was_ever_published":false},"categories":[16],"tags":[],"class_list":["post-67838","post","type-post","status-publish","format-standard","has-post-thumbnail","category-local"],"jetpack_publicize_connections":[],"jetpack-related-posts":[],"jetpack_shortlink":"https:\/\/wp.me\/p7Eq1F-hEa","jetpack_sharing_enabled":true,"jetpack_featured_media_url":"https:\/\/i0.wp.com\/guialimeira.com.br\/news\/wp-content\/uploads\/2026\/06\/m_137_0_1_03062026150434.jpeg?fit=1024%2C768&ssl=1","_links":{"self":[{"href":"https:\/\/guialimeira.com.br\/news\/wp-json\/wp\/v2\/posts\/67838","targetHints":{"allow":["GET"]}}],"collection":[{"href":"https:\/\/guialimeira.com.br\/news\/wp-json\/wp\/v2\/posts"}],"about":[{"href":"https:\/\/guialimeira.com.br\/news\/wp-json\/wp\/v2\/types\/post"}],"author":[{"embeddable":true,"href":"https:\/\/guialimeira.com.br\/news\/wp-json\/wp\/v2\/users\/1"}],"replies":[{"embeddable":true,"href":"https:\/\/guialimeira.com.br\/news\/wp-json\/wp\/v2\/comments?post=67838"}],"version-history":[{"count":0,"href":"https:\/\/guialimeira.com.br\/news\/wp-json\/wp\/v2\/posts\/67838\/revisions"}],"wp:featuredmedia":[{"embeddable":true,"href":"https:\/\/guialimeira.com.br\/news\/wp-json\/wp\/v2\/media\/67839"}],"wp:attachment":[{"href":"https:\/\/guialimeira.com.br\/news\/wp-json\/wp\/v2\/media?parent=67838"}],"wp:term":[{"taxonomy":"category","embeddable":true,"href":"https:\/\/guialimeira.com.br\/news\/wp-json\/wp\/v2\/categories?post=67838"},{"taxonomy":"post_tag","embeddable":true,"href":"https:\/\/guialimeira.com.br\/news\/wp-json\/wp\/v2\/tags?post=67838"}],"curies":[{"name":"wp","href":"https:\/\/api.w.org\/{rel}","templated":true}]}}