{"id":67837,"date":"2026-06-03T15:05:59","date_gmt":"2026-06-03T18:05:59","guid":{"rendered":"https:\/\/guialimeira.com.br\/audiencia-publica-na-camara-vai-discutir-fechamento-de-salas-de-aula-pelo-governo-do-estado\/"},"modified":"2026-06-03T15:05:59","modified_gmt":"2026-06-03T18:05:59","slug":"audiencia-publica-na-camara-vai-discutir-fechamento-de-salas-de-aula-pelo-governo-do-estado","status":"publish","type":"post","link":"https:\/\/guialimeira.com.br\/news\/audiencia-publica-na-camara-vai-discutir-fechamento-de-salas-de-aula-pelo-governo-do-estado\/","title":{"rendered":"Audi\u00eancia p\u00fablica na C\u00e2mara vai discutir fechamento de salas de aula pelo Governo do Estado"},"content":{"rendered":"<p>Audi\u00eancia p\u00fablica na C\u00e2mara vai discutir fechamento de salas de aula pelo Governo do Estado<\/p>\n<p>Uma audi\u00eancia p\u00fablica para discutir o fechamento de salas de aula de escolas estaduais do ensino fundamental 1 e noturno pelo Governo do Estado de S\u00e3o Paulo foi agendada pela Comiss\u00e3o de Educa\u00e7\u00e3o da C\u00e2mara para o dia 15 de julho, \u00e0s 18h, no Plen\u00e1rio Vereador Vit\u00f3rio Bortolan. O evento ser\u00e1 transmitido ao vivo pelos canais de comunica\u00e7\u00e3o do Legislativo no YouTube, Facebook e site.<\/p>\n<p>Para a audi\u00eancia ser\u00e3o convidados representantes do Campl Patrulheiro, da Escola T\u00e9cnica Trajano Camargo, da Diretoria de Ensino, da Secretaria Municipal de Educa\u00e7\u00e3o, da Secretaria Estadual de Educa\u00e7\u00e3o, do Sindicato dos Professores do Ensino Oficial do Estado de S\u00e3o Paulo (Apeoesp), e a deputada estadual Marina Helou, representando a Comiss\u00e3o Gestora do Plano Estadual de Educa\u00e7\u00e3o de S\u00e3o Paulo. A delibera\u00e7\u00e3o ocorreu na reuni\u00e3o desta quarta-feira, 3 de junho, e foi registrada em ata.<\/p>\n<p>Durante o evento os mun\u00edcipes poder\u00e3o fazer perguntas por meio das ferramentas de intera\u00e7\u00e3o das plataformas ou ainda acompanhar a audi\u00eancia de forma presencial. Temporariamente, a C\u00e2mara est\u00e1 localizada na rua Clarino Peixoto, 280 &#8211; Jardim Maria Buchi Modeneis, devido \u00e0s obras de reforma e amplia\u00e7\u00e3o da sede. Para entrar no pr\u00e9dio, basta se identificar na portaria e seguir at\u00e9 o \u00faltimo bloco.\u00a0 As orienta\u00e7\u00f5es para chegar ao novo endere\u00e7o est\u00e3o neste link.<\/p>\n<p>A Comiss\u00e3o de Educa\u00e7\u00e3o e Ci\u00eancias \u00e9 composta pelos vereadores Mariana Calsa (PSB), presidente; Nilton Santos (Republicanos), vice-presidente; e Marco Xavier (PP), secret\u00e1rio. O colegiado tem como compet\u00eancia a fiscaliza\u00e7\u00e3o de assuntos relacionados \u00e0 educa\u00e7\u00e3o e ao ensino.<\/p>\n<p>Os membros tamb\u00e9m s\u00e3o respons\u00e1veis por abordar a pol\u00edtica e sistema educacional nos aspectos institucionais, estruturais, funcionais e legais, al\u00e9m de opinarem acerca de projetos da rede municipal de ensino, programas e pol\u00edticas p\u00fablicas que tratem do ambiente escolar, dos professores e estudantes, bem como servidores da rede de ensino, servi\u00e7os, equipamentos e programas educacionais.<\/p>\n<hr>\n<p><em>Fonte: <a href=\"https:\/\/www.limeira.sp.leg.br\/noticias\/view\/2026-06-03_audiencia-publica-na-camara-vai-discutir-fechamento-de-salas-de-aula-pelo-governo-do-estado\" target=\"_blank\" rel=\"noopener\">C\u00e2mara Municipal de Limeira<\/a><\/em><\/p>\n","protected":false},"excerpt":{"rendered":"<p>Audi\u00eancia p\u00fablica na C\u00e2mara vai discutir fechamento de salas de aula pelo Governo do Estado<\/p>\n<p>Uma audi\u00eancia p\u00fablica para discutir o fechamento de salas de aula de escolas estaduais do ensino fundamental 1 e noturno pelo Governo do Estado de S\u00e3o Paulo foi agendada pela Comiss\u00e3o de Educa\u00e7\u00e3o da C\u00e2mara p<\/p>\n","protected":false},"author":4,"featured_media":67836,"comment_status":"","ping_status":"open","sticky":false,"template":"","format":"standard","meta":{"_jetpack_newsletter_access":"","_jetpack_dont_email_post_to_subs":false,"_jetpack_newsletter_tier_id":0,"_jetpack_memberships_contains_paywalled_content":false,"_mbp_banners":[],"_jetpack_feature_clip_id":0,"_jetpack_memberships_contains_paid_content":false,"footnotes":"","jetpack_publicize_message":"","jetpack_publicize_feature_enabled":true,"jetpack_social_post_already_shared":true,"jetpack_social_options":{"image_generator_settings":{"template":"highway","default_image_id":0,"font":"","enabled":false},"version":2},"jetpack_post_was_ever_published":false},"categories":[19],"tags":[],"class_list":["post-67837","post","type-post","status-publish","format-standard","has-post-thumbnail","category-politica"],"jetpack_publicize_connections":[],"jetpack-related-posts":[],"jetpack_shortlink":"https:\/\/wp.me\/p7Eq1F-hE9","jetpack_sharing_enabled":true,"jetpack_featured_media_url":"https:\/\/i0.wp.com\/guialimeira.com.br\/news\/wp-content\/uploads\/2026\/06\/noticia-camara-19.jpg?fit=1280%2C640&ssl=1","_links":{"self":[{"href":"https:\/\/guialimeira.com.br\/news\/wp-json\/wp\/v2\/posts\/67837","targetHints":{"allow":["GET"]}}],"collection":[{"href":"https:\/\/guialimeira.com.br\/news\/wp-json\/wp\/v2\/posts"}],"about":[{"href":"https:\/\/guialimeira.com.br\/news\/wp-json\/wp\/v2\/types\/post"}],"author":[{"embeddable":true,"href":"https:\/\/guialimeira.com.br\/news\/wp-json\/wp\/v2\/users\/4"}],"replies":[{"embeddable":true,"href":"https:\/\/guialimeira.com.br\/news\/wp-json\/wp\/v2\/comments?post=67837"}],"version-history":[{"count":0,"href":"https:\/\/guialimeira.com.br\/news\/wp-json\/wp\/v2\/posts\/67837\/revisions"}],"wp:featuredmedia":[{"embeddable":true,"href":"https:\/\/guialimeira.com.br\/news\/wp-json\/wp\/v2\/media\/67836"}],"wp:attachment":[{"href":"https:\/\/guialimeira.com.br\/news\/wp-json\/wp\/v2\/media?parent=67837"}],"wp:term":[{"taxonomy":"category","embeddable":true,"href":"https:\/\/guialimeira.com.br\/news\/wp-json\/wp\/v2\/categories?post=67837"},{"taxonomy":"post_tag","embeddable":true,"href":"https:\/\/guialimeira.com.br\/news\/wp-json\/wp\/v2\/tags?post=67837"}],"curies":[{"name":"wp","href":"https:\/\/api.w.org\/{rel}","templated":true}]}}