{"id":67829,"date":"2026-06-03T14:36:37","date_gmt":"2026-06-03T17:36:37","guid":{"rendered":"https:\/\/guialimeira.com.br\/festas-juninas-e-copa-do-mundo-acendem-alerta-para-queimaduras-por-fogos\/"},"modified":"2026-06-03T14:36:37","modified_gmt":"2026-06-03T17:36:37","slug":"festas-juninas-e-copa-do-mundo-acendem-alerta-para-queimaduras-por-fogos","status":"publish","type":"post","link":"https:\/\/guialimeira.com.br\/news\/festas-juninas-e-copa-do-mundo-acendem-alerta-para-queimaduras-por-fogos\/","title":{"rendered":"Festas juninas e Copa do Mundo acendem alerta para queimaduras por fogos"},"content":{"rendered":"<p> <br \/>\n<\/p>\n<div data-id=\"626ab9d\" data-element_type=\"widget\" data-e-type=\"widget\" data-widget_type=\"theme-post-content.default\">\n<p class=\"wp-block-paragraph\"><em>Especialista da S\u00e3o Leopoldo Mandic orienta sobre preven\u00e7\u00e3o e primeiros socorros<\/em><\/p>\n<p class=\"wp-block-paragraph\">Com as festas juninas e a chegada da Copa do Mundo, aumenta a preocupa\u00e7\u00e3o com os acidentes com fogos de artif\u00edcio, fogueiras e at\u00e9 mesmo a soltura ilegal de bal\u00f5es. Al\u00e9m dos riscos de inc\u00eandios e danos ao patrim\u00f4nio, essas pr\u00e1ticas podem provocar queimaduras graves na pele e outras les\u00f5es que exigem atendimento m\u00e9dico.<\/p>\n<p class=\"wp-block-paragraph\">De acordo com a dermatologista Carolina Gutierrez, professora do curso de Medicina da Faculdade S\u00e3o Leopoldo Mandic Limeira, as queimaduras podem ocorrer em diferentes graus de profundidade. As mais comuns s\u00e3o as de primeiro e segundo grau. Tamb\u00e9m podem ocorrer les\u00f5es traum\u00e1ticas como lacera\u00e7\u00f5es, amputa\u00e7\u00f5es de dedos, les\u00f5es oculares e queimaduras por fa\u00edscas ou brasas. As m\u00e3os s\u00e3o as regi\u00f5es mais atingidas em acidentes com fogos, seguidas pela face, olhos e membros superiores, justamente pelo manuseio direto dos artefatos.<\/p>\n<p class=\"wp-block-paragraph\">As crian\u00e7as est\u00e3o entre as principais v\u00edtimas dos acidentes relacionados a fogos de artif\u00edcio e fogueiras. \u201cOs adultos devem evitar que crian\u00e7as manuseiem materiais inflam\u00e1veis e fogos de artif\u00edcio. Tamb\u00e9m \u00e9 importante manter dist\u00e2ncia segura de fogueiras e conscientizar as crian\u00e7as e adolescentes sobre os riscos. O uso de roupas menos inflam\u00e1veis tamb\u00e9m ajuda a reduzir riscos\u201d, orienta a professora.<\/p>\n<p class=\"wp-block-paragraph\">Em caso de acidente, a dermatologista destaca que os primeiros minutos s\u00e3o fundamentais para reduzir os danos \u00e0 pele. \u201cA primeira medida \u00e9 interromper o contato com a fonte de calor e resfriar a \u00e1rea com \u00e1gua corrente em temperatura ambiente por cerca de 10 a 20 minutos. \u00c9 importante n\u00e3o usar gelo. Em seguida, proteja a \u00e1rea com um pano limpo ou gaze e procure atendimento m\u00e9dico\u201d, orienta.<\/p>\n<p class=\"wp-block-paragraph\">Um outro alerta \u00e9 quanto \u00e0s receitas caseiras. Apesar de ainda serem comuns, esses tratamentos n\u00e3o devem ser utilizados em queimaduras. \u201cAplicar produtos como pasta de dente, manteiga, \u00f3leo, clara de ovo, p\u00f3 de caf\u00e9 ou qualquer subst\u00e2ncia caseira pode piorar a les\u00e3o, aumentar o risco de infec\u00e7\u00e3o e dificultar a avalia\u00e7\u00e3o m\u00e9dica. Tamb\u00e9m n\u00e3o se deve estourar as bolhas sem avalia\u00e7\u00e3o m\u00e9dica\u201d, alerta Carolina.<\/p>\n<p class=\"wp-block-paragraph\">Nem toda queimadura exige atendimento de urg\u00eancia, mas alguns sinais indicam gravidade. \u201cQueimaduras leves costumam ser superficiais, com vermelhid\u00e3o, dor e sem bolhas extensas. Os sinais de gravidade incluem bolhas grandes, \u00e1reas esbranqui\u00e7adas ou enegrecidas, perda de sensibilidade, dor intensa, acometimento de face, m\u00e3os, p\u00e9s, genitais ou queimaduras extensas. Nesses casos, \u00e9 necess\u00e1rio atendimento imediato\u201d, explica.<\/p>\n<p class=\"wp-block-paragraph\">A dermatologista tamb\u00e9m lembra que o cuidado deve continuar ap\u00f3s o acidente, j\u00e1 que existe risco de infec\u00e7\u00e3o. \u201c\u00c9 importante manter a \u00e1rea limpa, coberta com curativo adequado, evitar manipula\u00e7\u00e3o, observar sinais como pus, aumento da dor, vermelhid\u00e3o, febre e seguir orienta\u00e7\u00e3o m\u00e9dica quanto ao uso de pomadas ou antibi\u00f3tico.\u201d, alerta.<\/p>\n<p class=\"wp-block-paragraph\">Al\u00e9m das queimaduras, a fuma\u00e7a produzida pelas fogueiras pode trazer preju\u00edzos \u00e0 sa\u00fade da pele e das vias respirat\u00f3rias. \u201cA fuma\u00e7a pode causar irrita\u00e7\u00e3o cut\u00e2nea, ressecamento e agravar doen\u00e7as de pele como dermatite at\u00f3pica e ros\u00e1cea, al\u00e9m de provocar irrita\u00e7\u00e3o ocular e respirat\u00f3ria\u201d, destaca Carolina.<\/p>\n<p class=\"wp-block-paragraph\">A professora tamb\u00e9m chama aten\u00e7\u00e3o para os riscos associados \u00e0 soltura de bal\u00f5es, pr\u00e1tica proibida pela legisla\u00e7\u00e3o brasileira. Al\u00e9m do potencial de provocar inc\u00eandios em \u00e1reas urbanas, rurais e de preserva\u00e7\u00e3o ambiental, os bal\u00f5es podem causar queimaduras graves em caso de queda ou contato com pessoas. \u201cO ideal \u00e9 substituir pr\u00e1ticas de risco por celebra\u00e7\u00f5es seguras e organizadas. A preven\u00e7\u00e3o ainda \u00e9 a melhor forma de evitar acidentes e garantir que os momentos de lazer sejam aproveitados sem colocar vidas em perigo\u201d, conclui.<\/p>\n<\/div>\n<p><br \/>\n<br \/><a href=\"https:\/\/dinamuscomunicacao.com.br\/festas-juninas-e-copa-do-mundo-acendem-alerta-para-queimaduras-por-fogos\/\" rel=\"noopener\"> Informa\u00e7\u00f5es: D\u00ednamus Comunica\u00e7\u00e3o <\/a><\/p>\n","protected":false},"excerpt":{"rendered":"<p>Especialista da S\u00e3o Leopoldo Mandic orienta sobre preven\u00e7\u00e3o e primeiros socorros Com as festas juninas e a chegada da Copa do Mundo, aumenta a preocupa\u00e7\u00e3o com os acidentes com fogos de artif\u00edcio, fogueiras e at\u00e9 mesmo a soltura ilegal de bal\u00f5es. Al\u00e9m dos riscos de inc\u00eandios e danos ao patrim\u00f4nio, essas pr\u00e1ticas podem provocar queimaduras [&hellip;]<\/p>\n","protected":false},"author":1,"featured_media":67830,"comment_status":"","ping_status":"open","sticky":false,"template":"","format":"standard","meta":{"_jetpack_newsletter_access":"","_jetpack_dont_email_post_to_subs":false,"_jetpack_newsletter_tier_id":0,"_jetpack_memberships_contains_paywalled_content":false,"_mbp_banners":[],"_jetpack_feature_clip_id":0,"_jetpack_memberships_contains_paid_content":false,"footnotes":"","jetpack_publicize_message":"","jetpack_publicize_feature_enabled":true,"jetpack_social_post_already_shared":true,"jetpack_social_options":{"image_generator_settings":{"template":"highway","default_image_id":0,"font":"","enabled":false},"version":2},"jetpack_post_was_ever_published":false},"categories":[16],"tags":[],"class_list":["post-67829","post","type-post","status-publish","format-standard","has-post-thumbnail","category-local"],"jetpack_publicize_connections":[],"jetpack-related-posts":[],"jetpack_shortlink":"https:\/\/wp.me\/p7Eq1F-hE1","jetpack_sharing_enabled":true,"jetpack_featured_media_url":"https:\/\/i0.wp.com\/guialimeira.com.br\/news\/wp-content\/uploads\/2026\/06\/WhatsApp-Image-2026-06-03-at-12.56.05-1.jpeg?fit=1279%2C867&ssl=1","_links":{"self":[{"href":"https:\/\/guialimeira.com.br\/news\/wp-json\/wp\/v2\/posts\/67829","targetHints":{"allow":["GET"]}}],"collection":[{"href":"https:\/\/guialimeira.com.br\/news\/wp-json\/wp\/v2\/posts"}],"about":[{"href":"https:\/\/guialimeira.com.br\/news\/wp-json\/wp\/v2\/types\/post"}],"author":[{"embeddable":true,"href":"https:\/\/guialimeira.com.br\/news\/wp-json\/wp\/v2\/users\/1"}],"replies":[{"embeddable":true,"href":"https:\/\/guialimeira.com.br\/news\/wp-json\/wp\/v2\/comments?post=67829"}],"version-history":[{"count":0,"href":"https:\/\/guialimeira.com.br\/news\/wp-json\/wp\/v2\/posts\/67829\/revisions"}],"wp:featuredmedia":[{"embeddable":true,"href":"https:\/\/guialimeira.com.br\/news\/wp-json\/wp\/v2\/media\/67830"}],"wp:attachment":[{"href":"https:\/\/guialimeira.com.br\/news\/wp-json\/wp\/v2\/media?parent=67829"}],"wp:term":[{"taxonomy":"category","embeddable":true,"href":"https:\/\/guialimeira.com.br\/news\/wp-json\/wp\/v2\/categories?post=67829"},{"taxonomy":"post_tag","embeddable":true,"href":"https:\/\/guialimeira.com.br\/news\/wp-json\/wp\/v2\/tags?post=67829"}],"curies":[{"name":"wp","href":"https:\/\/api.w.org\/{rel}","templated":true}]}}