{"id":67824,"date":"2026-06-03T13:50:41","date_gmt":"2026-06-03T16:50:41","guid":{"rendered":"https:\/\/guialimeira.com.br\/tarifa-social-paulista-numero-de-beneficiarios-chega-a-crescer-mais-de-10-vezes-em-cidades-de-sp\/"},"modified":"2026-06-03T13:50:41","modified_gmt":"2026-06-03T16:50:41","slug":"tarifa-social-paulista-numero-de-beneficiarios-chega-a-crescer-mais-de-10-vezes-em-cidades-de-sp","status":"publish","type":"post","link":"https:\/\/guialimeira.com.br\/news\/tarifa-social-paulista-numero-de-beneficiarios-chega-a-crescer-mais-de-10-vezes-em-cidades-de-sp\/","title":{"rendered":"Tarifa Social Paulista: n\u00famero de benefici\u00e1rios chega a crescer mais de 10 vezes em cidades de SP"},"content":{"rendered":"<p> <br \/>\n<br \/><img data-recalc-dims=\"1\" decoding=\"async\" src=\"https:\/\/i0.wp.com\/www.agenciasp.sp.gov.br\/wp-content\/uploads\/2026\/04\/WhatsApp-Image-2026-04-06-at-09.13.50.jpeg?w=696&#038;ssl=1\" \/><\/p>\n<div>\n<p class=\"wp-block-paragraph\">A realidade de cidades do estado de S\u00e3o Paulo, especialmente as pequenas e m\u00e9dias, mudou com o recorde atingido pelo programa Tarifa Social Paulista, que dobrou de alcance e atende atualmente 6 milh\u00f5es de pessoas com descontos de at\u00e9 78% na conta de \u00e1gua.<\/p>\n<p class=\"wp-block-paragraph\">Em 143 das 371 cidades atendidas pela Sabesp (38% do total), o n\u00famero de benefici\u00e1rios quintuplicou ou mais ap\u00f3s a desestatiza\u00e7\u00e3o da companhia, em 2024. Veja no mapa abaixo o quanto aumentou o alcance do programa em cada munic\u00edpio atendido pela Sabesp.<\/p>\n<p>\n  <iframe src=\"https:\/\/gabriel-croquer.github.io\/agencia-sp-infograficos\/INFOGRAFICOS\/SABESP_TARIFA_SOCIAL\/mapa_tarifa_social.html\" width=\"100%\" height=\"850\" style=\"border:none;overflow:hidden;\" scrolling=\"no\" loading=\"lazy\"><\/iframe>\n<\/p>\n<p class=\"wp-block-paragraph\">Em Lup\u00e9rcio, na regi\u00e3o de Mar\u00edlia, com pouco mais de 4 mil habitantes, o n\u00famero saltou de cerca de 30 para 900 pessoas \u2014 30 vezes mais. Paulo de Faria, Rubin\u00e9ia e Meridiano, todas com menos de 8 mil moradores, multiplicaram por quase 30. Adamantina e Presidente Epit\u00e1cio, no Oeste paulista, aumentaram o alcance do programa por 15 vezes.<\/p>\n<p class=\"wp-block-paragraph\">Em munic\u00edpios m\u00e9dios e grandes, os saltos tamb\u00e9m foram expressivos. Guaruj\u00e1, na Baixada Santista, com 295 mil habitantes, saiu de 6,6 mil para 69 mil pessoas (dez vezes a mais). Tamb\u00e9m na Baixada, Praia Grande sextuplicou, de 6,2 mil para 40 mil pessoas.<\/p>\n<p class=\"wp-block-paragraph\"><strong>LEIA MAIS: <a href=\"https:\/\/www.agenciasp.sp.gov.br\/total-de-pessoas-incluidas-no-acesso-a-agua-em-sp-desde-2024-e-maior-que-populacao-de-20-capitais-brasileiras\/\" rel=\"noopener\">Total de pessoas inclu\u00eddas no acesso \u00e0 \u00e1gua em SP desde 2024 \u00e9 maior que popula\u00e7\u00e3o de 20 capitais brasileiras<\/a><br \/><\/strong><\/p>\n<p class=\"wp-block-paragraph\">Em Caraguatatuba, no Litoral Norte, o n\u00famero quintuplicou. Presidente Prudente, no Oeste paulista, Jandira, na Grande S\u00e3o Paulo, e Itapetininga, no interior, tamb\u00e9m multiplicaram por mais de 5 vezes. Diadema, no ABC, triplicou. S\u00e3o Jos\u00e9 dos Campos, maior cidade do Vale do Para\u00edba, com 725 mil habitantes, teve o alcance duplicado.<\/p>\n<p class=\"wp-block-paragraph\">A maior expans\u00e3o proporcional aconteceu no Vale do Ribeira, na regi\u00e3o administrativa de Registro. Todas as 14 cidades atendidas pela Sabesp na regi\u00e3o tiveram crescimento. Em Canan\u00e9ia, a quantidade de pessoas com desconto multiplicou por 10. Em Ilha Comprida, mais de 1 em cada 3 moradores t\u00eam desconto na conta de \u00e1gua \u2014 5 mil pessoas atendidas em uma cidade de 14 mil habitantes. Registro, maior cidade da regi\u00e3o, sextuplicou o n\u00famero de beneficiados.<\/p>\n<p class=\"wp-block-paragraph\">Em S\u00e3o Paulo, capital paulista e maior cidade do pa\u00eds, o programa atende 1 a cada 5 moradores e chegou a 2,61 milh\u00f5es de beneficiados. Guarulhos, a segunda maior cidade do estado, mais que duplicou e tem 259 mil pessoas com desconto.<\/p>\n<p class=\"wp-block-paragraph\">A amplia\u00e7\u00e3o \u00e9 resultado do novo contrato ap\u00f3s a desestatiza\u00e7\u00e3o da Sabesp, em 2024, que ampliou e facilitou a inclus\u00e3o no benef\u00edcio.\u00a0<\/p>\n<figure class=\"wp-block-embed is-type-video is-provider-spotify wp-block-embed-spotify wp-embed-aspect-16-9 wp-has-aspect-ratio\">\n<p>\n<iframe title=\"Spotify Embed: EP 09 - SP POD: Nat\u00e1lia Resende detalha plano de expans\u00e3o do saneamento e da tarifa social em S\u00e3o Paulo\" style=\"border-radius: 12px\" width=\"624\" height=\"351\" frameborder=\"0\" allowfullscreen=\"\" allow=\"autoplay; clipboard-write; encrypted-media; fullscreen; picture-in-picture\" loading=\"lazy\" src=\"https:\/\/open.spotify.com\/embed\/episode\/52h0vD652gw7zYTJE8Si3Q\/video?si=UbBsdBnYRa6X-fSXc5BYVQ&amp;utm_source=oembed\"><\/iframe>\n<\/p>\n<\/figure>\n<h2 class=\"wp-block-heading\"><strong>Como acessar a Tarifa Social Paulista<\/strong><\/h2>\n<p class=\"wp-block-paragraph\">O acesso ao benef\u00edcio considera informa\u00e7\u00f5es cadastrais das fam\u00edlias eleg\u00edveis. A orienta\u00e7\u00e3o \u00e9 que os moradores mantenham os dados atualizados nos cadastros sociais para permitir a identifica\u00e7\u00e3o de quem tem direito ao desconto.<\/p>\n<p class=\"wp-block-paragraph\">O programa tem tr\u00eas faixas:<\/p>\n<ul class=\"wp-block-list\">\n<li>A categoria Vulner\u00e1vel oferece 78% de desconto para fam\u00edlias com renda per capita de at\u00e9 um quarto do sal\u00e1rio m\u00ednimo;<\/li>\n<li>A Social I prev\u00ea 72% para fam\u00edlias com renda de at\u00e9 meio sal\u00e1rio m\u00ednimo, desempregados e benefici\u00e1rios do BPC;<\/li>\n<li>E a Social II concede 50% para moradores de n\u00facleos urbanos informais pass\u00edveis de regulariza\u00e7\u00e3o.<\/li>\n<\/ul>\n<p class=\"wp-block-paragraph\">A ades\u00e3o \u00e9 autom\u00e1tica para quem tem o Cad\u00danico atualizado nas duas primeiras faixas. Na faixa social 2, n\u00e3o \u00e9 necess\u00e1rio o cadastro do Cad\u00danico. N\u00e3o \u00e9 preciso enviar documentos \u00e0 Sabesp. Benefici\u00e1rios do Benef\u00edcio de Presta\u00e7\u00e3o Continuada (BPC) tamb\u00e9m s\u00e3o inclu\u00eddos automaticamente.<\/p>\n<p class=\"wp-block-paragraph\">Desempregados podem solicitar o benef\u00edcio pelo Sabesp F\u00e1cil, com validade de at\u00e9 12 meses mediante comprova\u00e7\u00e3o semestral. Para moradores de habita\u00e7\u00f5es coletivas, a solicita\u00e7\u00e3o tamb\u00e9m \u00e9 feita pelo Sabesp F\u00e1cil, com envio de documentos comprobat\u00f3rios. \u00c9 importante que a conta de \u00e1gua esteja no nome da pessoa cadastrada ou de um familiar que conste no mesmo cadastro. Mais informa\u00e7\u00f5es em tarifasocialpaulista.sp.gov.br.<\/p>\n<p class=\"wp-block-paragraph\">A Sabesp tamb\u00e9m realiza a\u00e7\u00f5es de atendimento e orienta\u00e7\u00e3o para ampliar o conhecimento da popula\u00e7\u00e3o sobre a Tarifa Social Paulista e facilitar a inclus\u00e3o de novos benefici\u00e1rios.<\/p>\n<p class=\"wp-block-paragraph\">Com a expans\u00e3o, o programa consolida-se como uma das principais pol\u00edticas sociais ligadas ao saneamento em S\u00e3o Paulo, ao combinar desconto direto na conta de \u00e1gua com amplia\u00e7\u00e3o do acesso aos servi\u00e7os essenciais.<\/p>\n<h2 class=\"wp-block-heading\"><strong>Universaliza\u00e7\u00e3o do acesso \u00e0 \u00e1gua<\/strong><\/h2>\n<p class=\"wp-block-paragraph\">O Estado de S\u00e3o Paulo recebeu em 2025 o maior investimento da hist\u00f3ria para ampliar o acesso da popula\u00e7\u00e3o \u00e0 \u00e1gua e esgoto tratado. Foram R$ 15,2 bilh\u00f5es aplicados pela Sabesp, valor 120% superior aos R$ 6,9 bilh\u00f5es do ano anterior. O crescimento foi poss\u00edvel ap\u00f3s a desestatiza\u00e7\u00e3o da empresa, realizada em julho de 2024 pelo Governo de S\u00e3o Paulo. O principal objetivo era acelerar a universaliza\u00e7\u00e3o do saneamento b\u00e1sico no estado, prevista para ocorrer em 2029.<\/p>\n<p class=\"wp-block-paragraph\">O Plano Regional de Saneamento B\u00e1sico prev\u00ea investimentos de R$ 260 bilh\u00f5es at\u00e9 2060, dos quais R$ 70 bilh\u00f5es ser\u00e3o aplicados at\u00e9 2029 para levar \u00e1gua pot\u00e1vel, tratamento e coleta de esgoto para toda a popula\u00e7\u00e3o paulista.<\/p>\n<h2 class=\"wp-block-heading\"><strong>Na Rota da \u00c1gua<\/strong><\/h2>\n<p class=\"wp-block-paragraph\">O Governo de S\u00e3o Paulo passou a acompanhar os avan\u00e7os das obras da Sabesp neste trimestre por meio do Na Rota da \u00c1gua. A iniciativa d\u00e1 mais visibilidade \u00e0s obras de seguran\u00e7a h\u00eddrica, refor\u00e7o de abastecimento e universaliza\u00e7\u00e3o do saneamento nas cidades atendidas pela companhia.<\/p>\n<p class=\"wp-block-paragraph\">Lan\u00e7ado em fevereiro deste ano, Na Rota da \u00c1gua prev\u00ea uma s\u00e9rie de entregas e visitas t\u00e9cnicas a mais de 1.100 frentes de obras em andamento nos munic\u00edpios contemplados pelo novo contrato da Sabesp.<\/p>\n<p class=\"wp-block-paragraph\">Entre as entregas j\u00e1 realizadas, est\u00e3o obras de saneamento em Itapecerica da Serra, Embu das Artes e Embu-Gua\u00e7u. Al\u00e9m disso, h\u00e1 duas novas Esta\u00e7\u00f5es de Tratamento de Esgoto em Caieiras e Franco da Rocha e um Sistema de Expans\u00e3o de Esgotamento Sanit\u00e1rio que tamb\u00e9m contempla Francisco Morato, na Grande S\u00e3o Paulo.<\/p>\n<p class=\"wp-block-paragraph\">As interven\u00e7\u00f5es receberam R$ 168 milh\u00f5es em investimentos e devem beneficiar 46,2 mil fam\u00edlias, o equivalente a cerca de 127 mil pessoas, com amplia\u00e7\u00e3o do tratamento de esgoto e redu\u00e7\u00e3o da polui\u00e7\u00e3o em rios e c\u00f3rregos da regi\u00e3o.<\/p>\n<p class=\"wp-block-paragraph\">Outro destaque \u00e9 o Programa Integra Tiet\u00ea, que teve a contrata\u00e7\u00e3o da expans\u00e3o e do retrofit da Esta\u00e7\u00e3o de Tratamento de Esgoto de Barueri, ao custo de R$ 5,7 bilh\u00f5es. A conclus\u00e3o do projeto est\u00e1 prevista para o fim de 2029. A obra permitir\u00e1 ampliar em 40,6% a capacidade de tratamento de esgoto da esta\u00e7\u00e3o e beneficiar 4 milh\u00f5es de pessoas com acesso ao servi\u00e7o.<\/p>\n<\/p><\/div>\n<p><br \/>\n<br \/><a href=\"https:\/\/www.agenciasp.sp.gov.br\/tarifa-social-paulista-numero-de-beneficiarios-chega-a-crescer-mais-de-10-vezes-em-cidades-de-sp\/\" rel=\"noopener\">Informa\u00e7\u00f5es GOV.SP<\/a><\/p>\n","protected":false},"excerpt":{"rendered":"<p>A realidade de cidades do estado de S\u00e3o Paulo, especialmente as pequenas e m\u00e9dias, mudou com o recorde atingido pelo programa Tarifa Social Paulista, que dobrou de alcance e atende atualmente 6 milh\u00f5es de pessoas com descontos de at\u00e9 78% na conta de \u00e1gua. Em 143 das 371 cidades atendidas pela Sabesp (38% do total), [&hellip;]<\/p>\n","protected":false},"author":1,"featured_media":67825,"comment_status":"","ping_status":"open","sticky":false,"template":"","format":"standard","meta":{"_jetpack_newsletter_access":"","_jetpack_dont_email_post_to_subs":false,"_jetpack_newsletter_tier_id":0,"_jetpack_memberships_contains_paywalled_content":false,"_mbp_banners":[],"_jetpack_feature_clip_id":0,"_jetpack_memberships_contains_paid_content":false,"footnotes":"","jetpack_publicize_message":"","jetpack_publicize_feature_enabled":true,"jetpack_social_post_already_shared":true,"jetpack_social_options":{"image_generator_settings":{"template":"highway","default_image_id":0,"font":"","enabled":false},"version":2},"jetpack_post_was_ever_published":false},"categories":[21],"tags":[],"class_list":["post-67824","post","type-post","status-publish","format-standard","has-post-thumbnail","category-sp-news"],"jetpack_publicize_connections":[],"jetpack-related-posts":[],"jetpack_shortlink":"https:\/\/wp.me\/p7Eq1F-hDW","jetpack_sharing_enabled":true,"jetpack_featured_media_url":"https:\/\/i0.wp.com\/guialimeira.com.br\/news\/wp-content\/uploads\/2026\/06\/Tarifa-Social-Paulista-numero-de-beneficiarios-chega-a-crescer-mais.jpeg?fit=1600%2C898&ssl=1","_links":{"self":[{"href":"https:\/\/guialimeira.com.br\/news\/wp-json\/wp\/v2\/posts\/67824","targetHints":{"allow":["GET"]}}],"collection":[{"href":"https:\/\/guialimeira.com.br\/news\/wp-json\/wp\/v2\/posts"}],"about":[{"href":"https:\/\/guialimeira.com.br\/news\/wp-json\/wp\/v2\/types\/post"}],"author":[{"embeddable":true,"href":"https:\/\/guialimeira.com.br\/news\/wp-json\/wp\/v2\/users\/1"}],"replies":[{"embeddable":true,"href":"https:\/\/guialimeira.com.br\/news\/wp-json\/wp\/v2\/comments?post=67824"}],"version-history":[{"count":0,"href":"https:\/\/guialimeira.com.br\/news\/wp-json\/wp\/v2\/posts\/67824\/revisions"}],"wp:featuredmedia":[{"embeddable":true,"href":"https:\/\/guialimeira.com.br\/news\/wp-json\/wp\/v2\/media\/67825"}],"wp:attachment":[{"href":"https:\/\/guialimeira.com.br\/news\/wp-json\/wp\/v2\/media?parent=67824"}],"wp:term":[{"taxonomy":"category","embeddable":true,"href":"https:\/\/guialimeira.com.br\/news\/wp-json\/wp\/v2\/categories?post=67824"},{"taxonomy":"post_tag","embeddable":true,"href":"https:\/\/guialimeira.com.br\/news\/wp-json\/wp\/v2\/tags?post=67824"}],"curies":[{"name":"wp","href":"https:\/\/api.w.org\/{rel}","templated":true}]}}