{"id":67822,"date":"2026-06-03T13:35:38","date_gmt":"2026-06-03T16:35:38","guid":{"rendered":"https:\/\/guialimeira.com.br\/patio-limeira-shopping-tera-programacao-especial-neste-feriado\/"},"modified":"2026-06-03T13:35:38","modified_gmt":"2026-06-03T16:35:38","slug":"patio-limeira-shopping-tera-programacao-especial-neste-feriado","status":"publish","type":"post","link":"https:\/\/guialimeira.com.br\/news\/patio-limeira-shopping-tera-programacao-especial-neste-feriado\/","title":{"rendered":"P\u00e1tio Limeira Shopping ter\u00e1 programa\u00e7\u00e3o especial neste feriado"},"content":{"rendered":"<p> <br \/>\n<\/p>\n<div data-id=\"626ab9d\" data-element_type=\"widget\" data-e-type=\"widget\" data-widget_type=\"theme-post-content.default\">\n<p class=\"wp-block-paragraph\"><em>Troca de figurinhas e atividades infantis\u00a0longe das telas s\u00e3o os destaques<\/em><\/p>\n<p class=\"wp-block-paragraph\">Quem pretende aproveitar o feriado de Corpus Christi para passear, reunir a fam\u00edlia ou desfrutar de momentos de lazer ter\u00e1 uma op\u00e7\u00e3o completa no P\u00e1tio Limeira Shopping. O empreendimento funcionar\u00e1 normalmente na quinta-feira, dia 4 de junho, com hor\u00e1rio especial para atender os visitantes.<\/p>\n<p class=\"wp-block-paragraph\">As lojas estar\u00e3o abertas das 14h \u00e0s 20h, enquanto a pra\u00e7a de alimenta\u00e7\u00e3o e as opera\u00e7\u00f5es de lazer funcionar\u00e3o das 12h \u00e0s 22h. A proposta \u00e9 oferecer um ambiente agrad\u00e1vel para quem deseja aproveitar o feriado com conforto, boa gastronomia e diversas op\u00e7\u00f5es de entretenimento.<\/p>\n<p class=\"wp-block-paragraph\">Quem entrou na febre dos \u00e1lbuns da Copa do Mundo poder\u00e1 aproveitar o feriado prolongado para participar da tradicional troca de figurinhas no Espa\u00e7o Gol de Figurinha, localizado no piso superior, a partir das 14h. O espa\u00e7o \u00e9 resultado de uma parceria com a Geek Collections e re\u00fane itens colecion\u00e1veis, como \u00e1lbuns e figurinhas, al\u00e9m de acess\u00f3rios tem\u00e1ticos para os torcedores da Sele\u00e7\u00e3o Brasileira.<\/p>\n<p class=\"wp-block-paragraph\">Outra op\u00e7\u00e3o para reunir a fam\u00edlia e os amigos \u00e9 a Ludoteca do P\u00e1tio, espa\u00e7o dedicado aos jogos de tabuleiro para diferentes faixas et\u00e1rias. A iniciativa ser\u00e1 realizada no s\u00e1bado (6) e domingo (7) e tem como objetivo estimular a intera\u00e7\u00e3o social, o racioc\u00ednio l\u00f3gico, a estrat\u00e9gia e a divers\u00e3o em grupo. As sess\u00f5es acontecem \u00e0s 14h, 15h, 16h e 17h, no espa\u00e7o que fica em frente ao cinema.<\/p>\n<p class=\"wp-block-paragraph\">De acordo com a coordenadora de marketing do shopping, Sibelly Paganotti, a expectativa \u00e9 receber um grande p\u00fablico durante o feriado prolongado. \u201cO P\u00e1tio Limeira \u00e9 um espa\u00e7o de conviv\u00eancia para toda a fam\u00edlia, por isso, sempre pensamos em programa\u00e7\u00e3o que une lazer, entretenimento e experi\u00eancias para diferentes p\u00fablicos \u201c, destaca.<\/p>\n<p class=\"wp-block-paragraph\"><strong>Sobre o P\u00e1tio Limeira Shopping<\/strong><\/p>\n<p class=\"wp-block-paragraph\">Com 64 mil m\u00b2 de \u00e1rea constru\u00edda, o P\u00e1tio Limeira Shopping possui mais de 150 opera\u00e7\u00f5es, sendo cinco lojas-\u00e2ncoras (Marisa, C&amp;A, Riachuelo, Lojas Americanas e Renner), seis megalojas (Ri Happy, Centauro, Di Gaspi, Polo Wear, Kalunga e Lojas 1a99), mais de 30 opera\u00e7\u00f5es de alimenta\u00e7\u00e3o e quatro restaurantes (Outback, Coco Bambu, Pizza Hut e Sr. Boteco) e o cinema Arcoplex, com cinco salas, sendo uma 3D. Anexo ao P\u00e1tio Limeira Shopping est\u00e1 o P\u00e1tio Office, torre comercial com dez andares e 160 salas modulares. Localizado na regi\u00e3o central de Limeira, o empreendimento \u00e9 um importante local de compras, lazer e entretenimento para adultos e crian\u00e7as da cidade e regi\u00e3o, oferecendo excelentes op\u00e7\u00f5es com seguran\u00e7a e estacionamento coberto para mil ve\u00edculos, com sinalizadores.<\/p>\n<p class=\"wp-block-paragraph\">Site: <a href=\"http:\/\/www.patiolimeira.com.br\" rel=\"noopener\">www.patiolimeira.com.br<\/a><\/p>\n<p class=\"wp-block-paragraph\">Instagram: P\u00e1tio Limeira Shopping<\/p>\n<p class=\"wp-block-paragraph\">Facebook: P\u00e1tio Limeira Shopping<\/p>\n<\/div>\n<p><br \/>\n<br \/><a href=\"https:\/\/dinamuscomunicacao.com.br\/patio-limeira-shopping-tera-programacao-especial-neste-feriado\/\" rel=\"noopener\"> Informa\u00e7\u00f5es: D\u00ednamus Comunica\u00e7\u00e3o <\/a><\/p>\n","protected":false},"excerpt":{"rendered":"<p>Troca de figurinhas e atividades infantis\u00a0longe das telas s\u00e3o os destaques Quem pretende aproveitar o feriado de Corpus Christi para passear, reunir a fam\u00edlia ou desfrutar de momentos de lazer ter\u00e1 uma op\u00e7\u00e3o completa no P\u00e1tio Limeira Shopping. O empreendimento funcionar\u00e1 normalmente na quinta-feira, dia 4 de junho, com hor\u00e1rio especial para atender os visitantes. [&hellip;]<\/p>\n","protected":false},"author":1,"featured_media":67823,"comment_status":"","ping_status":"open","sticky":false,"template":"","format":"standard","meta":{"_jetpack_newsletter_access":"","_jetpack_dont_email_post_to_subs":false,"_jetpack_newsletter_tier_id":0,"_jetpack_memberships_contains_paywalled_content":false,"_mbp_banners":[],"_jetpack_feature_clip_id":0,"_jetpack_memberships_contains_paid_content":false,"footnotes":"","jetpack_publicize_message":"","jetpack_publicize_feature_enabled":true,"jetpack_social_post_already_shared":true,"jetpack_social_options":{"image_generator_settings":{"template":"highway","default_image_id":0,"font":"","enabled":false},"version":2},"jetpack_post_was_ever_published":false},"categories":[16],"tags":[],"class_list":["post-67822","post","type-post","status-publish","format-standard","has-post-thumbnail","category-local"],"jetpack_publicize_connections":[],"jetpack-related-posts":[],"jetpack_shortlink":"https:\/\/wp.me\/p7Eq1F-hDU","jetpack_sharing_enabled":true,"jetpack_featured_media_url":"https:\/\/i0.wp.com\/guialimeira.com.br\/news\/wp-content\/uploads\/2026\/06\/WhatsApp-Image-2026-06-03-at-10.56.49.jpeg?fit=1448%2C1086&ssl=1","_links":{"self":[{"href":"https:\/\/guialimeira.com.br\/news\/wp-json\/wp\/v2\/posts\/67822","targetHints":{"allow":["GET"]}}],"collection":[{"href":"https:\/\/guialimeira.com.br\/news\/wp-json\/wp\/v2\/posts"}],"about":[{"href":"https:\/\/guialimeira.com.br\/news\/wp-json\/wp\/v2\/types\/post"}],"author":[{"embeddable":true,"href":"https:\/\/guialimeira.com.br\/news\/wp-json\/wp\/v2\/users\/1"}],"replies":[{"embeddable":true,"href":"https:\/\/guialimeira.com.br\/news\/wp-json\/wp\/v2\/comments?post=67822"}],"version-history":[{"count":0,"href":"https:\/\/guialimeira.com.br\/news\/wp-json\/wp\/v2\/posts\/67822\/revisions"}],"wp:featuredmedia":[{"embeddable":true,"href":"https:\/\/guialimeira.com.br\/news\/wp-json\/wp\/v2\/media\/67823"}],"wp:attachment":[{"href":"https:\/\/guialimeira.com.br\/news\/wp-json\/wp\/v2\/media?parent=67822"}],"wp:term":[{"taxonomy":"category","embeddable":true,"href":"https:\/\/guialimeira.com.br\/news\/wp-json\/wp\/v2\/categories?post=67822"},{"taxonomy":"post_tag","embeddable":true,"href":"https:\/\/guialimeira.com.br\/news\/wp-json\/wp\/v2\/tags?post=67822"}],"curies":[{"name":"wp","href":"https:\/\/api.w.org\/{rel}","templated":true}]}}