{"id":67821,"date":"2026-06-03T13:05:49","date_gmt":"2026-06-03T16:05:49","guid":{"rendered":"https:\/\/guialimeira.com.br\/dr-marcelo-rossi-leva-conscientizacao-sobre-envelhecimento-com-musicoterapia-e-vacinacao\/"},"modified":"2026-06-03T13:05:49","modified_gmt":"2026-06-03T16:05:49","slug":"dr-marcelo-rossi-leva-conscientizacao-sobre-envelhecimento-com-musicoterapia-e-vacinacao","status":"publish","type":"post","link":"https:\/\/guialimeira.com.br\/news\/dr-marcelo-rossi-leva-conscientizacao-sobre-envelhecimento-com-musicoterapia-e-vacinacao\/","title":{"rendered":"Dr. Marcelo Rossi leva conscientiza\u00e7\u00e3o sobre envelhecimento com musicoterapia e vacina\u00e7\u00e3o"},"content":{"rendered":"<p>Dr. Marcelo Rossi leva conscientiza\u00e7\u00e3o sobre envelhecimento com musicoterapia e vacina\u00e7\u00e3o<\/p>\n<p>Autor da Lei N\u00ba 5.833\/2017, o vereador Dr. Marcelo Rossi (MDB) realizou nesta ter\u00e7a-feira, 2 de maio, mais uma a\u00e7\u00e3o sobre envelhecimento saud\u00e1vel e a Doen\u00e7a de Alzheimer ao grupo de Terceira Idade Li\u00e7\u00e3o de Vida, no sal\u00e3o da Igreja S\u00e3o Benedito. O encontro reuniu 50 idosas. \u201cFui convidado para a palestra no ano passado e agora, no retorno ao grupo, conseguimos agregar a\u00e7\u00f5es pr\u00e1ticas fundamentais, com vacina\u00e7\u00e3o e musicoterapia\u201d, explicou.<\/p>\n<p>A vacina\u00e7\u00e3o contra a gripe foi realizada no local ap\u00f3s pedido do vereador \u00e0 Secretaria Municipal de Sa\u00fade. Antes, Dr. Marcelo esclareceu mitos e refor\u00e7ou a import\u00e2ncia da imuniza\u00e7\u00e3o. \u201cA vacina salva vidas ao prevenir complica\u00e7\u00f5es graves, como pneumonia e infec\u00e7\u00f5es respirat\u00f3rias que ainda resultam em interna\u00e7\u00f5es\u201d, alertou.<\/p>\n<p>A musicoterapia foi promovida, a pedido do parlamentar, voluntariamente pela musicoterapeuta Flavia Moselli. A especialista realizou atividades individuais e em grupos. \u201cSons, palmas, ritmos e muita alegria contagiou o p\u00fablico, que trabalhou memoriza\u00e7\u00e3o, coordena\u00e7\u00e3o motora e recebeu est\u00edmulos cognitivos diversos. Esses movimentos envolvem aspectos sensoriais e cognitivos essenciais para a sa\u00fade do c\u00e9rebro\u201d, concluiu o Dr. Marcelo.<\/p>\n<p>Do Gabinete Parlamentar \u2013 Vereador\u00a0 Dr. Marcelo Rossi (MDB)<\/p>\n<p>*Fotos do Gabinete parlamentar<\/p>\n<p>As mat\u00e9rias de origem dos Gabinetes Parlamentares s\u00e3o de inteira\u00a0 responsabilidade dos parlamentares e de suas assessorias. S\u00e3o devidamente assinadas e n\u00e3o refletem, necessariamente, a opini\u00e3o institucional da C\u00e2mara Municipal de Limeira.<\/p>\n<hr>\n<p><em>Fonte: <a href=\"https:\/\/www.limeira.sp.leg.br\/noticias\/view\/2026-06-03_dr-marcelo-rossi-leva-conscientizacao-sobre-envelhecimento-com-musicoterapia-e-vacinacao\" target=\"_blank\" rel=\"noopener\">C\u00e2mara Municipal de Limeira<\/a><\/em><\/p>\n","protected":false},"excerpt":{"rendered":"<p>Dr. Marcelo Rossi leva conscientiza\u00e7\u00e3o sobre envelhecimento com musicoterapia e vacina\u00e7\u00e3o<\/p>\n<p>Autor da Lei N\u00ba 5.833\/2017, o vereador Dr. Marcelo Rossi (MDB) realizou nesta ter\u00e7a-feira, 2 de maio, mais uma a\u00e7\u00e3o sobre envelhecimento saud\u00e1vel e a Doen\u00e7a de Alzheimer ao grupo de Terceira Idade Li\u00e7\u00e3o de Vid<\/p>\n","protected":false},"author":4,"featured_media":67820,"comment_status":"","ping_status":"open","sticky":false,"template":"","format":"standard","meta":{"_jetpack_newsletter_access":"","_jetpack_dont_email_post_to_subs":false,"_jetpack_newsletter_tier_id":0,"_jetpack_memberships_contains_paywalled_content":false,"_mbp_banners":[],"_jetpack_feature_clip_id":0,"_jetpack_memberships_contains_paid_content":false,"footnotes":"","jetpack_publicize_message":"","jetpack_publicize_feature_enabled":true,"jetpack_social_post_already_shared":true,"jetpack_social_options":{"image_generator_settings":{"template":"highway","default_image_id":0,"font":"","enabled":false},"version":2},"jetpack_post_was_ever_published":false},"categories":[19],"tags":[],"class_list":["post-67821","post","type-post","status-publish","format-standard","has-post-thumbnail","category-politica"],"jetpack_publicize_connections":[],"jetpack-related-posts":[],"jetpack_shortlink":"https:\/\/wp.me\/p7Eq1F-hDT","jetpack_sharing_enabled":true,"jetpack_featured_media_url":"https:\/\/i0.wp.com\/guialimeira.com.br\/news\/wp-content\/uploads\/2026\/06\/noticia-camara-18.jpg?fit=1280%2C640&ssl=1","_links":{"self":[{"href":"https:\/\/guialimeira.com.br\/news\/wp-json\/wp\/v2\/posts\/67821","targetHints":{"allow":["GET"]}}],"collection":[{"href":"https:\/\/guialimeira.com.br\/news\/wp-json\/wp\/v2\/posts"}],"about":[{"href":"https:\/\/guialimeira.com.br\/news\/wp-json\/wp\/v2\/types\/post"}],"author":[{"embeddable":true,"href":"https:\/\/guialimeira.com.br\/news\/wp-json\/wp\/v2\/users\/4"}],"replies":[{"embeddable":true,"href":"https:\/\/guialimeira.com.br\/news\/wp-json\/wp\/v2\/comments?post=67821"}],"version-history":[{"count":0,"href":"https:\/\/guialimeira.com.br\/news\/wp-json\/wp\/v2\/posts\/67821\/revisions"}],"wp:featuredmedia":[{"embeddable":true,"href":"https:\/\/guialimeira.com.br\/news\/wp-json\/wp\/v2\/media\/67820"}],"wp:attachment":[{"href":"https:\/\/guialimeira.com.br\/news\/wp-json\/wp\/v2\/media?parent=67821"}],"wp:term":[{"taxonomy":"category","embeddable":true,"href":"https:\/\/guialimeira.com.br\/news\/wp-json\/wp\/v2\/categories?post=67821"},{"taxonomy":"post_tag","embeddable":true,"href":"https:\/\/guialimeira.com.br\/news\/wp-json\/wp\/v2\/tags?post=67821"}],"curies":[{"name":"wp","href":"https:\/\/api.w.org\/{rel}","templated":true}]}}