{"id":67819,"date":"2026-06-03T13:00:53","date_gmt":"2026-06-03T16:00:53","guid":{"rendered":"https:\/\/guialimeira.com.br\/camara-pauta-cinco-projetos-para-a-proxima-sessao-ordinaria\/"},"modified":"2026-06-03T13:00:53","modified_gmt":"2026-06-03T16:00:53","slug":"camara-pauta-cinco-projetos-para-a-proxima-sessao-ordinaria","status":"publish","type":"post","link":"https:\/\/guialimeira.com.br\/news\/camara-pauta-cinco-projetos-para-a-proxima-sessao-ordinaria\/","title":{"rendered":"C\u00e2mara pauta cinco projetos para a pr\u00f3xima sess\u00e3o ordin\u00e1ria"},"content":{"rendered":"<p>C\u00e2mara pauta cinco projetos para a pr\u00f3xima sess\u00e3o ordin\u00e1ria<\/p>\n<p>Na pr\u00f3xima sess\u00e3o ordin\u00e1ria da C\u00e2mara, na segunda-feira, 8 de junho, os vereadores votam cinco projetos pautados na Ordem do Dia, sendo um de autoria da Prefeitura e quatro apresentados pelo Legislativo. Os parlamentares tamb\u00e9m discutem requerimentos e votam mo\u00e7\u00f5es durante o Expediente. Os trabalhos s\u00e3o transmitidos ao vivo pelos canais de comunica\u00e7\u00e3o do Legislativo no YouTube, Facebook e site, e pela r\u00e1dio Limeira FM 106,9, a partir das 17h.<\/p>\n<p>Os mun\u00edcipes podem ainda conferir as sess\u00f5es de forma presencial. Temporariamente, a C\u00e2mara est\u00e1 localizada na Rua Clarino Peixoto, 280 &#8211; Jardim Maria Buchi Modeneis, devido \u00e0s obras de reforma e amplia\u00e7\u00e3o da sede. Para entrar no pr\u00e9dio, basta se identificar na portaria e seguir at\u00e9 o \u00faltimo bloco.\u00a0 As orienta\u00e7\u00f5es para chegar ao novo endere\u00e7o est\u00e3o neste link.<\/p>\n<p>Confira os projetos que est\u00e3o pautados na Ordem do Dia:<\/p>\n<p>Projeto de Lei N\u00ba 54\/2026, da Prefeitura, disp\u00f5e sobre as diretrizes para a elabora\u00e7\u00e3o e execu\u00e7\u00e3o da Lei de Diretrizes Or\u00e7ament\u00e1ria Anual (LDO) de 2027.<\/p>\n<p>Projeto de Lei N\u00ba 152\/2025, dos vereadores Mara Isa Mattos Silveira (PL) e Estev\u00e3o Nogueira (Avante), institui a Pol\u00edtica Municipal de Incentivo \u00e0 Seguran\u00e7a e Cria\u00e7\u00e3o de Plataforma Integradora de Videomonitoramento.<\/p>\n<p>Projeto de Lei N\u00ba 40\/2026, do vereador Helder do T\u00e1xi (PSD), institui e inclui no Calend\u00e1rio Oficial de Eventos do Munic\u00edpio de Limeira a festividade ao Padroeiro S\u00e3o Jos\u00e9 \u2013 Centro Rural do Pinhal e a tradicional Romaria de Tratores (Tratorada), a ser comemorada todo m\u00eas de mar\u00e7o.<\/p>\n<p>Projeto de Lei Complementar N\u00ba 14\/2026, do vereador Felipe Penedo (PL), altera a Lei Ordin\u00e1ria N\u00ba 1.096\/1969 (C\u00f3digo de Obras e Urbanismo), para estabelecer crit\u00e9rios objetivos para defini\u00e7\u00e3o de \u00e1rea constru\u00edda comput\u00e1vel para fins de c\u00e1lculo de vagas de estacionamento em edifica\u00e7\u00f5es n\u00e3o residenciais em Limeira.<\/p>\n<p>Projeto de Lei Complementar N\u00ba 15\/2026, do vereador Felipe Penedo (PL), altera a Lei Ordin\u00e1ria N\u00ba 1.096\/1969 (C\u00f3digo de Obras e Urbanismo), para incluir a tipologia habitacional \u201cest\u00fadio\u201d em Limeira.<\/p>\n<hr>\n<p><em>Fonte: <a href=\"https:\/\/www.limeira.sp.leg.br\/noticias\/view\/2026-06-03_camara-pauta-cinco-projetos-para-a-proxima-sessao-ordinaria\" target=\"_blank\" rel=\"noopener\">C\u00e2mara Municipal de Limeira<\/a><\/em><\/p>\n","protected":false},"excerpt":{"rendered":"<p>C\u00e2mara pauta cinco projetos para a pr\u00f3xima sess\u00e3o ordin\u00e1ria<\/p>\n<p>Na pr\u00f3xima sess\u00e3o ordin\u00e1ria da C\u00e2mara, na segunda-feira, 8 de junho, os vereadores votam cinco projetos pautados na Ordem do Dia, sendo um de autoria da Prefeitura e quatro apresentados pelo Legislativo. Os parlamentares tamb\u00e9m discutem re<\/p>\n","protected":false},"author":4,"featured_media":67818,"comment_status":"","ping_status":"open","sticky":false,"template":"","format":"standard","meta":{"_jetpack_newsletter_access":"","_jetpack_dont_email_post_to_subs":false,"_jetpack_newsletter_tier_id":0,"_jetpack_memberships_contains_paywalled_content":false,"_mbp_banners":[],"_jetpack_feature_clip_id":0,"_jetpack_memberships_contains_paid_content":false,"footnotes":"","jetpack_publicize_message":"","jetpack_publicize_feature_enabled":true,"jetpack_social_post_already_shared":true,"jetpack_social_options":{"image_generator_settings":{"template":"highway","default_image_id":0,"font":"","enabled":false},"version":2},"jetpack_post_was_ever_published":false},"categories":[19],"tags":[],"class_list":["post-67819","post","type-post","status-publish","format-standard","has-post-thumbnail","category-politica"],"jetpack_publicize_connections":[],"jetpack-related-posts":[],"jetpack_shortlink":"https:\/\/wp.me\/p7Eq1F-hDR","jetpack_sharing_enabled":true,"jetpack_featured_media_url":"https:\/\/i0.wp.com\/guialimeira.com.br\/news\/wp-content\/uploads\/2026\/06\/noticia-camara-17.jpg?fit=1280%2C640&ssl=1","_links":{"self":[{"href":"https:\/\/guialimeira.com.br\/news\/wp-json\/wp\/v2\/posts\/67819","targetHints":{"allow":["GET"]}}],"collection":[{"href":"https:\/\/guialimeira.com.br\/news\/wp-json\/wp\/v2\/posts"}],"about":[{"href":"https:\/\/guialimeira.com.br\/news\/wp-json\/wp\/v2\/types\/post"}],"author":[{"embeddable":true,"href":"https:\/\/guialimeira.com.br\/news\/wp-json\/wp\/v2\/users\/4"}],"replies":[{"embeddable":true,"href":"https:\/\/guialimeira.com.br\/news\/wp-json\/wp\/v2\/comments?post=67819"}],"version-history":[{"count":0,"href":"https:\/\/guialimeira.com.br\/news\/wp-json\/wp\/v2\/posts\/67819\/revisions"}],"wp:featuredmedia":[{"embeddable":true,"href":"https:\/\/guialimeira.com.br\/news\/wp-json\/wp\/v2\/media\/67818"}],"wp:attachment":[{"href":"https:\/\/guialimeira.com.br\/news\/wp-json\/wp\/v2\/media?parent=67819"}],"wp:term":[{"taxonomy":"category","embeddable":true,"href":"https:\/\/guialimeira.com.br\/news\/wp-json\/wp\/v2\/categories?post=67819"},{"taxonomy":"post_tag","embeddable":true,"href":"https:\/\/guialimeira.com.br\/news\/wp-json\/wp\/v2\/tags?post=67819"}],"curies":[{"name":"wp","href":"https:\/\/api.w.org\/{rel}","templated":true}]}}