{"id":67813,"date":"2026-06-03T12:50:09","date_gmt":"2026-06-03T15:50:09","guid":{"rendered":"https:\/\/guialimeira.com.br\/feriado-de-corpus-christi-convida-visitantes-a-vivenciar-tradicoes-religiosas-e-culturais-no-interior-de-sp\/"},"modified":"2026-06-03T12:50:09","modified_gmt":"2026-06-03T15:50:09","slug":"feriado-de-corpus-christi-convida-visitantes-a-vivenciar-tradicoes-religiosas-e-culturais-no-interior-de-sp","status":"publish","type":"post","link":"https:\/\/guialimeira.com.br\/news\/feriado-de-corpus-christi-convida-visitantes-a-vivenciar-tradicoes-religiosas-e-culturais-no-interior-de-sp\/","title":{"rendered":"Feriado de Corpus Christi convida visitantes a vivenciar tradi\u00e7\u00f5es religiosas e culturais no interior de SP"},"content":{"rendered":"<p> <br \/>\n<\/p>\n<div>\n<p class=\"wp-block-paragraph\">Celebrado em 4 de junho, o Corpus Christi \u00e9 uma das mais importantes manifesta\u00e7\u00f5es da f\u00e9 cat\u00f3lica e mant\u00e9m viva uma tradi\u00e7\u00e3o centen\u00e1ria em diversos munic\u00edpios paulistas. A data \u00e9 marcada pela confec\u00e7\u00e3o de tapetes ornamentais, prociss\u00f5es e missas solenes que mobilizam moradores, visitantes e comunidades religiosas em momentos de devo\u00e7\u00e3o, arte e conviv\u00eancia comunit\u00e1ria.<\/p>\n<p class=\"wp-block-paragraph\">Nas regi\u00f5es tur\u00edsticas de Barretos, Ribeir\u00e3o Preto e S\u00e3o Jos\u00e9 do Rio Preto, munic\u00edpios preparam programa\u00e7\u00f5es especiais que unem espiritualidade, patrim\u00f4nio cultural e participa\u00e7\u00e3o popular, transformando ruas e pra\u00e7as em cen\u00e1rios de celebra\u00e7\u00e3o e acolhimento. Al\u00e9m de preservar tradi\u00e7\u00f5es religiosas, os eventos fortalecem o turismo regional ao atrair visitantes interessados em experi\u00eancias aut\u00eanticas ligadas \u00e0 cultura e \u00e0 hist\u00f3ria das comunidades locais.<\/p>\n<h3 class=\"wp-block-heading\"><strong>Confira algumas das atra\u00e7\u00f5es:<\/strong><\/h3>\n<h3 class=\"wp-block-heading\"><strong>Guariba<\/strong><\/h3>\n<p class=\"wp-block-paragraph\">Localizada na Regi\u00e3o Tur\u00edstica \u00c1guas Sertanejas, Guariba realiza uma programa\u00e7\u00e3o especial que refor\u00e7a uma das mais belas tradi\u00e7\u00f5es do Corpus Christi. Desde as primeiras horas da manh\u00e3 do dia 04 de junho, fi\u00e9is, pastorais, movimentos religiosos e volunt\u00e1rios se mobilizam para confeccionar os tradicionais tapetes ornamentais pelas ruas centrais da cidade.<\/p>\n<p class=\"wp-block-paragraph\">Os desenhos s\u00e3o produzidos com serragem colorida, areia, cal, flores, p\u00f3 de caf\u00e9 e outros materiais, formando s\u00edmbolos religiosos como c\u00e1lices, h\u00f3stias, pombas e passagens b\u00edblicas. Al\u00e9m do significado espiritual, a atividade promove integra\u00e7\u00e3o entre fam\u00edlias e fortalece os la\u00e7os comunit\u00e1rios.<\/p>\n<p class=\"wp-block-paragraph\">No per\u00edodo da tarde acontece a Santa Missa Solene, seguida pela tradicional prociss\u00e3o com o Sant\u00edssimo Sacramento sobre os tapetes decorados. O percurso ser\u00e1 acompanhado por momentos de ora\u00e7\u00e3o, c\u00e2nticos e manifesta\u00e7\u00f5es de f\u00e9. A programa\u00e7\u00e3o acontece das 5h \u00e0s 20h e \u00e9 gratuita.<\/p>\n<h3 class=\"wp-block-heading\"><strong>Nova Granada<\/strong><\/h3>\n<p class=\"wp-block-paragraph\">Em Nova Granada, na Regi\u00e3o Tur\u00edstica Maravilhas do Rio Grande, as celebra\u00e7\u00f5es de Corpus Christi ganham um significado especial em 2026 com as comemora\u00e7\u00f5es dos 100 anos da Par\u00f3quia S\u00e3o Benedito, uma das institui\u00e7\u00f5es religiosas mais tradicionais do munic\u00edpio.<\/p>\n<p class=\"wp-block-paragraph\">A programa\u00e7\u00e3o tem in\u00edcio no dia 1\u00ba de junho e inclui missas, ter\u00e7os e momentos de ora\u00e7\u00e3o ao longo da semana. No feriado de Corpus Christi, moradores e fam\u00edlias participam da decora\u00e7\u00e3o das ruas, mantendo viva a tradi\u00e7\u00e3o dos tapetes e preparando o trajeto para a prociss\u00e3o religiosa.<\/p>\n<p class=\"wp-block-paragraph\">A celebra\u00e7\u00e3o culmina no dia 04 de junho com missa e prociss\u00e3o, reunindo a comunidade em um momento de f\u00e9, gratid\u00e3o e valoriza\u00e7\u00e3o da hist\u00f3ria religiosa da cidade. Toda a programa\u00e7\u00e3o \u00e9 gratuita.<\/p>\n<figure class=\"wp-block-image size-full\"><img data-recalc-dims=\"1\" fetchpriority=\"high\" decoding=\"async\" width=\"487\" height=\"722\" src=\"https:\/\/i0.wp.com\/www.agenciasp.sp.gov.br\/wp-content\/uploads\/2026\/05\/img.png?resize=487%2C722&#038;ssl=1\" alt=\"\" class=\"wp-image-147710\" srcset=\"https:\/\/www.agenciasp.sp.gov.br\/wp-content\/uploads\/2026\/05\/img.png 487w, https:\/\/www.agenciasp.sp.gov.br\/wp-content\/uploads\/2026\/05\/img-202x300.png 202w, https:\/\/www.agenciasp.sp.gov.br\/wp-content\/uploads\/2026\/05\/img-150x222.png 150w\" sizes=\"(max-width: 487px) 100vw, 487px\"\/><figcaption class=\"wp-element-caption\">Celebra\u00e7\u00e3o de Corpus Christi em Nova Granada<\/figcaption><\/figure>\n<h3 class=\"wp-block-heading\"><strong>Viradouro<\/strong><\/h3>\n<p class=\"wp-block-paragraph\">Integrante da Regi\u00e3o Tur\u00edstica \u00c1guas e Flores Paulista, Viradouro preserva uma tradi\u00e7\u00e3o que atravessa gera\u00e7\u00f5es durante as celebra\u00e7\u00f5es de Corpus Christi. No dia 04 de junho, moradores e volunt\u00e1rios se unem para confeccionar os tradicionais tapetes decorativos que ornamentam o percurso da prociss\u00e3o religiosa.<\/p>\n<p class=\"wp-block-paragraph\">A programa\u00e7\u00e3o tem in\u00edcio \u00e0s 16h e inclui Santa Missa seguida da prociss\u00e3o com o Sant\u00edssimo Sacramento pelas ruas enfeitadas. A celebra\u00e7\u00e3o re\u00fane fam\u00edlias, visitantes e fi\u00e9is em um ambiente de espiritualidade, uni\u00e3o e valoriza\u00e7\u00e3o das manifesta\u00e7\u00f5es culturais e religiosas que fazem parte da identidade do munic\u00edpio. A participa\u00e7\u00e3o \u00e9 gratuita e aberta ao p\u00fablico.<\/p>\n<\/p><\/div>\n<p><br \/>\n<br \/><a href=\"https:\/\/www.agenciasp.sp.gov.br\/feriado-de-corpus-christi-convida-visitantes-a-vivenciar-tradicoes-religiosas-e-culturais-no-interior-de-sp\/\" rel=\"noopener\">Informa\u00e7\u00f5es GOV.SP<\/a><\/p>\n","protected":false},"excerpt":{"rendered":"<p>Celebrado em 4 de junho, o Corpus Christi \u00e9 uma das mais importantes manifesta\u00e7\u00f5es da f\u00e9 cat\u00f3lica e mant\u00e9m viva uma tradi\u00e7\u00e3o centen\u00e1ria em diversos munic\u00edpios paulistas. A data \u00e9 marcada pela confec\u00e7\u00e3o de tapetes ornamentais, prociss\u00f5es e missas solenes que mobilizam moradores, visitantes e comunidades religiosas em momentos de devo\u00e7\u00e3o, arte e conviv\u00eancia comunit\u00e1ria. [&hellip;]<\/p>\n","protected":false},"author":1,"featured_media":67814,"comment_status":"","ping_status":"open","sticky":false,"template":"","format":"standard","meta":{"_jetpack_newsletter_access":"","_jetpack_dont_email_post_to_subs":false,"_jetpack_newsletter_tier_id":0,"_jetpack_memberships_contains_paywalled_content":false,"_mbp_banners":[],"_jetpack_feature_clip_id":0,"_jetpack_memberships_contains_paid_content":false,"footnotes":"","jetpack_publicize_message":"","jetpack_publicize_feature_enabled":true,"jetpack_social_post_already_shared":true,"jetpack_social_options":{"image_generator_settings":{"template":"highway","default_image_id":0,"font":"","enabled":false},"version":2},"jetpack_post_was_ever_published":false},"categories":[21],"tags":[],"class_list":["post-67813","post","type-post","status-publish","format-standard","has-post-thumbnail","category-sp-news"],"jetpack_publicize_connections":[],"jetpack-related-posts":[],"jetpack_shortlink":"https:\/\/wp.me\/p7Eq1F-hDL","jetpack_sharing_enabled":true,"jetpack_featured_media_url":"https:\/\/i0.wp.com\/guialimeira.com.br\/news\/wp-content\/uploads\/2026\/06\/Feriado-de-Corpus-Christi-convida-visitantes-a-vivenciar-tradicoes-religiosas.png?fit=487%2C722&ssl=1","_links":{"self":[{"href":"https:\/\/guialimeira.com.br\/news\/wp-json\/wp\/v2\/posts\/67813","targetHints":{"allow":["GET"]}}],"collection":[{"href":"https:\/\/guialimeira.com.br\/news\/wp-json\/wp\/v2\/posts"}],"about":[{"href":"https:\/\/guialimeira.com.br\/news\/wp-json\/wp\/v2\/types\/post"}],"author":[{"embeddable":true,"href":"https:\/\/guialimeira.com.br\/news\/wp-json\/wp\/v2\/users\/1"}],"replies":[{"embeddable":true,"href":"https:\/\/guialimeira.com.br\/news\/wp-json\/wp\/v2\/comments?post=67813"}],"version-history":[{"count":0,"href":"https:\/\/guialimeira.com.br\/news\/wp-json\/wp\/v2\/posts\/67813\/revisions"}],"wp:featuredmedia":[{"embeddable":true,"href":"https:\/\/guialimeira.com.br\/news\/wp-json\/wp\/v2\/media\/67814"}],"wp:attachment":[{"href":"https:\/\/guialimeira.com.br\/news\/wp-json\/wp\/v2\/media?parent=67813"}],"wp:term":[{"taxonomy":"category","embeddable":true,"href":"https:\/\/guialimeira.com.br\/news\/wp-json\/wp\/v2\/categories?post=67813"},{"taxonomy":"post_tag","embeddable":true,"href":"https:\/\/guialimeira.com.br\/news\/wp-json\/wp\/v2\/tags?post=67813"}],"curies":[{"name":"wp","href":"https:\/\/api.w.org\/{rel}","templated":true}]}}