{"id":67809,"date":"2026-06-03T11:48:35","date_gmt":"2026-06-03T14:48:35","guid":{"rendered":"https:\/\/guialimeira.com.br\/centro-tea-paulista-completa-um-ano-como-referencia-no-cuidado-e-atendimento-as-pessoas-autistas\/"},"modified":"2026-06-03T11:48:35","modified_gmt":"2026-06-03T14:48:35","slug":"centro-tea-paulista-completa-um-ano-como-referencia-no-cuidado-e-atendimento-as-pessoas-autistas","status":"publish","type":"post","link":"https:\/\/guialimeira.com.br\/news\/centro-tea-paulista-completa-um-ano-como-referencia-no-cuidado-e-atendimento-as-pessoas-autistas\/","title":{"rendered":"Centro TEA Paulista completa um ano como refer\u00eancia no cuidado e atendimento \u00e0s pessoas autistas"},"content":{"rendered":"<p> <br \/>\n<\/p>\n<div>\n<p class=\"wp-block-paragraph\">No dia 4 de junho de 2025, o governador Tarc\u00edsio de Freitas deu in\u00edcio a uma importante transforma\u00e7\u00e3o no estado de S\u00e3o Paulo ao inaugurar a primeira unidade do <a href=\"https:\/\/www.agenciasp.sp.gov.br\/sp-encerra-ano-com-mais-de-130-mil-carteiras-de-identificacao-emitidas-para-pessoas-com-tea\/\" rel=\"noopener\">Centro TEA Paulista<\/a> e do Centro de Cidadania da Pessoa com Defici\u00eancia. Neste primeiro ano de funcionamento, o equipamento da Secretaria de Estado dos Direitos da Pessoa com Defici\u00eancia (SEDPcD) tornou-se refer\u00eancia no cuidado e atendimento \u00e0s pessoas com TEA, consolidando-se n\u00e3o apenas como um espa\u00e7o de orienta\u00e7\u00f5es, encaminhamentos e servi\u00e7os, mas tamb\u00e9m como um ambiente de acolhimento para fam\u00edlias que sequer imaginavam vivenciar tantas mudan\u00e7as em t\u00e3o pouco tempo.<\/p>\n<p>\u00c9 o caso de Camila Alves da Silva Vital, que se disse surpresa ao encontrar um espa\u00e7o t\u00e3o \u201cde portas abertas\u201d para o filho, Artur Henrique Vital Lima. Ela soube do Centro TEA Paulista por meio de publica\u00e7\u00f5es nas redes sociais e decidiu procurar ajuda para o garoto, que apresentava dificuldades de comunica\u00e7\u00e3o e intera\u00e7\u00e3o.<br \/>\u201cSinto que muita coisa melhorou, inclusive para mim como m\u00e3e, porque passei a entender melhor a condi\u00e7\u00e3o dele. Eu tamb\u00e9m recebo apoio aqui; agora mesmo acabei de passar com a psic\u00f3loga. At\u00e9 me emociono ao perceber como ele mudou, porque aprendeu coisas que n\u00e3o fazia antes, como brincar ou dividir os brinquedos com outras crian\u00e7as.\u201d<\/p>\n<p>O Centro TEA Paulista oferece atendimento terap\u00eautico individual e em grupo, espa\u00e7os de acolhimento psicol\u00f3gico e suporte emocional, orienta\u00e7\u00f5es sobre benef\u00edcios, pol\u00edticas p\u00fablicas e direitos da pessoa com TEA, oficinas esportivas integrativas e de arteterapia, al\u00e9m de forma\u00e7\u00e3o para profissionais e cuidadores. A estrutura inclui salas sensoriais, biblioteca especializada e quadra esportiva multiuso.<\/p>\n<figure class=\"wp-block-image size-large\"><img data-recalc-dims=\"1\" fetchpriority=\"high\" decoding=\"async\" width=\"682\" height=\"1024\" src=\"https:\/\/i0.wp.com\/www.agenciasp.sp.gov.br\/wp-content\/uploads\/2026\/06\/WhatsApp-Image-2026-06-03-at-10.31.49-682x1024.jpeg?resize=682%2C1024&#038;ssl=1\" alt=\"\" class=\"wp-image-149038\" srcset=\"https:\/\/www.agenciasp.sp.gov.br\/wp-content\/uploads\/2026\/06\/WhatsApp-Image-2026-06-03-at-10.31.49-682x1024.jpeg 682w, https:\/\/www.agenciasp.sp.gov.br\/wp-content\/uploads\/2026\/06\/WhatsApp-Image-2026-06-03-at-10.31.49-200x300.jpeg 200w, https:\/\/www.agenciasp.sp.gov.br\/wp-content\/uploads\/2026\/06\/WhatsApp-Image-2026-06-03-at-10.31.49-768x1153.jpeg 768w, https:\/\/www.agenciasp.sp.gov.br\/wp-content\/uploads\/2026\/06\/WhatsApp-Image-2026-06-03-at-10.31.49-1023x1536.jpeg 1023w, https:\/\/www.agenciasp.sp.gov.br\/wp-content\/uploads\/2026\/06\/WhatsApp-Image-2026-06-03-at-10.31.49-150x225.jpeg 150w, https:\/\/www.agenciasp.sp.gov.br\/wp-content\/uploads\/2026\/06\/WhatsApp-Image-2026-06-03-at-10.31.49.jpeg 1066w\" sizes=\"(max-width: 682px) 100vw, 682px\"\/><figcaption class=\"wp-element-caption\">Regina da Silva Lima<\/figcaption><\/figure>\n<p>\u201c\u00c9 um equipamento em favor da pessoa com autismo e de seus familiares, com acolhimento, empregabilidade e uma s\u00e9rie de servi\u00e7os. Mas tamb\u00e9m \u00e9 um centro de fortalecimento da rede de apoio em todo o territ\u00f3rio paulista\u201d, afirmou o secret\u00e1rio de Estado dos Direitos da Pessoa com Defici\u00eancia, Marcos da Costa.<br \/>Regina da Silva Lima frequenta o local com o filho h\u00e1 quase um ano. A m\u00e3e at\u00edpica contou que sentia falta de espa\u00e7os com atividades adequadas para crian\u00e7as autistas \u2014 uma car\u00eancia que interferia diretamente no desenvolvimento do garoto.<\/p>\n<p>\u201cHoje ele faz quatro tipos de acompanhamento, numa oportunidade muito significativa para a minha fam\u00edlia. Fez diferen\u00e7a at\u00e9 na fala e na alimenta\u00e7\u00e3o dele. Quando chegamos, ele corre para abra\u00e7ar as tias, brinca de jogos de tabuleiro, desenha e rabisca. O Centro j\u00e1 faz parte da rotina do meu filho. Foi aqui que emitimos a CIPTEA (Carteira de Identifica\u00e7\u00e3o da Pessoa com Transtorno do Espectro Autista), tiramos d\u00favidas e somos sempre muito bem recebidos\u201d, detalhou.<\/p>\n<p>O local foi criado justamente para ampliar a qualidade e a capilaridade do atendimento \u00e0 popula\u00e7\u00e3o com TEA no estado, como parte das a\u00e7\u00f5es do Plano Estadual Integrado para Pessoas com Transtorno do Espectro do Autismo (PEIPTEA), que articula iniciativas da SEDPcD com as Secretarias da Sa\u00fade (SES), da Educa\u00e7\u00e3o (Seduc-SP) e de Desenvolvimento Social (SEDS).<\/p>\n<p>Outra hist\u00f3ria marcante \u00e9 a da educadora f\u00edsica Fernanda Santana de Freitas, profissional do Centro TEA Paulista. Ela relata que muitas pessoas chegam ao local sem acreditar que conseguir\u00e3o participar das atividades, mas acabam se surpreendendo com os resultados.<\/p>\n<figure class=\"wp-block-image size-large\"><img data-recalc-dims=\"1\" loading=\"lazy\" decoding=\"async\" width=\"682\" height=\"1024\" src=\"https:\/\/i0.wp.com\/www.agenciasp.sp.gov.br\/wp-content\/uploads\/2026\/06\/WhatsApp-Image-2026-06-03-at-10.41.20-682x1024.jpeg?resize=682%2C1024&#038;ssl=1\" alt=\"\" class=\"wp-image-149010\" srcset=\"https:\/\/www.agenciasp.sp.gov.br\/wp-content\/uploads\/2026\/06\/WhatsApp-Image-2026-06-03-at-10.41.20-682x1024.jpeg 682w, https:\/\/www.agenciasp.sp.gov.br\/wp-content\/uploads\/2026\/06\/WhatsApp-Image-2026-06-03-at-10.41.20-200x300.jpeg 200w, https:\/\/www.agenciasp.sp.gov.br\/wp-content\/uploads\/2026\/06\/WhatsApp-Image-2026-06-03-at-10.41.20-768x1153.jpeg 768w, https:\/\/www.agenciasp.sp.gov.br\/wp-content\/uploads\/2026\/06\/WhatsApp-Image-2026-06-03-at-10.41.20-1023x1536.jpeg 1023w, https:\/\/www.agenciasp.sp.gov.br\/wp-content\/uploads\/2026\/06\/WhatsApp-Image-2026-06-03-at-10.41.20-150x225.jpeg 150w, https:\/\/www.agenciasp.sp.gov.br\/wp-content\/uploads\/2026\/06\/WhatsApp-Image-2026-06-03-at-10.41.20.jpeg 1066w\" sizes=\"auto, (max-width: 682px) 100vw, 682px\"\/><figcaption class=\"wp-element-caption\">Educadora f\u00edsica Fernanda Santana de Freitas, profissional do Centro TEA Paulista<\/figcaption><\/figure>\n<p class=\"wp-block-paragraph\">\u201c\u00c9 muito significativo acompanhar o crescimento e o desenvolvimento dos atendidos. Lembro com muito carinho de um adolescente de 15 anos, n\u00edvel 3 de suporte, que tinha extrema depend\u00eancia da m\u00e3e e hiperfoco no tablet. Por n\u00e3o fazer nenhum acompanhamento, ele havia deixado de falar ao longo do tempo. Mas, conforme passou a frequentar o Centro, apresentou uma evolu\u00e7\u00e3o muito significativa. Hoje integra o grupo da oficina de basquete, chega correndo para interagir com a equipe e j\u00e1 n\u00e3o apresenta o mesmo grau de apego de antes. Isso faz uma diferen\u00e7a imensa na vida da crian\u00e7a e da m\u00e3e.\u201d<\/p>\n<p>No dia 26 de junho, ser\u00e1 realizada a cerim\u00f4nia de entrega da segunda edi\u00e7\u00e3o do Selo Amigo da Pessoa com Transtorno do Espectro do Autismo. O evento integra as celebra\u00e7\u00f5es de um ano do Centro TEA Paulista e reunir\u00e1 representantes das iniciativas reconhecidas e autoridades do Governo do Estado.<\/p>\n<h3 class=\"wp-block-heading\">N\u00fameros<\/h3>\n<p class=\"wp-block-paragraph\"><strong>3.430 pessoas atendidas<\/strong><\/p>\n<ul class=\"wp-block-list\">\n<li>3.090 no Centro TEA Paulista<\/li>\n<li>340 no Centro de Cidadania da Pessoa com Defici\u00eancia<\/li>\n<\/ul>\n<p class=\"wp-block-paragraph\"><strong>167.723 CIPTEAs aprovadas<\/strong><\/p>\n<ul class=\"wp-block-list\">\n<li>77.447 identifica\u00e7\u00f5es veiculares aprovadas<\/li>\n<\/ul>\n<p class=\"wp-block-paragraph\"><strong>Forma\u00e7\u00f5es em 21 munic\u00edpios<\/strong><\/p>\n<ul class=\"wp-block-list\">\n<li>Participa\u00e7\u00e3o de 2.441 profissionais<\/li>\n<\/ul>\n<h3 class=\"wp-block-heading\">Servi\u00e7os dispon\u00edveis<\/h3>\n<p class=\"wp-block-paragraph\">Desde janeiro de 2026, o Centro TEA Paulista passou a oferecer atendimento 24 horas;<\/p>\n<ul class=\"wp-block-list\">\n<li>Media\u00e7\u00e3o de conflitos e encaminhamentos jur\u00eddicos e sociais;<\/li>\n<li>Psicoterapia breve, rodas de conversa e grupos de escuta;<\/li>\n<li>Salas sensoriais adaptadas;<\/li>\n<li>Emiss\u00e3o da CIPTEA (Carteira de Identifica\u00e7\u00e3o da Pessoa com Transtorno do Espectro Autista) e da Identifica\u00e7\u00e3o Veicular;<\/li>\n<li>Biblioteca f\u00edsica e digital com acervo especializado;<\/li>\n<li>Atividades de arte e cultura, como oficinas de arteterapia, pintura, artesanato, leitura interativa e clube do livro;<\/li>\n<li>Atividades esportivas adaptadas, com foco em coordena\u00e7\u00e3o motora, socializa\u00e7\u00e3o e bem-estar, incluindo basquete, v\u00f4lei, futsal, jogos l\u00fadicos e de equil\u00edbrio;<\/li>\n<li>Capacita\u00e7\u00e3o continuada, com cursos, oficinas, semin\u00e1rios e workshops para familiares, cuidadores e profissionais das redes p\u00fablica e privada;<\/li>\n<li>Polo de Empregabilidade Inclusiva (PEI), com orienta\u00e7\u00e3o para inclus\u00e3o de pessoas com defici\u00eancia no mercado de trabalho, oficinas de empreendedorismo e encaminhamento para oportunidades profissionais.<\/li>\n<\/ul>\n<h3 class=\"wp-block-heading\">Expans\u00e3o do Centro TEA Paulista no interior<\/h3>\n<p class=\"wp-block-paragraph\">O plano do Governo do Estado prev\u00ea a implanta\u00e7\u00e3o de unidades do Centro TEA Paulista e do Centro de Cidadania da Pessoa com Defici\u00eancia em cada uma das 16 regi\u00f5es administrativas do estado. A primeira unidade do projeto de interioriza\u00e7\u00e3o est\u00e1 em fase final de implanta\u00e7\u00e3o, com inaugura\u00e7\u00e3o prevista para o fim de junho, em Bauru.<\/p>\n<p class=\"wp-block-paragraph\"><strong>LEIA TAMB\u00c9M: <\/strong><a href=\"https:\/\/www.agenciasp.sp.gov.br\/caravana-3d-governo-de-sp-amplia-rede-especializada-com-futuro-centro-tea-paulista-em-bauru\/\" rel=\"noopener\">Caravana 3D: Governo de SP amplia rede especializada com futuro Centro TEA Paulista em Bauru<\/a><\/p>\n<p>\u201cO Governo de S\u00e3o Paulo est\u00e1 estruturando uma rede permanente de apoio, acolhimento e desenvolvimento voltada \u00e0s pessoas com TEA, \u00e0s pessoas com defici\u00eancia e \u00e0s m\u00e3es at\u00edpicas em todas as regi\u00f5es do estado. Bauru inaugura esse processo de interioriza\u00e7\u00e3o com um equipamento moderno, acess\u00edvel e preparado para oferecer suporte \u00e0s fam\u00edlias, capacita\u00e7\u00e3o aos munic\u00edpios e oportunidades concretas de inclus\u00e3o, desenvolvimento e autonomia\u201d, destacou o secret\u00e1rio de Estado dos Direitos da Pessoa com Defici\u00eancia, Marcos da Costa.<\/p>\n<p class=\"wp-block-paragraph\">O pr\u00e9dio foi cedido em conv\u00eanio com a Prefeitura de Bauru, e a gest\u00e3o da unidade ficar\u00e1 sob responsabilidade da Organiza\u00e7\u00e3o da Sociedade Civil (OSC) Sorri-Bauru, vencedora do chamamento p\u00fablico realizado pela SEDPcD.<br \/>Com investimento total de R$ 12 milh\u00f5es, distribu\u00eddos ao longo de dois anos de contrato, o local oferecer\u00e1 atendimento presencial e remoto, capacita\u00e7\u00e3o de profissionais municipais, est\u00edmulo \u00e0 pesquisa sobre autismo, atividades esportivas, culturais e de arteterapia, al\u00e9m de orienta\u00e7\u00e3o sobre direitos e servi\u00e7os.<\/p>\n<figure class=\"wp-block-image size-full\"><img data-recalc-dims=\"1\" loading=\"lazy\" decoding=\"async\" width=\"696\" height=\"465\" src=\"https:\/\/i0.wp.com\/www.agenciasp.sp.gov.br\/wp-content\/uploads\/2026\/06\/WhatsApp-Image-2026-06-03-at-10.28.52.jpeg?resize=696%2C465&#038;ssl=1\" alt=\"\" class=\"wp-image-149011\" srcset=\"https:\/\/www.agenciasp.sp.gov.br\/wp-content\/uploads\/2026\/06\/WhatsApp-Image-2026-06-03-at-10.28.52.jpeg 800w, https:\/\/www.agenciasp.sp.gov.br\/wp-content\/uploads\/2026\/06\/WhatsApp-Image-2026-06-03-at-10.28.52-300x200.jpeg 300w, https:\/\/www.agenciasp.sp.gov.br\/wp-content\/uploads\/2026\/06\/WhatsApp-Image-2026-06-03-at-10.28.52-768x513.jpeg 768w, https:\/\/www.agenciasp.sp.gov.br\/wp-content\/uploads\/2026\/06\/WhatsApp-Image-2026-06-03-at-10.28.52-150x100.jpeg 150w\" sizes=\"auto, (max-width: 800px) 100vw, 800px\"\/><\/figure>\n<p><strong>Funcionamento do Centro TEA Paulista<\/strong><\/p>\n<p>O atendimento \u00e9 gratuito e acess\u00edvel. Veja os hor\u00e1rios e como realizar o cadastro nas atividades neste link: <a href=\"https:\/\/www.agirsaude.org.br\/unidade\/index\/6.\" target=\"_blank\" rel=\"noopener\">https:\/\/www.agirsaude.org.br\/unidade\/index\/6.<\/a><\/p>\n<p><strong>Hor\u00e1rio de funcionamento:<\/strong> segunda a sexta-feira, das 8h \u00e0s 18h.<\/p>\n<p><strong>Teleatendimento:<\/strong> per\u00edodo noturno (das 18h \u00e0s 8h), fins de semana e feriados, pelo telefone (11) 3116-7406.<\/p>\n<p><strong>Modalidades de atendimento:<\/strong> presencial, mediante agendamento ou demanda espont\u00e2nea; e on-line, por telefone, e-mail, videoconfer\u00eancia e, futuramente, formul\u00e1rio web.<\/p>\n<p><strong>Endere\u00e7o:<\/strong> Rua Galileo Emendabili, 99 \u2013 Vila Leopoldina \u2013 S\u00e3o Paulo\/SP (pr\u00f3ximo \u00e0 esta\u00e7\u00e3o Vila Leopoldina da CPTM).<\/p>\n<p><strong>Servi\u00e7o de Transporte: <\/strong>a SEDPcD oferece transporte gratuito, com vans que saem de hora em hora da Esta\u00e7\u00e3o Domingos de Moraes da CPTM, que conta com acessibilidade para pessoas com defici\u00eancia.<\/p>\n<\/p><\/div>\n<p><br \/>\n<br \/><a href=\"https:\/\/www.agenciasp.sp.gov.br\/centro-tea-paulista-completa-1-ano\/\" rel=\"noopener\">Informa\u00e7\u00f5es GOV.SP<\/a><\/p>\n","protected":false},"excerpt":{"rendered":"<p>No dia 4 de junho de 2025, o governador Tarc\u00edsio de Freitas deu in\u00edcio a uma importante transforma\u00e7\u00e3o no estado de S\u00e3o Paulo ao inaugurar a primeira unidade do Centro TEA Paulista e do Centro de Cidadania da Pessoa com Defici\u00eancia. Neste primeiro ano de funcionamento, o equipamento da Secretaria de Estado dos Direitos da [&hellip;]<\/p>\n","protected":false},"author":1,"featured_media":67810,"comment_status":"","ping_status":"open","sticky":false,"template":"","format":"standard","meta":{"_jetpack_newsletter_access":"","_jetpack_dont_email_post_to_subs":false,"_jetpack_newsletter_tier_id":0,"_jetpack_memberships_contains_paywalled_content":false,"_mbp_banners":[],"_jetpack_feature_clip_id":0,"_jetpack_memberships_contains_paid_content":false,"footnotes":"","jetpack_publicize_message":"","jetpack_publicize_feature_enabled":true,"jetpack_social_post_already_shared":true,"jetpack_social_options":{"image_generator_settings":{"template":"highway","default_image_id":0,"font":"","enabled":false},"version":2},"jetpack_post_was_ever_published":false},"categories":[21],"tags":[],"class_list":["post-67809","post","type-post","status-publish","format-standard","has-post-thumbnail","category-sp-news"],"jetpack_publicize_connections":[],"jetpack-related-posts":[],"jetpack_shortlink":"https:\/\/wp.me\/p7Eq1F-hDH","jetpack_sharing_enabled":true,"jetpack_featured_media_url":"https:\/\/i0.wp.com\/guialimeira.com.br\/news\/wp-content\/uploads\/2026\/06\/Centro-TEA-Paulista-completa-um-ano-como-referencia-no-cuidado.jpeg?fit=682%2C1024&ssl=1","_links":{"self":[{"href":"https:\/\/guialimeira.com.br\/news\/wp-json\/wp\/v2\/posts\/67809","targetHints":{"allow":["GET"]}}],"collection":[{"href":"https:\/\/guialimeira.com.br\/news\/wp-json\/wp\/v2\/posts"}],"about":[{"href":"https:\/\/guialimeira.com.br\/news\/wp-json\/wp\/v2\/types\/post"}],"author":[{"embeddable":true,"href":"https:\/\/guialimeira.com.br\/news\/wp-json\/wp\/v2\/users\/1"}],"replies":[{"embeddable":true,"href":"https:\/\/guialimeira.com.br\/news\/wp-json\/wp\/v2\/comments?post=67809"}],"version-history":[{"count":0,"href":"https:\/\/guialimeira.com.br\/news\/wp-json\/wp\/v2\/posts\/67809\/revisions"}],"wp:featuredmedia":[{"embeddable":true,"href":"https:\/\/guialimeira.com.br\/news\/wp-json\/wp\/v2\/media\/67810"}],"wp:attachment":[{"href":"https:\/\/guialimeira.com.br\/news\/wp-json\/wp\/v2\/media?parent=67809"}],"wp:term":[{"taxonomy":"category","embeddable":true,"href":"https:\/\/guialimeira.com.br\/news\/wp-json\/wp\/v2\/categories?post=67809"},{"taxonomy":"post_tag","embeddable":true,"href":"https:\/\/guialimeira.com.br\/news\/wp-json\/wp\/v2\/tags?post=67809"}],"curies":[{"name":"wp","href":"https:\/\/api.w.org\/{rel}","templated":true}]}}