{"id":67807,"date":"2026-06-03T11:40:26","date_gmt":"2026-06-03T14:40:26","guid":{"rendered":"https:\/\/guialimeira.com.br\/agenda-de-eventos-veja-o-que-fazer-no-feriado-prolongado-em-limeira\/"},"modified":"2026-06-03T11:40:26","modified_gmt":"2026-06-03T14:40:26","slug":"agenda-de-eventos-veja-o-que-fazer-no-feriado-prolongado-em-limeira","status":"publish","type":"post","link":"https:\/\/guialimeira.com.br\/news\/agenda-de-eventos-veja-o-que-fazer-no-feriado-prolongado-em-limeira\/","title":{"rendered":"Agenda de eventos: veja o que fazer no feriado prolongado em Limeira"},"content":{"rendered":"<p> <br \/>\n<\/p>\n<div id=\"\">&#13;<br \/>\n                    &#13;<br \/>\n&#13;<br \/>\n&#13;<br \/>\n&#13;<br \/>\n&#13;<br \/>\n&#13;<br \/>\n    <img data-recalc-dims=\"1\" decoding=\"async\" src=\"https:\/\/i0.wp.com\/ecrie.com.br\/sistema\/conteudos\/imagem\/m_137_0_1_03062026113813.jpeg?w=696&#038;ssl=1\" alt=\"Agenda de eventos: veja o que fazer no feriado prolongado em Limeira\"\/>&#13;<br \/>\n&#13;<br \/>\n&#13;<\/p>\n<p>Limeira ter\u00e1 uma programa\u00e7\u00e3o diversificada durante o feriado prolongado, com festas juninas, quermesses e celebra\u00e7\u00f5es religiosas em diferentes regi\u00f5es da cidade. Com apoio da Prefeitura de Limeira, os eventos prometem reunir moradores e visitantes em momentos de f\u00e9, lazer, gastronomia t\u00edpica e entretenimento para toda a fam\u00edlia.<\/p>\n<p>&#13;<\/p>\n<p>\u00a0<\/p>\n<p>&#13;<\/p>\n<p>A agenda come\u00e7a nesta quarta-feira (4) com a Prociss\u00e3o de Corpus Christi, no Jardim Montezuma. J\u00e1 a partir de quinta-feira (5), moradores e visitantes poder\u00e3o aproveitar uma s\u00e9rie de festas comunit\u00e1rias e religiosas em diferentes regi\u00f5es da cidade.<\/p>\n<p>&#13;<\/p>\n<p>\u00a0<\/p>\n<p>&#13;<\/p>\n<p>Para o prefeito Murilo F\u00e9lix, apoiar esses eventos fortalece a identidade da cidade e promove integra\u00e7\u00e3o entre os moradores. \u201cAs festas tradicionais movimentam os bairros, incentivam o conv\u00edvio familiar e valorizam o trabalho das comunidades. A Prefeitura apoia essas iniciativas porque entende a import\u00e2ncia da cultura, da f\u00e9 e do lazer para a popula\u00e7\u00e3o\u201d, afirmou.<\/p>\n<p>&#13;<\/p>\n<p>\u00a0<\/p>\n<p>&#13;<\/p>\n<p>O secret\u00e1rio de Turismo e Eventos, Thiago Martins, destacou a diversidade da programa\u00e7\u00e3o para o feriado. \u201cS\u00e3o eventos distribu\u00eddos por diferentes regi\u00f5es da cidade, oferecendo op\u00e7\u00f5es para todos os p\u00fablicos. Al\u00e9m de proporcionar entretenimento, essas festas ajudam a fortalecer o turismo local, a economia criativa e o sentimento de pertencimento da comunidade\u201d, ressaltou.<\/p>\n<p>&#13;<\/p>\n<p>\u00a0<\/p>\n<p>&#13;<\/p>\n<p><strong>PROGRAMA\u00c7\u00c3O<\/strong><\/p>\n<p>&#13;<\/p>\n<p>\u00a0<\/p>\n<p>&#13;<\/p>\n<p><strong>Prociss\u00e3o de Corpus Christi<\/strong><\/p>\n<p>&#13;<\/p>\n<p>Data: 4 de junho<\/p>\n<p>&#13;<\/p>\n<p>Local: Rua Joaquim In\u00e1cio de Campos, 15 \u2013 Jardim Montezuma<\/p>\n<p>&#13;<\/p>\n<p>Hor\u00e1rio: A partir das 8h<\/p>\n<p>&#13;<\/p>\n<p><strong>\u00a0<\/strong><\/p>\n<p>&#13;<\/p>\n<p><strong>Festa Junina \u2013 Cantinho do Vov\u00f4<\/strong><\/p>\n<p>&#13;<\/p>\n<p>Data: 3 a 7 de junho<\/p>\n<p>&#13;<\/p>\n<p>Local: Pra\u00e7a Rosa Granzotto Rosada \u2013 Boa Vista<\/p>\n<p>&#13;<\/p>\n<p>Hor\u00e1rio: A partir das 19h<\/p>\n<p>&#13;<\/p>\n<p>\u00a0<\/p>\n<p>&#13;<\/p>\n<p><strong>Arrai\u00e1 do Menino<\/strong><\/p>\n<p>&#13;<\/p>\n<p>Data: 5, 6 e 7 de junho<\/p>\n<p>&#13;<\/p>\n<p>Local: Par\u00f3quia Menino Jesus \u2013 Av. Ernestina Coutinho Pereira, 211 \u2013 Parque Novo Mundo<\/p>\n<p>&#13;<\/p>\n<p>Hor\u00e1rio: A partir das 19h<\/p>\n<p>&#13;<\/p>\n<p><strong>\u00a0<\/strong><\/p>\n<p>&#13;<\/p>\n<p><strong>Quermesse em Louvor ao Padroeiro S\u00e3o Jos\u00e9 de Anchieta<\/strong><\/p>\n<p>&#13;<\/p>\n<p>Data: 5, 6 e 7 de junho<\/p>\n<p>&#13;<\/p>\n<p>Local: Rua Ana Herm\u00ednia Trento Roque, 770 \u2013 Jardim S\u00e3o Jo\u00e3o<\/p>\n<p>&#13;<\/p>\n<p>Hor\u00e1rio: A partir das 19h<\/p>\n<p>&#13;<\/p>\n<p>\u00a0<\/p>\n<p>&#13;<\/p>\n<p><strong>Festa Popular de Santo Ant\u00f4nio<\/strong><\/p>\n<p>&#13;<\/p>\n<p>Data: 5, 6 e 7 de junho<\/p>\n<p>&#13;<\/p>\n<p>Local: Catedral Nossa Senhora das Dores \u2013 Centro<\/p>\n<p>&#13;<\/p>\n<p>Hor\u00e1rio: A partir das 19h<\/p>\n<p>&#13;<\/p>\n<p><strong>\u00a0<\/strong><\/p>\n<p>&#13;<\/p>\n<p><strong>Festa Junina do Roland II \u2013 Fraternidade do Tri\u00e2ngulo Ramatis<\/strong><\/p>\n<p>&#13;<\/p>\n<p>Data: 5 de junho<\/p>\n<p>&#13;<\/p>\n<p>Local: Rua Limeira, 358 \u2013 Col\u00f4nia<\/p>\n<p>&#13;<\/p>\n<p>Hor\u00e1rio: A partir das 19h<\/p>\n<p>&#13;<\/p>\n<p>\u00a0<\/p>\n<p>&#13;<\/p>\n<p>\u00a0<\/p>\n<p>&#13;<\/p>\n<p><strong>Quermesse Santo Ant\u00f4nio<\/strong><\/p>\n<p>&#13;<\/p>\n<p>Data: 6 e 7 de junho<\/p>\n<p>&#13;<\/p>\n<p>Local: Av. Dr. Lauro Corr\u00eaa da Silva, 6725 \u2013 Jardim S\u00e3o Louren\u00e7o<\/p>\n<p>&#13;<\/p>\n<p>Hor\u00e1rio: A partir das 19h<\/p>\n<p>&#13;<\/p>\n<p>\u00a0<\/p>\n<p>&#13;<\/p>\n<p><strong>Festa Junina Comunidade Santa Paulina<\/strong><\/p>\n<p>&#13;<\/p>\n<p>Data: 6 de junho<\/p>\n<p>&#13;<\/p>\n<p>Local: Rua Su\u00e9cia, s\/n\u00ba \u2013 Jardim Jos\u00e9 Cortez<\/p>\n<p>&#13;<\/p>\n<p>Hor\u00e1rio: A partir das 19h<\/p>\n<p>&#13;<\/p>\n<p>\u00a0<\/p>\n<p>&#13;<\/p>\n<p><strong>Festa Comunidade Santo Ant\u00f4nio<\/strong><\/p>\n<p>&#13;<\/p>\n<p>Data: 7 de junho<\/p>\n<p>&#13;<\/p>\n<p>Local: Rua Ant\u00f4nio Furlan, 146<\/p>\n<p>&#13;<\/p>\n<p>Hor\u00e1rio: A partir das 19h<\/p>\n<p>&#13;<\/p>\n<p>\u00a0<\/p>\n<p>&#13;<\/p>\n<p><strong>3\u00ba Encontro de carros VW quadrados 019<\/strong><\/p>\n<p>&#13;<\/p>\n<p>Data: 7 de junho<\/p>\n<p>&#13;<\/p>\n<p>Local: Parque Cidade<\/p>\n<p>&#13;<\/p>\n<p>Hor\u00e1rio: A partir das 9h<\/p>\n<p>&#13;<\/p>\n<p>\u00a0<\/p>\n<p>&#13;<br \/>\n&#13;<br \/>\n&#13;<br \/>\n&#13;<\/p>\n<article class=\"conteudo-relacionado no-print\">&#13;<br \/>\n        &#13;<br \/>\n&#13;<br \/>\n        &#13;<br \/>\n    <\/article>\n<p>&#13;<br \/>\n&#13;\n                <\/p><\/div>\n<p><br \/>\n<br \/><a href=\"https:\/\/limeira.sp.gov.br\/agenda-de-eventos-veja-o-que-fazer-no-feriado-prolongado-em-limeira\" rel=\"noopener\">Informa\u00e7\u00f5es da PML <\/a><\/p>\n","protected":false},"excerpt":{"rendered":"<p>&#13; &#13; &#13; &#13; &#13; &#13; &#13; &#13; &#13; &#13; Limeira ter\u00e1 uma programa\u00e7\u00e3o diversificada durante o feriado prolongado, com festas juninas, quermesses e celebra\u00e7\u00f5es religiosas em diferentes regi\u00f5es da cidade. Com apoio da Prefeitura de Limeira, os eventos prometem reunir moradores e visitantes em momentos de f\u00e9, lazer, gastronomia t\u00edpica e entretenimento para toda [&hellip;]<\/p>\n","protected":false},"author":1,"featured_media":67808,"comment_status":"","ping_status":"open","sticky":false,"template":"","format":"standard","meta":{"_jetpack_newsletter_access":"","_jetpack_dont_email_post_to_subs":false,"_jetpack_newsletter_tier_id":0,"_jetpack_memberships_contains_paywalled_content":false,"_mbp_banners":[],"_jetpack_feature_clip_id":0,"_jetpack_memberships_contains_paid_content":false,"footnotes":"","jetpack_publicize_message":"","jetpack_publicize_feature_enabled":true,"jetpack_social_post_already_shared":true,"jetpack_social_options":{"image_generator_settings":{"template":"highway","default_image_id":0,"font":"","enabled":false},"version":2},"jetpack_post_was_ever_published":false},"categories":[16],"tags":[],"class_list":["post-67807","post","type-post","status-publish","format-standard","has-post-thumbnail","category-local"],"jetpack_publicize_connections":[],"jetpack-related-posts":[],"jetpack_shortlink":"https:\/\/wp.me\/p7Eq1F-hDF","jetpack_sharing_enabled":true,"jetpack_featured_media_url":"https:\/\/i0.wp.com\/guialimeira.com.br\/news\/wp-content\/uploads\/2026\/06\/m_137_0_1_03062026113813.jpeg?fit=1024%2C575&ssl=1","_links":{"self":[{"href":"https:\/\/guialimeira.com.br\/news\/wp-json\/wp\/v2\/posts\/67807","targetHints":{"allow":["GET"]}}],"collection":[{"href":"https:\/\/guialimeira.com.br\/news\/wp-json\/wp\/v2\/posts"}],"about":[{"href":"https:\/\/guialimeira.com.br\/news\/wp-json\/wp\/v2\/types\/post"}],"author":[{"embeddable":true,"href":"https:\/\/guialimeira.com.br\/news\/wp-json\/wp\/v2\/users\/1"}],"replies":[{"embeddable":true,"href":"https:\/\/guialimeira.com.br\/news\/wp-json\/wp\/v2\/comments?post=67807"}],"version-history":[{"count":0,"href":"https:\/\/guialimeira.com.br\/news\/wp-json\/wp\/v2\/posts\/67807\/revisions"}],"wp:featuredmedia":[{"embeddable":true,"href":"https:\/\/guialimeira.com.br\/news\/wp-json\/wp\/v2\/media\/67808"}],"wp:attachment":[{"href":"https:\/\/guialimeira.com.br\/news\/wp-json\/wp\/v2\/media?parent=67807"}],"wp:term":[{"taxonomy":"category","embeddable":true,"href":"https:\/\/guialimeira.com.br\/news\/wp-json\/wp\/v2\/categories?post=67807"},{"taxonomy":"post_tag","embeddable":true,"href":"https:\/\/guialimeira.com.br\/news\/wp-json\/wp\/v2\/tags?post=67807"}],"curies":[{"name":"wp","href":"https:\/\/api.w.org\/{rel}","templated":true}]}}