{"id":67805,"date":"2026-06-03T11:00:31","date_gmt":"2026-06-03T14:00:31","guid":{"rendered":"https:\/\/guialimeira.com.br\/maio-roxo-mobiliza-ubss-de-limeira-para-conscientizacao-sobre-o-lupus\/"},"modified":"2026-06-03T11:00:31","modified_gmt":"2026-06-03T14:00:31","slug":"maio-roxo-mobiliza-ubss-de-limeira-para-conscientizacao-sobre-o-lupus","status":"publish","type":"post","link":"https:\/\/guialimeira.com.br\/news\/maio-roxo-mobiliza-ubss-de-limeira-para-conscientizacao-sobre-o-lupus\/","title":{"rendered":"Maio Roxo mobiliza UBSs de Limeira para conscientiza\u00e7\u00e3o sobre o l\u00fapus"},"content":{"rendered":"<p> <br \/>\n<\/p>\n<div>\n                <main class=\"\">&#13;<br \/>\n                    &#13;<br \/>\n&#13;<br \/>\n&#13;<br \/>\n&#13;<br \/>\n&#13;<br \/>\n&#13;<br \/>\n    <img data-recalc-dims=\"1\" decoding=\"async\" src=\"https:\/\/i0.wp.com\/ecrie.com.br\/sistema\/conteudos\/imagem\/m_137_0_1_03062026105307.png?w=696&#038;ssl=1\" alt=\"Maio Roxo mobiliza UBSs de Limeira para conscientiza\u00e7\u00e3o sobre o l\u00fapus\"\/>&#13;<br \/>\n&#13;<br \/>\n&#13;<\/p>\n<p>\u00a0<\/p>\n<p>&#13;<\/p>\n<p style=\"text-align: justify;\"><span style=\"font-family: Arial, sans-serif;\"><span style=\"font-size: medium;\">A Prefeitura de Limeira realizou, ao longo de maio, uma s\u00e9rie de a\u00e7\u00f5es de conscientiza\u00e7\u00e3o sobre o L\u00fapus Eritematoso Sist\u00eamico (LES), em alus\u00e3o ao Maio Roxo, m\u00eas dedicado \u00e0 divulga\u00e7\u00e3o de informa\u00e7\u00f5es sobre a doen\u00e7a autoimune. As atividades ocorreram em diversas Unidades B\u00e1sicas de Sa\u00fade (UBSs) do munic\u00edpio, com palestras, orienta\u00e7\u00f5es e distribui\u00e7\u00e3o de materiais educativos para a popula\u00e7\u00e3o.<\/span><\/span><\/p>\n<p>&#13;<\/p>\n<p style=\"text-align: justify;\"><span style=\"font-family: Arial, sans-serif;\"><span style=\"font-size: medium;\">As iniciativas tiveram como foco ampliar o conhecimento sobre os sintomas do l\u00fapus e refor\u00e7ar a import\u00e2ncia do diagn\u00f3stico e do tratamento precoces. Entre os sinais mais comuns da doen\u00e7a est\u00e3o fadiga, febre, dores articulares, rigidez muscular e manchas avermelhadas na pele, especialmente na regi\u00e3o do rosto.<\/span><\/span><\/p>\n<p>&#13;<\/p>\n<p style=\"text-align: justify;\"><span style=\"font-family: Arial, sans-serif;\"><span style=\"font-size: medium;\">Na UBS Graminha, os pacientes assistiram a uma palestra promovida em parceria com estudantes do curso de Psicologia da UniEinstein. Al\u00e9m de abordar os sintomas da doen\u00e7a, a atividade destacou os impactos emocionais que o l\u00fapus pode provocar nos pacientes.<\/span><\/span><\/p>\n<p>&#13;<\/p>\n<p style=\"text-align: justify;\"><span style=\"font-family: Arial, sans-serif;\"><span style=\"font-size: medium;\">A mesma abordagem foi adotada pelas equipes de sa\u00fade das UBSs Planalto, Belinha Ometto 2, Lagoa Nova, Novo Horizonte, Od\u00e9cio Degan e Aeroporto. Na UBS Nossa Senhora das Dores 1, a a\u00e7\u00e3o contou com a participa\u00e7\u00e3o de estudantes de Enfermagem da UniEinstein. Al\u00e9m da palestra, foram distribu\u00eddos folhetos explicativos aos usu\u00e1rios da unidade.<\/span><\/span><\/p>\n<p>&#13;<\/p>\n<p style=\"text-align: justify;\"><span style=\"font-family: Arial, sans-serif;\"><span style=\"font-size: medium;\">Na UBS Cecap, a atividade foi realizada em parceria com alunos do curso de Medicina da Faculdade S\u00e3o Leopoldo Mandic, que auxiliaram na orienta\u00e7\u00e3o dos pacientes. J\u00e1 na UBS Parque Hip\u00f3lito 2, agentes comunit\u00e1rios de sa\u00fade conduziram uma palestra sobre o tema.<\/span><\/span><\/p>\n<p>&#13;<\/p>\n<p style=\"text-align: justify;\"><span style=\"font-family: Arial, sans-serif;\"><span style=\"font-size: medium;\">Institu\u00eddo no calend\u00e1rio oficial do munic\u00edpio pela Lei n\u00ba 6.918\/2023, o Maio Roxo busca ampliar a conscientiza\u00e7\u00e3o sobre o l\u00fapus, doen\u00e7a inflamat\u00f3ria e autoimune que ocorre quando o sistema imunol\u00f3gico passa a atacar tecidos saud\u00e1veis do pr\u00f3prio organismo. <\/span><\/span><\/p>\n<p>&#13;<\/p>\n<p style=\"text-align: justify;\"><span style=\"font-family: Arial, sans-serif;\"><span style=\"font-size: medium;\">Embora n\u00e3o tenha cura, o tratamento adequado contribui para o controle dos sintomas e para a preven\u00e7\u00e3o de complica\u00e7\u00f5es mais graves. Nesse sentido, a Secretaria de Sa\u00fade orienta que pessoas que apresentem sintomas compat\u00edveis com a doen\u00e7a procurem a Unidade B\u00e1sica de Sa\u00fade mais pr\u00f3xima para avalia\u00e7\u00e3o e encaminhamento.<\/span><\/span><\/p>\n<p>&#13;<\/p>\n<p style=\"text-align: justify;\">\u00a0<\/p>\n<p>&#13;<br \/>\n&#13;<br \/>\n&#13;<br \/>\n&#13;<\/p>\n<article class=\"conteudo-relacionado no-print\">&#13;<br \/>\n        &#13;<br \/>\n&#13;<br \/>\n        &#13;<br \/>\n    <\/article>\n<p>&#13;<br \/>\n&#13;<br \/>\n                <\/main><\/p><\/div>\n<p><br \/>\n<br \/><a href=\"https:\/\/limeira.sp.gov.br\/maio-roxo-mobiliza-ubss-de-limeira-para-conscientizacao-sobre-o-lupus\" rel=\"noopener\">Informa\u00e7\u00f5es da PML <\/a><\/p>\n","protected":false},"excerpt":{"rendered":"<p>&#13; &#13; &#13; &#13; &#13; &#13; &#13; &#13; &#13; &#13; \u00a0 &#13; A Prefeitura de Limeira realizou, ao longo de maio, uma s\u00e9rie de a\u00e7\u00f5es de conscientiza\u00e7\u00e3o sobre o L\u00fapus Eritematoso Sist\u00eamico (LES), em alus\u00e3o ao Maio Roxo, m\u00eas dedicado \u00e0 divulga\u00e7\u00e3o de informa\u00e7\u00f5es sobre a doen\u00e7a autoimune. As atividades ocorreram em diversas Unidades B\u00e1sicas [&hellip;]<\/p>\n","protected":false},"author":1,"featured_media":67806,"comment_status":"","ping_status":"open","sticky":false,"template":"","format":"standard","meta":{"_jetpack_newsletter_access":"","_jetpack_dont_email_post_to_subs":false,"_jetpack_newsletter_tier_id":0,"_jetpack_memberships_contains_paywalled_content":false,"_mbp_banners":[],"_jetpack_feature_clip_id":0,"_jetpack_memberships_contains_paid_content":false,"footnotes":"","jetpack_publicize_message":"","jetpack_publicize_feature_enabled":true,"jetpack_social_post_already_shared":true,"jetpack_social_options":{"image_generator_settings":{"template":"highway","default_image_id":0,"font":"","enabled":false},"version":2},"jetpack_post_was_ever_published":false},"categories":[16],"tags":[],"class_list":["post-67805","post","type-post","status-publish","format-standard","has-post-thumbnail","category-local"],"jetpack_publicize_connections":[],"jetpack-related-posts":[],"jetpack_shortlink":"https:\/\/wp.me\/p7Eq1F-hDD","jetpack_sharing_enabled":true,"jetpack_featured_media_url":"https:\/\/i0.wp.com\/guialimeira.com.br\/news\/wp-content\/uploads\/2026\/06\/m_137_0_1_03062026105307.png?fit=1024%2C575&ssl=1","_links":{"self":[{"href":"https:\/\/guialimeira.com.br\/news\/wp-json\/wp\/v2\/posts\/67805","targetHints":{"allow":["GET"]}}],"collection":[{"href":"https:\/\/guialimeira.com.br\/news\/wp-json\/wp\/v2\/posts"}],"about":[{"href":"https:\/\/guialimeira.com.br\/news\/wp-json\/wp\/v2\/types\/post"}],"author":[{"embeddable":true,"href":"https:\/\/guialimeira.com.br\/news\/wp-json\/wp\/v2\/users\/1"}],"replies":[{"embeddable":true,"href":"https:\/\/guialimeira.com.br\/news\/wp-json\/wp\/v2\/comments?post=67805"}],"version-history":[{"count":0,"href":"https:\/\/guialimeira.com.br\/news\/wp-json\/wp\/v2\/posts\/67805\/revisions"}],"wp:featuredmedia":[{"embeddable":true,"href":"https:\/\/guialimeira.com.br\/news\/wp-json\/wp\/v2\/media\/67806"}],"wp:attachment":[{"href":"https:\/\/guialimeira.com.br\/news\/wp-json\/wp\/v2\/media?parent=67805"}],"wp:term":[{"taxonomy":"category","embeddable":true,"href":"https:\/\/guialimeira.com.br\/news\/wp-json\/wp\/v2\/categories?post=67805"},{"taxonomy":"post_tag","embeddable":true,"href":"https:\/\/guialimeira.com.br\/news\/wp-json\/wp\/v2\/tags?post=67805"}],"curies":[{"name":"wp","href":"https:\/\/api.w.org\/{rel}","templated":true}]}}