{"id":67800,"date":"2026-06-03T10:55:10","date_gmt":"2026-06-03T13:55:10","guid":{"rendered":"https:\/\/guialimeira.com.br\/prefeito-murilo-felix-entrega-mencao-de-gratidao-a-jovens-que-participaram-de-competicao-regional\/"},"modified":"2026-06-03T10:55:10","modified_gmt":"2026-06-03T13:55:10","slug":"prefeito-murilo-felix-entrega-mencao-de-gratidao-a-jovens-que-participaram-de-competicao-regional","status":"publish","type":"post","link":"https:\/\/guialimeira.com.br\/news\/prefeito-murilo-felix-entrega-mencao-de-gratidao-a-jovens-que-participaram-de-competicao-regional\/","title":{"rendered":"Prefeito Murilo F\u00e9lix entrega Men\u00e7\u00e3o de Gratid\u00e3o a jovens que participaram de competi\u00e7\u00e3o regional"},"content":{"rendered":"<p> <br \/>\n<br \/><img data-recalc-dims=\"1\" decoding=\"async\" src=\"https:\/\/i0.wp.com\/ecrie.com.br\/sistema\/conteudos\/imagem\/m_137_0_1_02062026162059.jpg?w=696&#038;ssl=1\" \/><\/p>\n<div>O prefeito Murilo F&eacute;lix realizou, na sexta-feira (29), a entrega de Men&ccedil;&otilde;es de Gratid&atilde;o aos adolescentes atendidos pelo Caps Infantojuvenil (Caps IJ) de Limeira que conquistaram o terceiro lugar nos jogos de futebol do InterCaps, realizados em Campinas. A atividade integrou a programa&ccedil;&atilde;o do 2&ordm; F&oacute;rum de Sa&uacute;de Mental de Limeira &ndash; Al&eacute;m dos Muros, promovido pela Rede de Aten&ccedil;&atilde;o Psicossocial (Raps).<\/div>\n<div>&nbsp;<\/div>\n<div>Receberam o certificado Ramon, Pedro, Samuel S., Breno, J&uacute;lio C&eacute;sar, Vitor, Marcelo e Samuel H. Al&eacute;m dos jovens atendidos pelo servi&ccedil;o, tamb&eacute;m receberam certificados os profissionais envolvidos na organiza&ccedil;&atilde;o e acompanhamento da equipe durante a competi&ccedil;&atilde;o. S&atilde;o eles: Leandro Ribeiro Silva, Melissa Ferreira da Silva, Samara Cristina Fernandes dos Santos e Helo&iacute;sa Santos de Oliveira Leal. O reconhecimento destacou o protagonismo dos adolescentes e a import&acirc;ncia do esporte como ferramenta de inclus&atilde;o, conviv&ecirc;ncia e fortalecimento dos v&iacute;nculos sociais.<\/div>\n<div>&nbsp;<\/div>\n<div>Durante a entrega, o prefeito Murilo F&eacute;lix parabenizou os participantes pela dedica&ccedil;&atilde;o e pelo exemplo de supera&ccedil;&atilde;o. &ldquo;Essa conquista representa muito mais do que um resultado esportivo. &Eacute; a prova de que, quando oferecemos acolhimento, oportunidade e incentivo, nossos jovens mostram todo o potencial que t&ecirc;m&rdquo;, afirmou.<\/div>\n<div>&nbsp;<\/div>\n<div>O InterCaps reuniu equipes de diferentes munic&iacute;pios em uma proposta que alia esporte, integra&ccedil;&atilde;o e promo&ccedil;&atilde;o da sa&uacute;de mental. Representando Limeira, os adolescentes do Caps IJ conquistaram o bronze ap&oacute;s uma s&eacute;rie de partidas disputadas ao longo do evento.<\/div>\n<p><br \/>\n<br \/><a href=\"https:\/\/limeira.sp.gov.br\/prefeito-murilo-felix-entrega-mencao-de-gratidao-a-jovens-que-participaram-de-competicao-regional\" rel=\"noopener\">Informa\u00e7\u00f5es da PML <\/a><\/p>\n","protected":false},"excerpt":{"rendered":"<p>O prefeito Murilo F&eacute;lix realizou, na sexta-feira (29), a entrega de Men&ccedil;&otilde;es de Gratid&atilde;o aos adolescentes atendidos pelo Caps Infantojuvenil (Caps IJ) de Limeira que conquistaram o terceiro lugar nos jogos de futebol do InterCaps, realizados em Campinas. A atividade integrou a programa&ccedil;&atilde;o do 2&ordm; F&oacute;rum de Sa&uacute;de Mental de Limeira &ndash; Al&eacute;m dos Muros, [&hellip;]<\/p>\n","protected":false},"author":1,"featured_media":67801,"comment_status":"","ping_status":"open","sticky":false,"template":"","format":"standard","meta":{"_jetpack_newsletter_access":"","_jetpack_dont_email_post_to_subs":false,"_jetpack_newsletter_tier_id":0,"_jetpack_memberships_contains_paywalled_content":false,"_mbp_banners":[],"_jetpack_feature_clip_id":0,"_jetpack_memberships_contains_paid_content":false,"footnotes":"","jetpack_publicize_message":"","jetpack_publicize_feature_enabled":true,"jetpack_social_post_already_shared":true,"jetpack_social_options":{"image_generator_settings":{"template":"highway","default_image_id":0,"font":"","enabled":false},"version":2},"jetpack_post_was_ever_published":false},"categories":[16],"tags":[],"class_list":["post-67800","post","type-post","status-publish","format-standard","has-post-thumbnail","category-local"],"jetpack_publicize_connections":[],"jetpack-related-posts":[],"jetpack_shortlink":"https:\/\/wp.me\/p7Eq1F-hDy","jetpack_sharing_enabled":true,"jetpack_featured_media_url":"https:\/\/i0.wp.com\/guialimeira.com.br\/news\/wp-content\/uploads\/2026\/06\/m_137_0_1_02062026162059.jpg?fit=1024%2C682&ssl=1","_links":{"self":[{"href":"https:\/\/guialimeira.com.br\/news\/wp-json\/wp\/v2\/posts\/67800","targetHints":{"allow":["GET"]}}],"collection":[{"href":"https:\/\/guialimeira.com.br\/news\/wp-json\/wp\/v2\/posts"}],"about":[{"href":"https:\/\/guialimeira.com.br\/news\/wp-json\/wp\/v2\/types\/post"}],"author":[{"embeddable":true,"href":"https:\/\/guialimeira.com.br\/news\/wp-json\/wp\/v2\/users\/1"}],"replies":[{"embeddable":true,"href":"https:\/\/guialimeira.com.br\/news\/wp-json\/wp\/v2\/comments?post=67800"}],"version-history":[{"count":0,"href":"https:\/\/guialimeira.com.br\/news\/wp-json\/wp\/v2\/posts\/67800\/revisions"}],"wp:featuredmedia":[{"embeddable":true,"href":"https:\/\/guialimeira.com.br\/news\/wp-json\/wp\/v2\/media\/67801"}],"wp:attachment":[{"href":"https:\/\/guialimeira.com.br\/news\/wp-json\/wp\/v2\/media?parent=67800"}],"wp:term":[{"taxonomy":"category","embeddable":true,"href":"https:\/\/guialimeira.com.br\/news\/wp-json\/wp\/v2\/categories?post=67800"},{"taxonomy":"post_tag","embeddable":true,"href":"https:\/\/guialimeira.com.br\/news\/wp-json\/wp\/v2\/tags?post=67800"}],"curies":[{"name":"wp","href":"https:\/\/api.w.org\/{rel}","templated":true}]}}