{"id":67793,"date":"2026-06-03T09:57:24","date_gmt":"2026-06-03T12:57:24","guid":{"rendered":"https:\/\/guialimeira.com.br\/prefeitura-abre-inscricoes-para-curso-sobre-educacao-antirracista-e-valorizacao-da-diversidade-nas-escolas\/"},"modified":"2026-06-03T09:57:24","modified_gmt":"2026-06-03T12:57:24","slug":"prefeitura-abre-inscricoes-para-curso-sobre-educacao-antirracista-e-valorizacao-da-diversidade-nas-escolas","status":"publish","type":"post","link":"https:\/\/guialimeira.com.br\/news\/prefeitura-abre-inscricoes-para-curso-sobre-educacao-antirracista-e-valorizacao-da-diversidade-nas-escolas\/","title":{"rendered":"Prefeitura abre inscri\u00e7\u00f5es para curso sobre educa\u00e7\u00e3o antirracista e valoriza\u00e7\u00e3o da diversidade nas escolas"},"content":{"rendered":"<p> <br \/>\n<\/p>\n<div>\n                <main class=\"\">&#13;<br \/>\n                    &#13;<br \/>\n&#13;<br \/>\n&#13;<br \/>\n&#13;<br \/>\n&#13;<br \/>\n&#13;<br \/>\n    <img data-recalc-dims=\"1\" decoding=\"async\" src=\"https:\/\/i0.wp.com\/ecrie.com.br\/sistema\/conteudos\/imagem\/m_137_0_1_03062026094522.jpeg?w=696&#038;ssl=1\" alt=\"Prefeitura abre inscri\u00e7\u00f5es para curso sobre educa\u00e7\u00e3o antirracista e valoriza\u00e7\u00e3o da diversidade nas escolas\"\/>&#13;<br \/>\n&#13;<br \/>\n&#13;<\/p>\n<p>A Prefeitura de Limeira est\u00e1 com inscri\u00e7\u00f5es abertas para um curso de forma\u00e7\u00e3o continuada que busca fortalecer a constru\u00e7\u00e3o de uma educa\u00e7\u00e3o mais inclusiva, respeitosa e livre de preconceitos. A iniciativa abordar\u00e1 temas como igualdade racial, valoriza\u00e7\u00e3o das culturas afro-brasileira, ind\u00edgena e quilombola, al\u00e9m de estrat\u00e9gias para promover o respeito \u00e0 diversidade no ambiente escolar.<\/p>\n<p>A forma\u00e7\u00e3o \u00e9 destinada a professores, coordenadores pedag\u00f3gicos, diretores, monitores e demais profissionais da rede de ensino interessados no assunto. O objetivo \u00e9 oferecer ferramentas e conhecimentos que contribuam para a constru\u00e7\u00e3o de pr\u00e1ticas pedag\u00f3gicas mais inclusivas e para o enfrentamento das desigualdades dentro e fora da sala de aula.<\/p>\n<p>Os encontros presenciais ocorrer\u00e3o aos s\u00e1bados, das 8h30 \u00e0s 12h30, nos dias 13 e 27 de junho e 4 de julho de 2026, na Casa dos Conselhos, localizada em frente \u00e0 Secretaria Municipal de Educa\u00e7\u00e3o (SME), no bairro H\u00edpica.<\/p>\n<p>Ao final do curso, os participantes que cumprirem os requisitos receber\u00e3o certificado de 40 horas emitido pela SME. A carga hor\u00e1ria inclui os encontros presenciais e atividades complementares de estudo.<\/p>\n<p>A forma\u00e7\u00e3o segue as diretrizes nacionais que incentivam o ensino da hist\u00f3ria e da cultura afro-brasileira, ind\u00edgena e quilombola nas escolas, contribuindo para uma educa\u00e7\u00e3o mais democr\u00e1tica, representativa e pautada em equidade.<\/p>\n<p>Essa a\u00e7\u00e3o est\u00e1 alinhada com a Agenda 2030 da Organiza\u00e7\u00e3o das Na\u00e7\u00f5es Unidas (ONU). Ao capacitar o corpo docente para o enfrentamento do racismo e a promo\u00e7\u00e3o do respeito \u00e0s diferen\u00e7as, essas a\u00e7\u00f5es alinham-se diretamente \u00e0s metas do ODS 4 (Educa\u00e7\u00e3o de Qualidade) e do ODS 10 (Redu\u00e7\u00e3o das Desigualdades).<\/p>\n<p><strong>Servi\u00e7o:<br \/><\/strong><br \/>Curso: Forma\u00e7\u00e3o Continuada Pol\u00edtica Nacional de Equidade na Educa\u00e7\u00e3o \u2013 PNEERQ<br \/>P\u00fablico-alvo: Professores, coordenadores pedag\u00f3gicos, diretores, monitores e demais profissionais da educa\u00e7\u00e3o<br \/>Datas: 13, 27 de junho e 4 de julho de 2026<br \/>Hor\u00e1rio: Das 8h30 \u00e0s 12h30<br \/>Local: Casa dos Conselhos (em frente \u00e0 SME, na H\u00edpica)<br \/>Certifica\u00e7\u00e3o: 40 horas, emitida pela SME, incluindo atividades complementares.<\/p>\n<p>&#13;<br \/>\n&#13;<br \/>\n&#13;<br \/>\n&#13;<\/p>\n<article class=\"conteudo-relacionado no-print\">&#13;<br \/>\n        &#13;<br \/>\n&#13;<br \/>\n        &#13;<br \/>\n    <\/article>\n<p>&#13;<br \/>\n&#13;<br \/>\n                <\/main><\/p><\/div>\n<p><br \/>\n<br \/><a href=\"https:\/\/limeira.sp.gov.br\/prefeitura-abre-inscricoes-para-curso-sobre-educacao-antirracista-e-valorizacao-da-diversidade-nas-escolas\" rel=\"noopener\">Informa\u00e7\u00f5es da PML <\/a><\/p>\n","protected":false},"excerpt":{"rendered":"<p>&#13; &#13; &#13; &#13; &#13; &#13; &#13; &#13; &#13; &#13; A Prefeitura de Limeira est\u00e1 com inscri\u00e7\u00f5es abertas para um curso de forma\u00e7\u00e3o continuada que busca fortalecer a constru\u00e7\u00e3o de uma educa\u00e7\u00e3o mais inclusiva, respeitosa e livre de preconceitos. A iniciativa abordar\u00e1 temas como igualdade racial, valoriza\u00e7\u00e3o das culturas afro-brasileira, ind\u00edgena e quilombola, al\u00e9m de [&hellip;]<\/p>\n","protected":false},"author":1,"featured_media":67794,"comment_status":"","ping_status":"open","sticky":false,"template":"","format":"standard","meta":{"_jetpack_newsletter_access":"","_jetpack_dont_email_post_to_subs":false,"_jetpack_newsletter_tier_id":0,"_jetpack_memberships_contains_paywalled_content":false,"_mbp_banners":[],"_jetpack_feature_clip_id":0,"_jetpack_memberships_contains_paid_content":false,"footnotes":"","jetpack_publicize_message":"","jetpack_publicize_feature_enabled":true,"jetpack_social_post_already_shared":true,"jetpack_social_options":{"image_generator_settings":{"template":"highway","default_image_id":0,"font":"","enabled":false},"version":2},"jetpack_post_was_ever_published":false},"categories":[16],"tags":[],"class_list":["post-67793","post","type-post","status-publish","format-standard","has-post-thumbnail","category-local"],"jetpack_publicize_connections":[],"jetpack-related-posts":[],"jetpack_shortlink":"https:\/\/wp.me\/p7Eq1F-hDr","jetpack_sharing_enabled":true,"jetpack_featured_media_url":"https:\/\/i0.wp.com\/guialimeira.com.br\/news\/wp-content\/uploads\/2026\/06\/m_137_0_1_03062026094522.jpeg?fit=1024%2C549&ssl=1","_links":{"self":[{"href":"https:\/\/guialimeira.com.br\/news\/wp-json\/wp\/v2\/posts\/67793","targetHints":{"allow":["GET"]}}],"collection":[{"href":"https:\/\/guialimeira.com.br\/news\/wp-json\/wp\/v2\/posts"}],"about":[{"href":"https:\/\/guialimeira.com.br\/news\/wp-json\/wp\/v2\/types\/post"}],"author":[{"embeddable":true,"href":"https:\/\/guialimeira.com.br\/news\/wp-json\/wp\/v2\/users\/1"}],"replies":[{"embeddable":true,"href":"https:\/\/guialimeira.com.br\/news\/wp-json\/wp\/v2\/comments?post=67793"}],"version-history":[{"count":0,"href":"https:\/\/guialimeira.com.br\/news\/wp-json\/wp\/v2\/posts\/67793\/revisions"}],"wp:featuredmedia":[{"embeddable":true,"href":"https:\/\/guialimeira.com.br\/news\/wp-json\/wp\/v2\/media\/67794"}],"wp:attachment":[{"href":"https:\/\/guialimeira.com.br\/news\/wp-json\/wp\/v2\/media?parent=67793"}],"wp:term":[{"taxonomy":"category","embeddable":true,"href":"https:\/\/guialimeira.com.br\/news\/wp-json\/wp\/v2\/categories?post=67793"},{"taxonomy":"post_tag","embeddable":true,"href":"https:\/\/guialimeira.com.br\/news\/wp-json\/wp\/v2\/tags?post=67793"}],"curies":[{"name":"wp","href":"https:\/\/api.w.org\/{rel}","templated":true}]}}