{"id":67785,"date":"2026-06-03T09:25:50","date_gmt":"2026-06-03T12:25:50","guid":{"rendered":"https:\/\/guialimeira.com.br\/mocao-de-reconhecimento-para-agentes-da-gcm-por-resgate-no-jardim-santa-eulalia-e-aprovada-na-camara\/"},"modified":"2026-06-03T09:25:50","modified_gmt":"2026-06-03T12:25:50","slug":"mocao-de-reconhecimento-para-agentes-da-gcm-por-resgate-no-jardim-santa-eulalia-e-aprovada-na-camara","status":"publish","type":"post","link":"https:\/\/guialimeira.com.br\/news\/mocao-de-reconhecimento-para-agentes-da-gcm-por-resgate-no-jardim-santa-eulalia-e-aprovada-na-camara\/","title":{"rendered":"Mo\u00e7\u00e3o de reconhecimento para agentes da GCM por resgate no Jardim Santa Eul\u00e1lia \u00e9 aprovada na C\u00e2mara"},"content":{"rendered":"<p>Mo\u00e7\u00e3o de reconhecimento para agentes da GCM por resgate no Jardim Santa Eul\u00e1lia \u00e9 aprovada na C\u00e2mara<\/p>\n<p>Com o objetivo de homenagear os integrantes da Ronda Ostensiva Municipal (Romu) da Guarda Civil Municipal (GCM), os agentes Leonardo Lopes, Danilo Soliz e Jefferson Machado, por salvar crian\u00e7a no bairro Jardim Santa Eul\u00e1lia, foi aprovada pela C\u00e2mara a Mo\u00e7\u00e3o N\u00b0 93\/2026 no dia 18 de maio. A honraria foi proposta pelo vereador Carlinhos do Grotta (PL) e aprovada por todos os vereadores da Casa.<\/p>\n<p>O autor da homenagem explicou que os agentes da GCM realizavam um patrulhamento preventivo pelo Santa Eul\u00e1lia, quando foram abordados por populares que solicitaram socorro urgente para uma crian\u00e7a em estado grave. Os ocupantes do ve\u00edculo trafegavam em sentido contr\u00e1rio da via na tentativa desesperada de buscar atendimento m\u00e9dico para um beb\u00ea de aproximadamente 8 meses que se encontrava engasgado e sem conseguir respirar.<\/p>\n<p>Segundo o vereador, o agente Leonardo Lopes recebeu a crian\u00e7a em seus bra\u00e7os e, utilizando t\u00e9cnicas de Atendimento Pr\u00e9 Hospitalar (APH), realizou imediatamente a manobra de Heimlich e ap\u00f3s alguns segundos de atua\u00e7\u00e3o, a crian\u00e7a voltou a respirar. A m\u00e3e relatou que a crian\u00e7a estava se amamentando e\u00a0 come\u00e7ou a ficar roxa e com o corpo sem rea\u00e7\u00e3o, gerando desespero na fam\u00edlia.<\/p>\n<p>A viatura acompanhou o carro da fam\u00edlia at\u00e9 a Santa Casa e ap\u00f3s o atendimento m\u00e9dico, a v\u00edtima foi liberada para retornar a resid\u00eancia.<\/p>\n<p>Carlinhos do Grotta justificou a congratula\u00e7\u00e3o dizendo que a\u00e7\u00f5es como esta evidenciam o valor da Guarda Civil Municipal, destacando que a atua\u00e7\u00e3o vai al\u00e9m da seguran\u00e7a patrimonial, demonstrando tamb\u00e9m humanidade, preparo t\u00e9cnico e compromisso com a preserva\u00e7\u00e3o da vida.<\/p>\n<p>Do Gabinete Parlamentar \u2013 Vereador Carlinhos do Grotta (PL)<\/p>\n<p>*Fotos do Gabinete Parlamentar<\/p>\n<p>As mat\u00e9rias de origem dos Gabinetes Parlamentares s\u00e3o de inteira\u00a0 responsabilidade dos parlamentares e de suas assessorias. S\u00e3o devidamente assinadas e n\u00e3o refletem, necessariamente, a opini\u00e3o institucional da C\u00e2mara Municipal de Limeira.<\/p>\n<hr>\n<p><em>Fonte: <a href=\"https:\/\/www.limeira.sp.leg.br\/noticias\/view\/2026-06-03_mocao-de-reconhecimento-para-agentes-da-gcm-por-resgate-no-jardim-santa-eulalia-e-aprovada-na-camara\" target=\"_blank\" rel=\"noopener\">C\u00e2mara Municipal de Limeira<\/a><\/em><\/p>\n","protected":false},"excerpt":{"rendered":"<p>Mo\u00e7\u00e3o de reconhecimento para agentes da GCM por resgate no Jardim Santa Eul\u00e1lia \u00e9 aprovada na C\u00e2mara<\/p>\n<p>Com o objetivo de homenagear os integrantes da Ronda Ostensiva Municipal (Romu) da Guarda Civil Municipal (GCM), os agentes Leonardo Lopes, Danilo Soliz e Jefferson Machado, por salvar crian\u00e7a no ba<\/p>\n","protected":false},"author":4,"featured_media":67784,"comment_status":"","ping_status":"open","sticky":false,"template":"","format":"standard","meta":{"_jetpack_newsletter_access":"","_jetpack_dont_email_post_to_subs":false,"_jetpack_newsletter_tier_id":0,"_jetpack_memberships_contains_paywalled_content":false,"_mbp_banners":[],"_jetpack_feature_clip_id":0,"_jetpack_memberships_contains_paid_content":false,"footnotes":"","jetpack_publicize_message":"","jetpack_publicize_feature_enabled":true,"jetpack_social_post_already_shared":true,"jetpack_social_options":{"image_generator_settings":{"template":"highway","default_image_id":0,"font":"","enabled":false},"version":2},"jetpack_post_was_ever_published":false},"categories":[19],"tags":[],"class_list":["post-67785","post","type-post","status-publish","format-standard","has-post-thumbnail","category-politica"],"jetpack_publicize_connections":[],"jetpack-related-posts":[],"jetpack_shortlink":"https:\/\/wp.me\/p7Eq1F-hDj","jetpack_sharing_enabled":true,"jetpack_featured_media_url":"https:\/\/i0.wp.com\/guialimeira.com.br\/news\/wp-content\/uploads\/2026\/06\/noticia-camara-16.jpg?fit=1280%2C640&ssl=1","_links":{"self":[{"href":"https:\/\/guialimeira.com.br\/news\/wp-json\/wp\/v2\/posts\/67785","targetHints":{"allow":["GET"]}}],"collection":[{"href":"https:\/\/guialimeira.com.br\/news\/wp-json\/wp\/v2\/posts"}],"about":[{"href":"https:\/\/guialimeira.com.br\/news\/wp-json\/wp\/v2\/types\/post"}],"author":[{"embeddable":true,"href":"https:\/\/guialimeira.com.br\/news\/wp-json\/wp\/v2\/users\/4"}],"replies":[{"embeddable":true,"href":"https:\/\/guialimeira.com.br\/news\/wp-json\/wp\/v2\/comments?post=67785"}],"version-history":[{"count":0,"href":"https:\/\/guialimeira.com.br\/news\/wp-json\/wp\/v2\/posts\/67785\/revisions"}],"wp:featuredmedia":[{"embeddable":true,"href":"https:\/\/guialimeira.com.br\/news\/wp-json\/wp\/v2\/media\/67784"}],"wp:attachment":[{"href":"https:\/\/guialimeira.com.br\/news\/wp-json\/wp\/v2\/media?parent=67785"}],"wp:term":[{"taxonomy":"category","embeddable":true,"href":"https:\/\/guialimeira.com.br\/news\/wp-json\/wp\/v2\/categories?post=67785"},{"taxonomy":"post_tag","embeddable":true,"href":"https:\/\/guialimeira.com.br\/news\/wp-json\/wp\/v2\/tags?post=67785"}],"curies":[{"name":"wp","href":"https:\/\/api.w.org\/{rel}","templated":true}]}}