{"id":67783,"date":"2026-06-03T09:20:55","date_gmt":"2026-06-03T12:20:55","guid":{"rendered":"https:\/\/guialimeira.com.br\/penedo-acompanha-melhorias-na-praca-toledo-barros-e-destaca-avancos-do-programa-novo-centro\/"},"modified":"2026-06-03T09:20:55","modified_gmt":"2026-06-03T12:20:55","slug":"penedo-acompanha-melhorias-na-praca-toledo-barros-e-destaca-avancos-do-programa-novo-centro","status":"publish","type":"post","link":"https:\/\/guialimeira.com.br\/news\/penedo-acompanha-melhorias-na-praca-toledo-barros-e-destaca-avancos-do-programa-novo-centro\/","title":{"rendered":"Penedo acompanha melhorias na Pra\u00e7a Toledo Barros e destaca avan\u00e7os do Programa Novo Centro"},"content":{"rendered":"<p>Penedo acompanha melhorias na Pra\u00e7a Toledo Barros e destaca avan\u00e7os do Programa Novo Centro<\/p>\n<p>O vereador Felipe Penedo (PL) acompanhou nesta ter\u00e7a-feira, 2 de junho, os servi\u00e7os de manuten\u00e7\u00e3o que est\u00e3o sendo realizados na Pra\u00e7a Toledo Barros, principal cart\u00e3o postal de Limeira e um dos espa\u00e7os p\u00fablicos mais importantes da regi\u00e3o central. A visita contou tamb\u00e9m com a presen\u00e7a do secret\u00e1rio municipal de Meio Ambiente e Saneamento, F\u00e1bio Lucas, que tem verificado de perto as a\u00e7\u00f5es executadas no local.<\/p>\n<p>De acordo com o parlamentar, as equipes da Prefeitura realizam servi\u00e7os de poda de \u00e1rvores, pintura, limpeza e conserva\u00e7\u00e3o da pra\u00e7a, com o objetivo de melhorar o aspecto urban\u00edstico, ampliar a seguran\u00e7a e proporcionar um ambiente mais agrad\u00e1vel para a popula\u00e7\u00e3o que circula diariamente pelo Centro.<\/p>\n<p>Durante a visita, Penedo destacou que a revitaliza\u00e7\u00e3o da regi\u00e3o central \u00e9 uma das principais bandeiras do mandato. O parlamentar \u00e9 autor da lei que instituiu o Programa Novo Centro, iniciativa voltada \u00e0 recupera\u00e7\u00e3o, valoriza\u00e7\u00e3o e moderniza\u00e7\u00e3o do cora\u00e7\u00e3o da cidade. Como parte do programa, foi criado um grupo de trabalho que atuou entre julho e dezembro do ano passado, reunindo representantes do poder p\u00fablico, entidades e membros da sociedade civil para identificar demandas e elaborar um diagn\u00f3stico das necessidades da regi\u00e3o central.<\/p>\n<p>Conforme o vereador, o trabalho resultou em um relat\u00f3rio com propostas e a\u00e7\u00f5es voltadas \u00e0 recupera\u00e7\u00e3o e valoriza\u00e7\u00e3o do Centro. Al\u00e9m da cria\u00e7\u00e3o do Programa Novo Centro, o vereador tamb\u00e9m destinou uma emenda impositiva de R$ 546 mil para a revitaliza\u00e7\u00e3o do espelho d\u2019\u00e1gua da gruta. O recurso est\u00e1 dispon\u00edvel e a Prefeitura trabalha na viabiliza\u00e7\u00e3o das interven\u00e7\u00f5es necess\u00e1rias para a execu\u00e7\u00e3o do projeto.<\/p>\n<p>\u201cEstamos acompanhando de perto cada etapa desse processo. O Centro de Limeira precisa ser valorizado, pois concentra com\u00e9rcio, servi\u00e7os, patrim\u00f4nio hist\u00f3rico e grande circula\u00e7\u00e3o de pessoas. Essas melhorias representam um passo importante para devolver ainda mais qualidade e atratividade \u00e0 nossa regi\u00e3o central\u201d, afirmou.<\/p>\n<p>Penedo ressaltou que continuar\u00e1 fiscalizando e acompanhando as a\u00e7\u00f5es voltadas ao Centro, defendendo investimentos que contribuam para a preserva\u00e7\u00e3o dos espa\u00e7os p\u00fablicos, o fortalecimento do com\u00e9rcio local e a melhoria da qualidade de vida da popula\u00e7\u00e3o. As interven\u00e7\u00f5es j\u00e1 iniciadas na Pra\u00e7a Toledo Barros representam um dos primeiros resultados concretos do planejamento realizado nos \u00faltimos meses e refor\u00e7am o compromisso de tornar o Centro de Limeira um espa\u00e7o cada vez mais acolhedor, seguro e valorizado.<\/p>\n<p>Do Gabinete Parlamentar \u2013 Vereador Felipe Penedo (PL)<\/p>\n<p>*Fotos do Gabinete Parlamentar<\/p>\n<p>As mat\u00e9rias de origem dos Gabinetes Parlamentares s\u00e3o de inteira\u00a0 responsabilidade dos parlamentares e de suas assessorias. S\u00e3o devidamente assinadas e n\u00e3o refletem, necessariamente, a opini\u00e3o institucional da C\u00e2mara Municipal de Limeira.<\/p>\n<hr>\n<p><em>Fonte: <a href=\"https:\/\/www.limeira.sp.leg.br\/noticias\/view\/2026-06-03_penedo-acompanha-melhorias-na-praca-toledo-barros-e-destaca-avancos-do-programa-novo-centro\" target=\"_blank\" rel=\"noopener\">C\u00e2mara Municipal de Limeira<\/a><\/em><\/p>\n","protected":false},"excerpt":{"rendered":"<p>Penedo acompanha melhorias na Pra\u00e7a Toledo Barros e destaca avan\u00e7os do Programa Novo Centro<\/p>\n<p>O vereador Felipe Penedo (PL) acompanhou nesta ter\u00e7a-feira, 2 de junho, os servi\u00e7os de manuten\u00e7\u00e3o que est\u00e3o sendo realizados na Pra\u00e7a Toledo Barros, principal cart\u00e3o postal de Limeira e um dos espa\u00e7os p\u00fablic<\/p>\n","protected":false},"author":4,"featured_media":67782,"comment_status":"","ping_status":"open","sticky":false,"template":"","format":"standard","meta":{"_jetpack_newsletter_access":"","_jetpack_dont_email_post_to_subs":false,"_jetpack_newsletter_tier_id":0,"_jetpack_memberships_contains_paywalled_content":false,"_mbp_banners":[],"_jetpack_feature_clip_id":0,"_jetpack_memberships_contains_paid_content":false,"footnotes":"","jetpack_publicize_message":"","jetpack_publicize_feature_enabled":true,"jetpack_social_post_already_shared":true,"jetpack_social_options":{"image_generator_settings":{"template":"highway","default_image_id":0,"font":"","enabled":false},"version":2},"jetpack_post_was_ever_published":false},"categories":[19],"tags":[],"class_list":["post-67783","post","type-post","status-publish","format-standard","has-post-thumbnail","category-politica"],"jetpack_publicize_connections":[],"jetpack-related-posts":[],"jetpack_shortlink":"https:\/\/wp.me\/p7Eq1F-hDh","jetpack_sharing_enabled":true,"jetpack_featured_media_url":"https:\/\/i0.wp.com\/guialimeira.com.br\/news\/wp-content\/uploads\/2026\/06\/noticia-camara-15.jpg?fit=1280%2C640&ssl=1","_links":{"self":[{"href":"https:\/\/guialimeira.com.br\/news\/wp-json\/wp\/v2\/posts\/67783","targetHints":{"allow":["GET"]}}],"collection":[{"href":"https:\/\/guialimeira.com.br\/news\/wp-json\/wp\/v2\/posts"}],"about":[{"href":"https:\/\/guialimeira.com.br\/news\/wp-json\/wp\/v2\/types\/post"}],"author":[{"embeddable":true,"href":"https:\/\/guialimeira.com.br\/news\/wp-json\/wp\/v2\/users\/4"}],"replies":[{"embeddable":true,"href":"https:\/\/guialimeira.com.br\/news\/wp-json\/wp\/v2\/comments?post=67783"}],"version-history":[{"count":0,"href":"https:\/\/guialimeira.com.br\/news\/wp-json\/wp\/v2\/posts\/67783\/revisions"}],"wp:featuredmedia":[{"embeddable":true,"href":"https:\/\/guialimeira.com.br\/news\/wp-json\/wp\/v2\/media\/67782"}],"wp:attachment":[{"href":"https:\/\/guialimeira.com.br\/news\/wp-json\/wp\/v2\/media?parent=67783"}],"wp:term":[{"taxonomy":"category","embeddable":true,"href":"https:\/\/guialimeira.com.br\/news\/wp-json\/wp\/v2\/categories?post=67783"},{"taxonomy":"post_tag","embeddable":true,"href":"https:\/\/guialimeira.com.br\/news\/wp-json\/wp\/v2\/tags?post=67783"}],"curies":[{"name":"wp","href":"https:\/\/api.w.org\/{rel}","templated":true}]}}