{"id":67781,"date":"2026-06-03T09:13:39","date_gmt":"2026-06-03T12:13:39","guid":{"rendered":"https:\/\/guialimeira.com.br\/prefeitura-divulga-programacao-cultural-com-festival-geek-na-estacao-ferroviaria-e-rock-nacional-no-teatro-vitoria\/"},"modified":"2026-06-03T09:13:39","modified_gmt":"2026-06-03T12:13:39","slug":"prefeitura-divulga-programacao-cultural-com-festival-geek-na-estacao-ferroviaria-e-rock-nacional-no-teatro-vitoria","status":"publish","type":"post","link":"https:\/\/guialimeira.com.br\/news\/prefeitura-divulga-programacao-cultural-com-festival-geek-na-estacao-ferroviaria-e-rock-nacional-no-teatro-vitoria\/","title":{"rendered":"Prefeitura divulga programa\u00e7\u00e3o cultural com festival geek na Esta\u00e7\u00e3o Ferrovi\u00e1ria e rock nacional no Teatro Vit\u00f3ria"},"content":{"rendered":"<p> <br \/>\n<\/p>\n<div id=\"\">&#13;<br \/>\n                    &#13;<br \/>\n&#13;<br \/>\n&#13;<br \/>\n&#13;<br \/>\n&#13;<br \/>\n&#13;<br \/>\n    <img data-recalc-dims=\"1\" decoding=\"async\" src=\"https:\/\/i0.wp.com\/ecrie.com.br\/sistema\/conteudos\/imagem\/m_137_0_1_10122025154043.jpeg?w=696&#038;ssl=1\" alt=\"Prefeitura divulga programa\u00e7\u00e3o cultural com festival geek na Esta\u00e7\u00e3o Ferrovi\u00e1ria e rock nacional no Teatro Vit\u00f3ria\"\/>&#13;<br \/>\n&#13;<br \/>\n&#13;<\/p>\n<p data-path-to-node=\"2\">A Prefeitura de Limeira, por meio da Secretaria de Cultura, apresenta uma agenda repleta de atra\u00e7\u00f5es para todos os p\u00fablicos nos pr\u00f3ximos dias. Os destaques da programa\u00e7\u00e3o movimentam o munic\u00edpio com a realiza\u00e7\u00e3o da 5\u00aa edi\u00e7\u00e3o de um grande festival de cultura pop e comemora\u00e7\u00f5es musicais hist\u00f3ricas, al\u00e9m de espet\u00e1culos teatrais e feiras gastron\u00f4micas em pra\u00e7a p\u00fablica.<\/p>\n<p>&#13;<\/p>\n<p data-path-to-node=\"3\">O grande destaque do fim de semana \u00e9 a realiza\u00e7\u00e3o do festival \u201cLima Anime Geek (5\u00aa Edi\u00e7\u00e3o)\u201d, que acontece no s\u00e1bado e no domingo, dias 6 e 7 de junho, das 11h30 \u00e0s 17h, na Esta\u00e7\u00e3o Ferrovi\u00e1ria. O evento gratuito \u00e9 voltado aos apaixonados por cultura pop asi\u00e1tica e traz concurso de cosplay, apresenta\u00e7\u00f5es de K-pop, \u00e1rea gamer, card games, expositores, premia\u00e7\u00f5es, al\u00e9m de uma exposi\u00e7\u00e3o in\u00e9dita de carros Itasha e a experi\u00eancia de um Maid Caf\u00e9. Cada dia de festival ter\u00e1 seu encerramento com o show de uma banda. Os ingressos sem custo devem ser retirados antecipadamente pela internet.<\/p>\n<p>&#13;<\/p>\n<p data-path-to-node=\"4\">A m\u00fasica tamb\u00e9m ganha protagonismo com as celebra\u00e7\u00f5es dos 94 anos da Corpora\u00e7\u00e3o Musical Arthur Giambelli. No s\u00e1bado, dia 6, \u00e0s 20h, o Teatro Vit\u00f3ria sedia o concerto gratuito \u201cGiambelli Rock Brasil\u201d, que une a for\u00e7a das bandas de concerto \u00e0 energia do rock nacional com arranjos in\u00e9ditos de grandes sucessos. No domingo, dia 7, a partir das 10h30, o grupo mant\u00e9m viva a tradi\u00e7\u00e3o da retreta musical se apresentando gratuitamente no Coreto da Pra\u00e7a Toledo Barros.<\/p>\n<p>&#13;<\/p>\n<p data-path-to-node=\"5\"><strong data-path-to-node=\"5\" data-index-in-node=\"0\">Outras atra\u00e7\u00f5es da agenda:<\/strong><\/p>\n<p>&#13;<\/p>\n<p data-path-to-node=\"6\">Abrindo a programa\u00e7\u00e3o semanal, nesta quarta-feira, dia 3 de junho, \u00e0s 20h, o Teatro Vit\u00f3ria recebe o espet\u00e1culo de dan\u00e7a \u201cQue conto \u00e9 esse?\u201d, apresentado pela Oficina do Corpo. A montagem prop\u00f5e uma viagem pelo imagin\u00e1rio inspirada em contos cl\u00e1ssicos e releituras contempor\u00e2neas. Os ingressos custam de R$ 24,00 a R$ 60,00 e podem ser adquiridos de forma online atrav\u00e9s da plataforma Eleven Tickets.<\/p>\n<p>&#13;<\/p>\n<p data-path-to-node=\"7\">Para quem busca op\u00e7\u00f5es de lazer e artesanato, todo s\u00e1bado, das 9h \u00e0s 14h, a Pra\u00e7a Toledo Barros recebe a tradicional Feira de Artes e Gastronomia. O espa\u00e7o re\u00fane barracas de comidas variadas, artigos produzidos por artes\u00e3os locais e diversidade em produtos para toda a comunidade.<\/p>\n<p>&#13;<\/p>\n<p data-path-to-node=\"9\"><strong data-path-to-node=\"9\" data-index-in-node=\"0\">Servi\u00e7o:<\/strong><\/p>\n<p>&#13;<\/p>\n<p data-path-to-node=\"10\"><strong data-path-to-node=\"10\" data-index-in-node=\"0\">Espet\u00e1culo de Dan\u00e7a: \u201cQue conto \u00e9 esse?\u201d<\/strong><\/p>\n<p>&#13;<\/p>\n<ul data-path-to-node=\"11\">&#13;<\/p>\n<li>&#13;\n<p data-path-to-node=\"11,0,0\"><strong data-path-to-node=\"11,0,0\" data-index-in-node=\"0\">Data:<\/strong> 3 de junho (quarta-feira)<\/p>\n<p>&#13;\n<\/li>\n<p>&#13;<\/p>\n<li>&#13;\n<p data-path-to-node=\"11,1,0\"><strong data-path-to-node=\"11,1,0\" data-index-in-node=\"0\">Hor\u00e1rio:<\/strong> 20h<\/p>\n<p>&#13;\n<\/li>\n<p>&#13;<\/p>\n<li>&#13;\n<p data-path-to-node=\"11,2,0\"><strong data-path-to-node=\"11,2,0\" data-index-in-node=\"0\">Local:<\/strong> Teatro Vit\u00f3ria (Pra\u00e7a Toledo de Barros, s\/n &#8211; Centro)<\/p>\n<p>&#13;\n<\/li>\n<p>&#13;<\/p>\n<li>&#13;\n<p data-path-to-node=\"11,3,0\"><strong data-path-to-node=\"11,3,0\" data-index-in-node=\"0\">Entrada:<\/strong> Plateia\/Frisa: R$ 60,00 (Inteira), R$ 30,00 (Meia\/B\u00f4nus) | Mezanino\/Balc\u00e3o: R$ 48,00 (Inteira), R$ 24,00 (Meia\/B\u00f4nus)<\/p>\n<p>&#13;\n<\/li>\n<p>&#13;<\/p>\n<li>&#13;\n<p data-path-to-node=\"11,4,0\"><strong data-path-to-node=\"11,4,0\" data-index-in-node=\"0\">Como comprar:<\/strong> Ingressos pelo site <a href=\"https:\/\/teatrovitoria.eleventickets.com\/#!\/home\" target=\"_blank\" rel=\"noopener\" data-hveid=\"0\" data-ved=\"0CAAQ_4QMahcKEwiM3f__geuUAxUAAAAAHQAAAAAQSg\">Eleven Tickets<\/a><\/p>\n<p>&#13;\n<\/li>\n<p>&#13;\n<\/ul>\n<p>&#13;<\/p>\n<p data-path-to-node=\"12\"><strong data-path-to-node=\"12\" data-index-in-node=\"0\">Feira de Artes e Gastronomia<\/strong><\/p>\n<p>&#13;<\/p>\n<ul data-path-to-node=\"13\">&#13;<\/p>\n<li>&#13;\n<p data-path-to-node=\"13,0,0\"><strong data-path-to-node=\"13,0,0\" data-index-in-node=\"0\">Data:<\/strong> Todo s\u00e1bado<\/p>\n<p>&#13;\n<\/li>\n<p>&#13;<\/p>\n<li>&#13;\n<p data-path-to-node=\"13,1,0\"><strong data-path-to-node=\"13,1,0\" data-index-in-node=\"0\">Hor\u00e1rio:<\/strong> Das 9h \u00e0s 14h<\/p>\n<p>&#13;\n<\/li>\n<p>&#13;<\/p>\n<li>&#13;\n<p data-path-to-node=\"13,2,0\"><strong data-path-to-node=\"13,2,0\" data-index-in-node=\"0\">Local:<\/strong> Pra\u00e7a Toledo Barros (Centro)<\/p>\n<p>&#13;\n<\/li>\n<p>&#13;<\/p>\n<li>&#13;\n<p data-path-to-node=\"13,3,0\"><strong data-path-to-node=\"13,3,0\" data-index-in-node=\"0\">Entrada:<\/strong> Gratuita<\/p>\n<p>&#13;\n<\/li>\n<p>&#13;<\/p>\n<li>&#13;\n<p data-path-to-node=\"13,4,0\"><strong data-path-to-node=\"13,4,0\" data-index-in-node=\"0\">Realiza\u00e7\u00e3o:<\/strong> Prefeitura de Limeira, por meio da Secretaria de Cultura<\/p>\n<p>&#13;\n<\/li>\n<p>&#13;\n<\/ul>\n<p>&#13;<\/p>\n<p data-path-to-node=\"14\"><strong data-path-to-node=\"14\" data-index-in-node=\"0\">5\u00aa Edi\u00e7\u00e3o do Festival Lima Anime Geek<\/strong><\/p>\n<p>&#13;<\/p>\n<ul data-path-to-node=\"15\">&#13;<\/p>\n<li>&#13;\n<p data-path-to-node=\"15,0,0\"><strong data-path-to-node=\"15,0,0\" data-index-in-node=\"0\">Data:<\/strong> 6 e 7 de junho (s\u00e1bado e domingo)<\/p>\n<p>&#13;\n<\/li>\n<p>&#13;<\/p>\n<li>&#13;\n<p data-path-to-node=\"15,1,0\"><strong data-path-to-node=\"15,1,0\" data-index-in-node=\"0\">Hor\u00e1rio:<\/strong> Das 11h30 \u00e0s 17h (com encerramento com show de banda)<\/p>\n<p>&#13;\n<\/li>\n<p>&#13;<\/p>\n<li>&#13;\n<p data-path-to-node=\"15,2,0\"><strong data-path-to-node=\"15,2,0\" data-index-in-node=\"0\">Local:<\/strong> Esta\u00e7\u00e3o Ferrovi\u00e1ria (ao lado da Rodovi\u00e1ria)<\/p>\n<p>&#13;\n<\/li>\n<p>&#13;<\/p>\n<li>&#13;\n<p data-path-to-node=\"15,3,0\"><strong data-path-to-node=\"15,3,0\" data-index-in-node=\"0\">Entrada:<\/strong> Gratuita<\/p>\n<p>&#13;\n<\/li>\n<p>&#13;<\/p>\n<li>&#13;\n<p data-path-to-node=\"15,4,0\"><strong data-path-to-node=\"15,4,0\" data-index-in-node=\"0\">Como retirar:<\/strong> Ingressos pelo site <a href=\"https:\/\/www.sympla.com.br\/evento\/lima-anime-geek-05\/3371898\" target=\"_blank\" rel=\"noopener\" data-hveid=\"0\" data-ved=\"0CAAQ_4QMahcKEwiM3f__geuUAxUAAAAAHQAAAAAQSw\">Sympla<\/a><\/p>\n<p>&#13;\n<\/li>\n<p>&#13;\n<\/ul>\n<p>&#13;<\/p>\n<p data-path-to-node=\"16\"><strong data-path-to-node=\"16\" data-index-in-node=\"0\">Concerto: \u201cGiambelli Rock Brasil\u201d<\/strong><\/p>\n<p>&#13;<\/p>\n<ul data-path-to-node=\"17\">&#13;<\/p>\n<li>&#13;\n<p data-path-to-node=\"17,0,0\"><strong data-path-to-node=\"17,0,0\" data-index-in-node=\"0\">Data:<\/strong> 6 de junho (s\u00e1bado)<\/p>\n<p>&#13;\n<\/li>\n<p>&#13;<\/p>\n<li>&#13;\n<p data-path-to-node=\"17,1,0\"><strong data-path-to-node=\"17,1,0\" data-index-in-node=\"0\">Hor\u00e1rio:<\/strong> 20h<\/p>\n<p>&#13;\n<\/li>\n<p>&#13;<\/p>\n<li>&#13;\n<p data-path-to-node=\"17,2,0\"><strong data-path-to-node=\"17,2,0\" data-index-in-node=\"0\">Local:<\/strong> Teatro Vit\u00f3ria (Pra\u00e7a Toledo de Barros, s\/n &#8211; Centro)<\/p>\n<p>&#13;\n<\/li>\n<p>&#13;<\/p>\n<li>&#13;\n<p data-path-to-node=\"17,3,0\"><strong data-path-to-node=\"17,3,0\" data-index-in-node=\"0\">Entrada:<\/strong> Gratuita<\/p>\n<p>&#13;\n<\/li>\n<p>&#13;<\/p>\n<li>&#13;\n<p data-path-to-node=\"17,4,0\"><strong data-path-to-node=\"17,4,0\" data-index-in-node=\"0\">Classifica\u00e7\u00e3o:<\/strong> Livre<\/p>\n<p>&#13;\n<\/li>\n<p>&#13;\n<\/ul>\n<p>&#13;<\/p>\n<p data-path-to-node=\"18\"><strong data-path-to-node=\"18\" data-index-in-node=\"0\">M\u00fasica na Pra\u00e7a: Corpora\u00e7\u00e3o Musical Arthur Giambelli<\/strong><\/p>\n<p>&#13;<br \/>\n&#13;<br \/>\n&#13;<br \/>\n&#13;<br \/>\n&#13;<\/p>\n<article class=\"conteudo-relacionado no-print\">&#13;<br \/>\n        &#13;<br \/>\n&#13;<br \/>\n        &#13;<br \/>\n    <\/article>\n<p>&#13;<br \/>\n&#13;\n                <\/p><\/div>\n<p><br \/>\n<br \/><a href=\"https:\/\/limeira.sp.gov.br\/prefeitura-divulga-programacao-cultural-com-festival-geek-na-estacao-ferroviaria-e-rock-nacional-no-teatro-vitoria\" rel=\"noopener\">Informa\u00e7\u00f5es da PML <\/a><\/p>\n","protected":false},"excerpt":{"rendered":"<p>&#13; &#13; &#13; &#13; &#13; &#13; &#13; &#13; &#13; &#13; A Prefeitura de Limeira, por meio da Secretaria de Cultura, apresenta uma agenda repleta de atra\u00e7\u00f5es para todos os p\u00fablicos nos pr\u00f3ximos dias. Os destaques da programa\u00e7\u00e3o movimentam o munic\u00edpio com a realiza\u00e7\u00e3o da 5\u00aa edi\u00e7\u00e3o de um grande festival de cultura pop e comemora\u00e7\u00f5es [&hellip;]<\/p>\n","protected":false},"author":1,"featured_media":51101,"comment_status":"","ping_status":"open","sticky":false,"template":"","format":"standard","meta":{"_jetpack_newsletter_access":"","_jetpack_dont_email_post_to_subs":false,"_jetpack_newsletter_tier_id":0,"_jetpack_memberships_contains_paywalled_content":false,"_mbp_banners":[],"_jetpack_feature_clip_id":0,"_jetpack_memberships_contains_paid_content":false,"footnotes":"","jetpack_publicize_message":"","jetpack_publicize_feature_enabled":true,"jetpack_social_post_already_shared":true,"jetpack_social_options":{"image_generator_settings":{"template":"highway","default_image_id":0,"font":"","enabled":false},"version":2},"jetpack_post_was_ever_published":false},"categories":[16],"tags":[],"class_list":["post-67781","post","type-post","status-publish","format-standard","has-post-thumbnail","category-local"],"jetpack_publicize_connections":[],"jetpack-related-posts":[],"jetpack_shortlink":"https:\/\/wp.me\/p7Eq1F-hDf","jetpack_sharing_enabled":true,"jetpack_featured_media_url":"https:\/\/i0.wp.com\/guialimeira.com.br\/news\/wp-content\/uploads\/2025\/12\/m_137_0_1_10122025154043.jpeg?fit=848%2C570&ssl=1","_links":{"self":[{"href":"https:\/\/guialimeira.com.br\/news\/wp-json\/wp\/v2\/posts\/67781","targetHints":{"allow":["GET"]}}],"collection":[{"href":"https:\/\/guialimeira.com.br\/news\/wp-json\/wp\/v2\/posts"}],"about":[{"href":"https:\/\/guialimeira.com.br\/news\/wp-json\/wp\/v2\/types\/post"}],"author":[{"embeddable":true,"href":"https:\/\/guialimeira.com.br\/news\/wp-json\/wp\/v2\/users\/1"}],"replies":[{"embeddable":true,"href":"https:\/\/guialimeira.com.br\/news\/wp-json\/wp\/v2\/comments?post=67781"}],"version-history":[{"count":0,"href":"https:\/\/guialimeira.com.br\/news\/wp-json\/wp\/v2\/posts\/67781\/revisions"}],"wp:featuredmedia":[{"embeddable":true,"href":"https:\/\/guialimeira.com.br\/news\/wp-json\/wp\/v2\/media\/51101"}],"wp:attachment":[{"href":"https:\/\/guialimeira.com.br\/news\/wp-json\/wp\/v2\/media?parent=67781"}],"wp:term":[{"taxonomy":"category","embeddable":true,"href":"https:\/\/guialimeira.com.br\/news\/wp-json\/wp\/v2\/categories?post=67781"},{"taxonomy":"post_tag","embeddable":true,"href":"https:\/\/guialimeira.com.br\/news\/wp-json\/wp\/v2\/tags?post=67781"}],"curies":[{"name":"wp","href":"https:\/\/api.w.org\/{rel}","templated":true}]}}