{"id":6778,"date":"2024-05-28T18:40:44","date_gmt":"2024-05-28T21:40:44","guid":{"rendered":"https:\/\/guialimeira.com.br\/2024\/05\/28\/luta-pela-igualdade-racial-reune-conselhos-de-30-cidades-em-encontro-inedito-em-limeira\/"},"modified":"2024-05-28T18:40:44","modified_gmt":"2024-05-28T21:40:44","slug":"luta-pela-igualdade-racial-reune-conselhos-de-30-cidades-em-encontro-inedito-em-limeira","status":"publish","type":"post","link":"https:\/\/guialimeira.com.br\/news\/luta-pela-igualdade-racial-reune-conselhos-de-30-cidades-em-encontro-inedito-em-limeira\/","title":{"rendered":"Luta pela igualdade racial re\u00fane conselhos de 30 cidades em encontro in\u00e9dito em Limeira"},"content":{"rendered":"<p> <br \/>\n<\/p>\n<div id=\"\">&#13;<br \/>\n                &#13;<br \/>\n&#13;<br \/>\n&#13;<br \/>\n&#13;<br \/>\n    <img data-recalc-dims=\"1\" decoding=\"async\" src=\"https:\/\/i0.wp.com\/ecrie.com.br\/sistema\/conteudos\/imagem\/m_137_0_1_28052024164201.jpg?w=696&#038;ssl=1\" alt=\"Luta pela igualdade racial re\u00fane conselhos de 30 cidades em encontro in\u00e9dito em Limeira\"\/>&#13;<br \/>\n&#13;<\/p>\n<p>O Conselho Municipal dos Interesses do Cidad\u00e3o Negro (Comicin)\u00a0promoveu nesta ter\u00e7a-feira (28), no teatro Nair Bello, um encontro entre conselhos que lutam pela igualdade racial de todo o estado. Participaram da abertura, a vice-prefeita, Erika Tank, a presidente do Comicin, Ewelyng\u00a0Teodoro Dias do Amaral, o presidente da C\u00e2mara Municipal, Everton Ferreira, a representante da Secretaria de Cultura, Jana\u00edna Luz, a presidente da Comiss\u00e3o de Igualdade Racial da OAB\/Limeira, Zaira Castro, e o presidente do Conselho Estadual de Participa\u00e7\u00e3o e Desenvolvimento da Comunidade Negra, Gil Marcos Santos.<\/p>\n<p>&#13;<\/p>\n<p>Antecedendo os trabalhos, o Coral Afro Thulany, sob a reg\u00eancia de Cleusa Santos, executou o Hino Nacional, o Hino a Limeira, um trecho do Hino da \u00c1frica do Sul e a m\u00fasica Garota de Ipanema. Durante a apresenta\u00e7\u00e3o, a bailarina Nicolle Porto Novaes fez uma performance no palco.<\/p>\n<p>&#13;<\/p>\n<p>Erika Tank falou sobre a import\u00e2ncia do trabalho desenvolvido pelo Comicin, sobretudo quanto \u00e0 efetividade das pol\u00edticas afirmativas. \u201cH\u00e1 um longo caminho a percorrer, mas tenho certeza de que nosso munic\u00edpio, assim como as 30 cidades representadas aqui hoje, far\u00e3o a diferen\u00e7a no enfrentamento \u00e0s desigualdades\u201d, citou a vice-prefeita.<\/p>\n<p>&#13;<\/p>\n<p>Ao declarar que o Nair Bello tornara-se nesta ter\u00e7a-feira um quilombo, no sentido de espa\u00e7o para discuss\u00f5es e reivindica\u00e7\u00f5es, Ewelyng\u00a0Teodoro\u00a0destacou os aspectos positivos do encontro. \u201cQue todos vejam que somos fortes, que estamos aqui e que n\u00e3o vamos mais aceitar que nosso povo fique de lado e sofra, precisamos avan\u00e7ar com urg\u00eancia\u201d, afirmou.<\/p>\n<p>&#13;<\/p>\n<p>Resgatando a hist\u00f3ria do ex-preso pol\u00edtico e ex-presidente da \u00c1frica do Sul, Nelson Mandela, o presidente do Legislativo fez uma reflex\u00e3o sobre o tema. \u201cO principal ingrediente para construirmos pontes e diminuir desigualdades \u00e9 nos balizarmos cada vez mais pelo amor\u201d, afirmou Everton Ferreira.<\/p>\n<p>&#13;<\/p>\n<p>O encontro teve prosseguimento, com apresenta\u00e7\u00f5es e debates sobre os diversos temas: Mapeamento de avan\u00e7os e desafios dos Conselhos Municipais de Igualdade Racial do Estado de S\u00e3o Paulo; Apresenta\u00e7\u00e3o das principais iniciativas de cuidado com a sa\u00fade da popula\u00e7\u00e3o negra pelo Minist\u00e9rio da Sa\u00fade; Apresenta\u00e7\u00e3o do Sinapir (Sistema Nacional de Promo\u00e7\u00e3o da Igualdade Racial pelo Minist\u00e9rio da Igualdade Racial), Pacto das Cidades Antirracistas pelo Minist\u00e9rio P\u00fablico, Estrat\u00e9gias para o fortalecimento dos Conselhos Municipais &#8211; conversa com o Conselho Estadual de Participa\u00e7\u00e3o do Desenvolvimento da Comunidade Negra do Estado de S\u00e3o Paulo.<\/p>\n<p>&#13;<\/p>\n<p>Tamb\u00e9m participaram do evento, a estimuladora pedag\u00f3gica da Secretaria de Sa\u00fade\u00a0e integrante do Comicin, Benedita Aparecida Faustino Duarte, demais integrantes do Comicin, o secret\u00e1rio de Comunica\u00e7\u00e3o Social, S\u00e9rgio Moreira, a representante do Minist\u00e9rio da Igualdade Racial, Leonice Ap. Pereira Mourad, representantes do Minist\u00e9rio P\u00fablico e de conselhos das cidades de Araraquara, Araras, Barueri, Capivari, Cordeir\u00f3polis, Pirangi, Rio Claro, S\u00e3o Vicente, Votuporanga, Cotia, Franca, Franco da Rocha, Itatiba, Itu, S\u00e3o Jos\u00e9 do Rio Preto, S\u00e3o Paulo, Ribeir\u00e3o Preto, Jaboticabal, Ja\u00fa, Mairipor\u00e3, Mogi das Cruzes, Osasco, Santos, Suzano, entre outras.<\/p>\n<p>&#13;<\/p>\n<p>\u00a0<\/p>\n<p>&#13;<\/p>\n<p>\u00a0<\/p>\n<p>&#13;<br \/>\n&#13;<br \/>\n&#13;<br \/>\n&#13;<\/p>\n<aside class=\"list-related no-print\">&#13;<br \/>\n        &#13;<br \/>\n&#13;<\/p>\n<article class=\"list-item noticias \">&#13;<br \/>\n                    <a class=\"list-item__img\" href=\"https:\/\/limeira.sp.gov.br\/imprensa\/noticias\/gabinete-do-prefeito\/limeira-tem-um-dos-menores-indices-de-perdas-de-agua-do-pais-e-recebe-premio\" tabindex=\"-1\" aria-hidden=\"true\" rel=\"noopener\">&#13;<br \/>\n                        <img data-recalc-dims=\"1\" decoding=\"async\" src=\"https:\/\/i0.wp.com\/ecrie.com.br\/sistema\/conteudos\/imagem\/m_137_0_1_28052024111432.jpg?w=696&#038;ssl=1\" alt=\"Limeira tem um dos menores \u00edndices de perdas de \u00e1gua do pa\u00eds e recebe pr\u00eamio\"\/>&#13;<br \/>\n                    <\/a>&#13;<br \/>\n&#13;<br \/>\n                &#13;<br \/>\n            <\/article>\n<p>&#13;<\/p>\n<article class=\"list-item noticias \">&#13;<br \/>\n                    <a class=\"list-item__img\" href=\"https:\/\/limeira.sp.gov.br\/imprensa\/noticias\/cultura\/espetaculo-sem-fim-acontece-nesta-quarta-29\" tabindex=\"-1\" aria-hidden=\"true\" rel=\"noopener\">&#13;<br \/>\n                        <img data-recalc-dims=\"1\" decoding=\"async\" src=\"https:\/\/i0.wp.com\/ecrie.com.br\/sistema\/conteudos\/imagem\/m_137_0_1_27052024144357.jpeg?w=696&#038;ssl=1\" alt=\"Espet\u00e1culo \u201cSem Fim\u201d acontece nesta quarta (29)\"\/>&#13;<br \/>\n                    <\/a>&#13;<br \/>\n&#13;<br \/>\n                &#13;<br \/>\n            <\/article>\n<p>&#13;<\/p>\n<article class=\"list-item noticias \">&#13;<br \/>\n                    <a class=\"list-item__img\" href=\"https:\/\/limeira.sp.gov.br\/imprensa\/noticias\/cultura\/oficina-gratuita-de-roteiro-discute-sobre-violencia-psicologica-nesta-terca-28\" tabindex=\"-1\" aria-hidden=\"true\" rel=\"noopener\">&#13;<br \/>\n                        <img data-recalc-dims=\"1\" decoding=\"async\" src=\"https:\/\/i0.wp.com\/ecrie.com.br\/sistema\/conteudos\/imagem\/m_137_0_1_27052024142937.jpeg?w=696&#038;ssl=1\" alt=\"Oficina gratuita de roteiro discute sobre viol\u00eancia psicol\u00f3gica nesta ter\u00e7a (28)\"\/>&#13;<br \/>\n                    <\/a>&#13;<br \/>\n&#13;<br \/>\n                &#13;<br \/>\n            <\/article>\n<p>&#13;<br \/>\n    <\/aside>\n<p>&#13;<br \/>\n&#13;\n            <\/p><\/div>\n<p><br \/>\n<br \/><a href=\"https:\/\/limeira.sp.gov.br\/luta-pela-igualdade-racial-reune-conselhos-de-30-cidades-em-encontro-inedito-em-limeira\" rel=\"noopener\">Informa\u00e7\u00f5es da PML <\/a><\/p>\n","protected":false},"excerpt":{"rendered":"<p>&#13; &#13; &#13; &#13; &#13; &#13; &#13; O Conselho Municipal dos Interesses do Cidad\u00e3o Negro (Comicin)\u00a0promoveu nesta ter\u00e7a-feira (28), no teatro Nair Bello, um encontro entre conselhos que lutam pela igualdade racial de todo o estado. Participaram da abertura, a vice-prefeita, Erika Tank, a presidente do Comicin, Ewelyng\u00a0Teodoro Dias do Amaral, o presidente da C\u00e2mara [&hellip;]<\/p>\n","protected":false},"author":1,"featured_media":6779,"comment_status":"open","ping_status":"open","sticky":false,"template":"","format":"standard","meta":{"_jetpack_newsletter_access":"","_jetpack_dont_email_post_to_subs":false,"_jetpack_newsletter_tier_id":0,"_jetpack_memberships_contains_paywalled_content":false,"_mbp_banners":[],"_jetpack_feature_clip_id":0,"_jetpack_memberships_contains_paid_content":false,"footnotes":"","jetpack_publicize_message":"","jetpack_publicize_feature_enabled":true,"jetpack_social_post_already_shared":true,"jetpack_social_options":{"image_generator_settings":{"template":"highway","default_image_id":0,"font":"","enabled":false},"version":2},"jetpack_post_was_ever_published":false},"categories":[16],"tags":[],"class_list":["post-6778","post","type-post","status-publish","format-standard","has-post-thumbnail","category-local"],"jetpack_publicize_connections":[],"jetpack-related-posts":[],"jetpack_shortlink":"https:\/\/wp.me\/p7Eq1F-1Lk","jetpack_sharing_enabled":true,"jetpack_featured_media_url":"https:\/\/i0.wp.com\/guialimeira.com.br\/news\/wp-content\/uploads\/2024\/05\/m_137_0_1_28052024164201.jpg?fit=1280%2C852&ssl=1","_links":{"self":[{"href":"https:\/\/guialimeira.com.br\/news\/wp-json\/wp\/v2\/posts\/6778","targetHints":{"allow":["GET"]}}],"collection":[{"href":"https:\/\/guialimeira.com.br\/news\/wp-json\/wp\/v2\/posts"}],"about":[{"href":"https:\/\/guialimeira.com.br\/news\/wp-json\/wp\/v2\/types\/post"}],"author":[{"embeddable":true,"href":"https:\/\/guialimeira.com.br\/news\/wp-json\/wp\/v2\/users\/1"}],"replies":[{"embeddable":true,"href":"https:\/\/guialimeira.com.br\/news\/wp-json\/wp\/v2\/comments?post=6778"}],"version-history":[{"count":0,"href":"https:\/\/guialimeira.com.br\/news\/wp-json\/wp\/v2\/posts\/6778\/revisions"}],"wp:featuredmedia":[{"embeddable":true,"href":"https:\/\/guialimeira.com.br\/news\/wp-json\/wp\/v2\/media\/6779"}],"wp:attachment":[{"href":"https:\/\/guialimeira.com.br\/news\/wp-json\/wp\/v2\/media?parent=6778"}],"wp:term":[{"taxonomy":"category","embeddable":true,"href":"https:\/\/guialimeira.com.br\/news\/wp-json\/wp\/v2\/categories?post=6778"},{"taxonomy":"post_tag","embeddable":true,"href":"https:\/\/guialimeira.com.br\/news\/wp-json\/wp\/v2\/tags?post=6778"}],"curies":[{"name":"wp","href":"https:\/\/api.w.org\/{rel}","templated":true}]}}