{"id":67774,"date":"2026-06-03T08:52:37","date_gmt":"2026-06-03T11:52:37","guid":{"rendered":"https:\/\/guialimeira.com.br\/prefeitura-lanca-projeto-mercado-e-igualdade-para-incentivar-o-acesso-de-estudantes-ao-ensino-tecnico-e-superior\/"},"modified":"2026-06-03T08:52:37","modified_gmt":"2026-06-03T11:52:37","slug":"prefeitura-lanca-projeto-mercado-e-igualdade-para-incentivar-o-acesso-de-estudantes-ao-ensino-tecnico-e-superior","status":"publish","type":"post","link":"https:\/\/guialimeira.com.br\/news\/prefeitura-lanca-projeto-mercado-e-igualdade-para-incentivar-o-acesso-de-estudantes-ao-ensino-tecnico-e-superior\/","title":{"rendered":"Prefeitura lan\u00e7a projeto &#8220;Mercado e Igualdade&#8221; para incentivar o acesso de estudantes ao ensino t\u00e9cnico e superior"},"content":{"rendered":"<p> <br \/>\n<\/p>\n<div>\n                <main class=\"\">&#13;<br \/>\n                    &#13;<br \/>\n&#13;<br \/>\n&#13;<br \/>\n&#13;<br \/>\n&#13;<br \/>\n&#13;<br \/>\n    <img data-recalc-dims=\"1\" decoding=\"async\" src=\"https:\/\/i0.wp.com\/ecrie.com.br\/sistema\/conteudos\/imagem\/m_137_0_1_03062026084705.jpg?w=696&#038;ssl=1\" alt=\"Prefeitura lan\u00e7a projeto &quot;Mercado e Igualdade&quot; para incentivar o acesso de estudantes ao ensino t\u00e9cnico e superior\"\/>&#13;<br \/>\n&#13;<br \/>\n&#13;<\/p>\n<p>A Prefeitura de Limeira, por meio do Departamento de Promo\u00e7\u00e3o da Igualdade Racial (DPIR) da Secretaria de Cultura, deu in\u00edcio \u00e0 implanta\u00e7\u00e3o do projeto &#8220;Mercado e Igualdade&#8221;. O in\u00edcio das atividades do projeto se deu na Escola Estadual Professor Ely de Almeida Campos, promovendo a uni\u00e3o entre as escolas estaduais, as escolas t\u00e9cnicas e o departamento com o objetivo de incentivar os estudantes a terem acesso tanto ao ensino t\u00e9cnico quanto ao ensino superior, expandindo suas proje\u00e7\u00f5es e perspectivas de carreira.<\/p>\n<p>&#13;<\/p>\n<p>O projeto adota um recorte racial e leva para dentro das salas de aula o debate sobre as cotas raciais, permitindo que os alunos compreendam as a\u00e7\u00f5es afirmativas de car\u00e1ter compensat\u00f3rio vigentes no pa\u00eds. A proposta busca conscientizar os jovens sobre o racismo estrutural e institucional, estimulando o sentimento de pertencimento e o protagonismo social de forma intencional, para que conhe\u00e7am a legisla\u00e7\u00e3o e o suporte que o Estado oferece.<\/p>\n<p>&#13;<\/p>\n<p>A diretora do DPIR, Ana Lu\u00edsa Hebling, destacou o impacto social e a abrang\u00eancia das atividades propostas. &#8220;O projeto visa fazer com que esses alunos compreendam o racismo estrutural, o racismo institucional e as a\u00e7\u00f5es afirmativas para que, no futuro, tenham uma vis\u00e3o intencional e espec\u00edfica da legisla\u00e7\u00e3o que os beneficia. Al\u00e9m de instruir e colaborar com os estudantes para a inser\u00e7\u00e3o no mercado de trabalho, com oficinas de postura, orat\u00f3ria e confec\u00e7\u00e3o de curr\u00edculos, contaremos com visitas t\u00e9cnicas aos col\u00e9gios tecnol\u00f3gicos e a participa\u00e7\u00e3o de profissionais renomados dentro das salas de aula para inspir\u00e1-los&#8221;, afirmou.<\/p>\n<p>&#13;<\/p>\n<p>Parcerias e Hist\u00f3rias de Supera\u00e7\u00e3o<br \/>Neste primeiro encontro, a a\u00e7\u00e3o est\u00e1 sendo desenvolvida de forma intersetorial em parceria com a Diretoria de Ensino, representada pela professora coordenadora Dra. Helenice Magalh\u00e3es, e com o Centro de Valoriza\u00e7\u00e3o e Prepara\u00e7\u00e3o para o Trabalho (Cevap), em conjunto com Cleusa Santos.<\/p>\n<p>&#13;<\/p>\n<p>Durante os encontros, as colaboradoras compartilharam com os estudantes suas trajet\u00f3rias de vida, detalhando as dificuldades enfrentadas ao longo do caminho, mas tamb\u00e9m as suas conquistas, servindo como um elemento de incentivo direto para que os jovens busquem a qualifica\u00e7\u00e3o profissional e a continuidade dos estudos.<\/p>\n<p>&#13;<br \/>\n&#13;<br \/>\n&#13;<br \/>\n&#13;<\/p>\n<article class=\"conteudo-relacionado no-print\">&#13;<br \/>\n        &#13;<br \/>\n&#13;<br \/>\n        &#13;<br \/>\n    <\/article>\n<p>&#13;<br \/>\n&#13;<br \/>\n                <\/main><\/p><\/div>\n<p><br \/>\n<br \/><a href=\"https:\/\/limeira.sp.gov.br\/prefeitura-lanca-projeto-mercado-e-igualdade-para-incentivar-o-acesso-de-estudantes-ao-ensino-tecnico-e-superior\" rel=\"noopener\">Informa\u00e7\u00f5es da PML <\/a><\/p>\n","protected":false},"excerpt":{"rendered":"<p>&#13; &#13; &#13; &#13; &#13; &#13; &#13; &#13; &#13; &#13; A Prefeitura de Limeira, por meio do Departamento de Promo\u00e7\u00e3o da Igualdade Racial (DPIR) da Secretaria de Cultura, deu in\u00edcio \u00e0 implanta\u00e7\u00e3o do projeto &#8220;Mercado e Igualdade&#8221;. O in\u00edcio das atividades do projeto se deu na Escola Estadual Professor Ely de Almeida Campos, promovendo a [&hellip;]<\/p>\n","protected":false},"author":1,"featured_media":67775,"comment_status":"","ping_status":"open","sticky":false,"template":"","format":"standard","meta":{"_jetpack_newsletter_access":"","_jetpack_dont_email_post_to_subs":false,"_jetpack_newsletter_tier_id":0,"_jetpack_memberships_contains_paywalled_content":false,"_mbp_banners":[],"_jetpack_feature_clip_id":0,"_jetpack_memberships_contains_paid_content":false,"footnotes":"","jetpack_publicize_message":"","jetpack_publicize_feature_enabled":true,"jetpack_social_post_already_shared":true,"jetpack_social_options":{"image_generator_settings":{"template":"highway","default_image_id":0,"font":"","enabled":false},"version":2},"jetpack_post_was_ever_published":false},"categories":[16],"tags":[],"class_list":["post-67774","post","type-post","status-publish","format-standard","has-post-thumbnail","category-local"],"jetpack_publicize_connections":[],"jetpack-related-posts":[],"jetpack_shortlink":"https:\/\/wp.me\/p7Eq1F-hD8","jetpack_sharing_enabled":true,"jetpack_featured_media_url":"https:\/\/i0.wp.com\/guialimeira.com.br\/news\/wp-content\/uploads\/2026\/06\/m_137_0_1_03062026084705.jpg?fit=1024%2C768&ssl=1","_links":{"self":[{"href":"https:\/\/guialimeira.com.br\/news\/wp-json\/wp\/v2\/posts\/67774","targetHints":{"allow":["GET"]}}],"collection":[{"href":"https:\/\/guialimeira.com.br\/news\/wp-json\/wp\/v2\/posts"}],"about":[{"href":"https:\/\/guialimeira.com.br\/news\/wp-json\/wp\/v2\/types\/post"}],"author":[{"embeddable":true,"href":"https:\/\/guialimeira.com.br\/news\/wp-json\/wp\/v2\/users\/1"}],"replies":[{"embeddable":true,"href":"https:\/\/guialimeira.com.br\/news\/wp-json\/wp\/v2\/comments?post=67774"}],"version-history":[{"count":0,"href":"https:\/\/guialimeira.com.br\/news\/wp-json\/wp\/v2\/posts\/67774\/revisions"}],"wp:featuredmedia":[{"embeddable":true,"href":"https:\/\/guialimeira.com.br\/news\/wp-json\/wp\/v2\/media\/67775"}],"wp:attachment":[{"href":"https:\/\/guialimeira.com.br\/news\/wp-json\/wp\/v2\/media?parent=67774"}],"wp:term":[{"taxonomy":"category","embeddable":true,"href":"https:\/\/guialimeira.com.br\/news\/wp-json\/wp\/v2\/categories?post=67774"},{"taxonomy":"post_tag","embeddable":true,"href":"https:\/\/guialimeira.com.br\/news\/wp-json\/wp\/v2\/tags?post=67774"}],"curies":[{"name":"wp","href":"https:\/\/api.w.org\/{rel}","templated":true}]}}