{"id":67772,"date":"2026-06-03T08:45:21","date_gmt":"2026-06-03T11:45:21","guid":{"rendered":"https:\/\/guialimeira.com.br\/defesa-civil-de-sp-amplia-acoes-para-enfrentar-periodo-de-estiagem-e-incendios\/"},"modified":"2026-06-03T08:45:21","modified_gmt":"2026-06-03T11:45:21","slug":"defesa-civil-de-sp-amplia-acoes-para-enfrentar-periodo-de-estiagem-e-incendios","status":"publish","type":"post","link":"https:\/\/guialimeira.com.br\/news\/defesa-civil-de-sp-amplia-acoes-para-enfrentar-periodo-de-estiagem-e-incendios\/","title":{"rendered":"Defesa Civil de SP amplia a\u00e7\u00f5es para enfrentar per\u00edodo de estiagem e inc\u00eandios"},"content":{"rendered":"<p> <br \/>\n<br \/><img data-recalc-dims=\"1\" decoding=\"async\" src=\"https:\/\/i0.wp.com\/www.agenciasp.sp.gov.br\/wp-content\/uploads\/2026\/06\/IMG_7521-scaled.jpg?w=696&#038;ssl=1\" \/><\/p>\n<div>\n<p class=\"wp-block-paragraph\">Em entrevista ao <em>SP Pod<\/em>, da <strong>Ag\u00eancia SP<\/strong>, o capit\u00e3o da Defesa Civil de S\u00e3o Paulo, Maxwel de Souza, explicou como o Governo de S\u00e3o Paulo vem se <a href=\"https:\/\/www.agenciasp.sp.gov.br\/sp-queima-controlada-prevenir-incendios\/\" rel=\"noopener\">preparando para a temporada de seca de 2026<\/a> ap\u00f3s enfrentar um dos per\u00edodos mais cr\u00edticos da hist\u00f3ria recente do estado.<\/p>\n<p class=\"wp-block-paragraph\">Segundo ele, a experi\u00eancia vivida em 2024 serviu para aperfei\u00e7oar protocolos de resposta e fortalecer as a\u00e7\u00f5es preventivas antes mesmo do in\u00edcio do per\u00edodo mais seco do ano. \u201c2024 foi um ano muito desafiador para S\u00e3o Paulo. N\u00f3s vivemos a pior estiagem da hist\u00f3ria do estado. Tivemos mais de 8 mil focos de inc\u00eandio e, em agosto, praticamente o estado inteiro estava em chamas. Foi necess\u00e1ria uma grande mobiliza\u00e7\u00e3o para que consegu\u00edssemos controlar aquela situa\u00e7\u00e3o\u201d, afirmou.<\/p>\n<h3 class=\"wp-block-heading\">Resposta integrada durante as emerg\u00eancias<\/h3>\n<p class=\"wp-block-paragraph\">Durante a <a href=\"https:\/\/www.agenciasp.sp.gov.br\/especiais\/parque-do-juquery-as-licoes-deixadas-pelo-combate-ao-incendio-que-durou-4-dias\/\" rel=\"noopener\">crise de inc\u00eandios registrada em 2024<\/a>, o Governo de S\u00e3o Paulo instalou um gabinete de crise para coordenar a atua\u00e7\u00e3o de diferentes \u00f3rg\u00e3os estaduais. A for\u00e7a-tarefa reuniu equipes da Defesa Civil, Corpo de Bombeiros, secretarias estaduais e for\u00e7as de seguran\u00e7a para monitorar \u00e1reas afetadas e acelerar o combate aos focos de inc\u00eandio.<\/p>\n<p class=\"wp-block-paragraph\">Al\u00e9m do emprego de aeronaves, viaturas e equipes em campo, as a\u00e7\u00f5es envolveram o envio de equipamentos, apoio log\u00edstico aos munic\u00edpios e campanhas de conscientiza\u00e7\u00e3o voltadas \u00e0 <a href=\"https:\/\/www.agenciasp.sp.gov.br\/governo-de-sp-reforca-preparacao-contra-incendios-florestais-com-treinamento-no-parque-do-juquery\/\" rel=\"noopener\">preven\u00e7\u00e3o das queimadas<\/a>.<\/p>\n<p class=\"wp-block-paragraph\">De acordo com Maxwel, a maior parte dos inc\u00eandios registrados no estado tem origem em a\u00e7\u00f5es humanas, o que refor\u00e7a a import\u00e2ncia do trabalho preventivo.<\/p>\n<p class=\"wp-block-paragraph\">\u201cTem um estudo da Secretaria do Meio Ambiente que aponta que, de cada dez inc\u00eandios, nove s\u00e3o provocados por a\u00e7\u00e3o humana. Na maioria esmagadora das vezes \u00e9 o ser humano que provoca o inc\u00eandio, seja de forma intencional ou n\u00e3o\u201d, explicou.<\/p>\n<h3 class=\"wp-block-heading\">Tecnologia para identificar focos de inc\u00eandio<\/h3>\n<p class=\"wp-block-paragraph\">Uma das novidades previstas para este ano \u00e9 a implanta\u00e7\u00e3o do programa Muralha Paulista do Fogo, iniciativa que utilizar\u00e1 sistemas de monitoramento por c\u00e2meras para auxiliar na identifica\u00e7\u00e3o r\u00e1pida de focos de inc\u00eandio.<\/p>\n<p class=\"wp-block-paragraph\"><strong>LEIA TAMB\u00c9M: <\/strong><a href=\"https:\/\/www.agenciasp.sp.gov.br\/muralha-do-fogo-waze-satelites-e-ia-defesa-civil-do-estado-de-sp-investe-em-tecnologia-para-enfrentar-el-nino-severo-neste-ano\/\" rel=\"noopener\">Muralha do Fogo, sat\u00e9lites e IA: Defesa Civil do Estado de SP investe em tecnologia para enfrentar El Ni\u00f1o severo neste ano<\/a><\/p>\n<p class=\"wp-block-paragraph\">A ferramenta ser\u00e1 integrada inicialmente \u00e0s c\u00e2meras administradas pela Ag\u00eancia de Transporte do Estado de S\u00e3o Paulo (Artesp) e pelo Departamento de Estradas de Rodagem (DER), ampliando a capacidade de vigil\u00e2ncia em \u00e1reas pr\u00f3ximas \u00e0s rodovias estaduais.<\/p>\n<p class=\"wp-block-paragraph\">Segundo o capit\u00e3o, a tecnologia permitir\u00e1 que as equipes acompanhem em tempo real o surgimento de focos de calor e adotem medidas antes que o fogo ganhe grandes propor\u00e7\u00f5es.<\/p>\n<p class=\"wp-block-paragraph\">\u201cO nosso centro de monitoramento vai conseguir visualizar essas c\u00e2meras integradas \u00e0 plataforma. Quando o sistema emite um alerta, o operador consegue avaliar rapidamente a situa\u00e7\u00e3o e tomar uma decis\u00e3o. N\u00e3o vamos esperar o inc\u00eandio sair do controle para enviar recursos\u201d, disse.<\/p>\n<h3 class=\"wp-block-heading\">Prepara\u00e7\u00e3o para eventos clim\u00e1ticos extremos<\/h3>\n<p class=\"wp-block-paragraph\">Al\u00e9m das a\u00e7\u00f5es voltadas \u00e0s queimadas, a Defesa Civil mant\u00e9m monitoramento permanente das condi\u00e7\u00f5es meteorol\u00f3gicas em todo o estado. O objetivo \u00e9 antecipar riscos relacionados a chuvas intensas, vendavais, estiagens prolongadas e outros eventos extremos que t\u00eam se tornado mais frequentes nos \u00faltimos anos.<\/p>\n<p class=\"wp-block-paragraph\">A atua\u00e7\u00e3o envolve a emiss\u00e3o de alertas para a popula\u00e7\u00e3o, o <a href=\"https:\/\/www.agenciasp.sp.gov.br\/defesa-civil-de-sp-inicia-capacitacao-de-39-municipios-do-vale-do-paraiba-para-o-periodo-de-estiagem\/\" rel=\"noopener\">apoio \u00e0s prefeituras<\/a> e a coordena\u00e7\u00e3o de a\u00e7\u00f5es emergenciais em situa\u00e7\u00f5es de risco.<\/p>\n<p class=\"wp-block-paragraph\">O fortalecimento da estrutura estadual integra uma estrat\u00e9gia mais ampla de adapta\u00e7\u00e3o \u00e0s mudan\u00e7as clim\u00e1ticas, tema que ganhou protagonismo na gest\u00e3o paulista diante dos impactos registrados nos \u00faltimos anos.<\/p>\n<h3 class=\"wp-block-heading\">Defesa Civil atende todos os munic\u00edpios paulistas<\/h3>\n<p class=\"wp-block-paragraph\">A Defesa Civil do Estado atua em parceria com os 645 munic\u00edpios paulistas, oferecendo suporte t\u00e9cnico, monitoramento e orienta\u00e7\u00e3o para situa\u00e7\u00f5es de emerg\u00eancia.<\/p>\n<p class=\"wp-block-paragraph\">O trabalho inclui a\u00e7\u00f5es de preven\u00e7\u00e3o, prepara\u00e7\u00e3o, resposta e recupera\u00e7\u00e3o diante de desastres naturais, al\u00e9m de programas de capacita\u00e7\u00e3o voltados \u00e0s equipes municipais.<\/p>\n<\/p><\/div>\n<p><br \/>\n<br \/><a href=\"https:\/\/www.agenciasp.sp.gov.br\/sp-pod-defesa-civil-estiagem-incendios\/\" rel=\"noopener\">Informa\u00e7\u00f5es GOV.SP<\/a><\/p>\n","protected":false},"excerpt":{"rendered":"<p>Em entrevista ao SP Pod, da Ag\u00eancia SP, o capit\u00e3o da Defesa Civil de S\u00e3o Paulo, Maxwel de Souza, explicou como o Governo de S\u00e3o Paulo vem se preparando para a temporada de seca de 2026 ap\u00f3s enfrentar um dos per\u00edodos mais cr\u00edticos da hist\u00f3ria recente do estado. Segundo ele, a experi\u00eancia vivida em 2024 [&hellip;]<\/p>\n","protected":false},"author":1,"featured_media":67773,"comment_status":"","ping_status":"open","sticky":false,"template":"","format":"standard","meta":{"_jetpack_newsletter_access":"","_jetpack_dont_email_post_to_subs":false,"_jetpack_newsletter_tier_id":0,"_jetpack_memberships_contains_paywalled_content":false,"_mbp_banners":[],"_jetpack_feature_clip_id":0,"_jetpack_memberships_contains_paid_content":false,"footnotes":"","jetpack_publicize_message":"","jetpack_publicize_feature_enabled":true,"jetpack_social_post_already_shared":true,"jetpack_social_options":{"image_generator_settings":{"template":"highway","default_image_id":0,"font":"","enabled":false},"version":2},"jetpack_post_was_ever_published":false},"categories":[21],"tags":[],"class_list":["post-67772","post","type-post","status-publish","format-standard","has-post-thumbnail","category-sp-news"],"jetpack_publicize_connections":[],"jetpack-related-posts":[],"jetpack_shortlink":"https:\/\/wp.me\/p7Eq1F-hD6","jetpack_sharing_enabled":true,"jetpack_featured_media_url":"https:\/\/i0.wp.com\/guialimeira.com.br\/news\/wp-content\/uploads\/2026\/06\/Defesa-Civil-de-SP-amplia-acoes-para-enfrentar-periodo-de.jpg?fit=2560%2C1707&ssl=1","_links":{"self":[{"href":"https:\/\/guialimeira.com.br\/news\/wp-json\/wp\/v2\/posts\/67772","targetHints":{"allow":["GET"]}}],"collection":[{"href":"https:\/\/guialimeira.com.br\/news\/wp-json\/wp\/v2\/posts"}],"about":[{"href":"https:\/\/guialimeira.com.br\/news\/wp-json\/wp\/v2\/types\/post"}],"author":[{"embeddable":true,"href":"https:\/\/guialimeira.com.br\/news\/wp-json\/wp\/v2\/users\/1"}],"replies":[{"embeddable":true,"href":"https:\/\/guialimeira.com.br\/news\/wp-json\/wp\/v2\/comments?post=67772"}],"version-history":[{"count":0,"href":"https:\/\/guialimeira.com.br\/news\/wp-json\/wp\/v2\/posts\/67772\/revisions"}],"wp:featuredmedia":[{"embeddable":true,"href":"https:\/\/guialimeira.com.br\/news\/wp-json\/wp\/v2\/media\/67773"}],"wp:attachment":[{"href":"https:\/\/guialimeira.com.br\/news\/wp-json\/wp\/v2\/media?parent=67772"}],"wp:term":[{"taxonomy":"category","embeddable":true,"href":"https:\/\/guialimeira.com.br\/news\/wp-json\/wp\/v2\/categories?post=67772"},{"taxonomy":"post_tag","embeddable":true,"href":"https:\/\/guialimeira.com.br\/news\/wp-json\/wp\/v2\/tags?post=67772"}],"curies":[{"name":"wp","href":"https:\/\/api.w.org\/{rel}","templated":true}]}}