{"id":67768,"date":"2026-06-03T07:44:43","date_gmt":"2026-06-03T10:44:43","guid":{"rendered":"https:\/\/guialimeira.com.br\/governo-de-sp-abre-selecao-para-2-mil-novos-soldados-da-pm\/"},"modified":"2026-06-03T07:44:43","modified_gmt":"2026-06-03T10:44:43","slug":"governo-de-sp-abre-selecao-para-2-mil-novos-soldados-da-pm","status":"publish","type":"post","link":"https:\/\/guialimeira.com.br\/news\/governo-de-sp-abre-selecao-para-2-mil-novos-soldados-da-pm\/","title":{"rendered":"Governo de SP abre sele\u00e7\u00e3o para 2 mil novos soldados da PM"},"content":{"rendered":"<p> <br \/>\n<br \/><img data-recalc-dims=\"1\" decoding=\"async\" src=\"https:\/\/i0.wp.com\/www.agenciasp.sp.gov.br\/wp-content\/uploads\/2026\/03\/WhatsApp-Image-2026-03-24-at-09.31.59-1.jpeg?w=696&#038;ssl=1\" \/><\/p>\n<div>\n<p class=\"wp-block-paragraph\">O Governo de S\u00e3o Paulo publicou nesta quarta-feira (3) o edital para o concurso que prev\u00ea a contrata\u00e7\u00e3o de 2 mil soldados da Pol\u00edcia Militar. As inscri\u00e7\u00f5es come\u00e7am no dia 15 de junho e v\u00e3o at\u00e9 21 de agosto. O sal\u00e1rio inicial para o cargo \u00e9 de R$ 5.482,51. A iniciativa faz parte do programa de fortalecimento das for\u00e7as de seguran\u00e7a e da recomposi\u00e7\u00e3o do efetivo policial em todo o estado, com a meta de viabilizar 26 mil novos policiais na gest\u00e3o.<\/p>\n<p class=\"wp-block-paragraph\"><a href=\"https:\/\/doe.sp.gov.br\/executivo\/secretaria-da-seguranca-publica\/edital-de-concurso-publico-n-dp-3-321-26-202606021336161961890848\" target=\"_blank\" rel=\"noreferrer noopener\">Confira o edital do concurso de soldado da Pol\u00edcia Militar aqui<\/a>.<\/p>\n<p class=\"wp-block-paragraph\">Desde de janeiro de 2023, 16.279 policiais civis e militares conclu\u00edram a forma\u00e7\u00e3o e j\u00e1 est\u00e3o atuando nas ruas em todo o estado. Outros 2.220 profissionais seguem em forma\u00e7\u00e3o. Entre eles, h\u00e1, na Pol\u00edcia Militar, 1.185 soldados e 561 alunos-oficiais. Na Pol\u00edcia Civil, s\u00e3o 474 delegados.<\/p>\n<p class=\"wp-block-paragraph\">Com o edital lan\u00e7ado hoje, j\u00e1 s\u00e3o 5.691 vagas de concurso em andamento, considerando os editais atualmente abertos nas for\u00e7as de seguran\u00e7a. H\u00e1 ainda outras 2.397 vagas j\u00e1 autorizadas.<\/p>\n<h3 class=\"wp-block-heading\">Inscri\u00e7\u00f5es para o concurso da PM<\/h3>\n<p class=\"wp-block-paragraph\">As inscri\u00e7\u00f5es para o concurso come\u00e7am no pr\u00f3ximo dia 15 de junho e seguem at\u00e9 21 de agosto. Os interessados dever\u00e3o se inscrever pelo <a href=\"https:\/\/www.vunesp.com.br\/\" target=\"_blank\" rel=\"noopener\">site da Funda\u00e7\u00e3o Vunesp<\/a>, organizadora do concurso.<\/p>\n<blockquote class=\"wp-block-quote is-layout-flow wp-block-quote-is-layout-flow\">\n<p class=\"wp-block-paragraph\">\u201cEstamos ampliando continuamente os investimentos na seguran\u00e7a p\u00fablica, com a contrata\u00e7\u00e3o e forma\u00e7\u00e3o de novos policiais para refor\u00e7ar o efetivo em todas as regi\u00f5es do estado. Esse \u00e9 mais um passo importante para garantir um atendimento cada vez mais eficiente \u00e0 popula\u00e7\u00e3o e fortalecer o combate \u00e0 criminalidade\u201d, afirmou o secret\u00e1rio da Seguran\u00e7a P\u00fablica do Estado, Osvaldo Nico Gon\u00e7alves.<\/p>\n<\/blockquote>\n<h3 class=\"wp-block-heading\">Requisitos para o concurso da PM<\/h3>\n<p class=\"wp-block-paragraph\">Para participar do concurso, os candidatos devem atender aos requisitos previstos no edital, entre eles ter entre 17 e 30 anos de idade e cumprir os crit\u00e9rios m\u00ednimos de altura, de 1,55 metro para mulheres e 1,60 metro para homens. O sal\u00e1rio inicial para o cargo \u00e9 de R$ 5.482,51. Al\u00e9m disso, para a posse, \u00e9 preciso estar em dia com obriga\u00e7\u00f5es eleitorais e militares.<\/p>\n<p class=\"wp-block-paragraph\">As provas poder\u00e3o ser realizadas em 51 munic\u00edpios, sendo 37 cidades paulistas e outras 14 localizadas em diferentes regi\u00f5es do pa\u00eds. O processo seletivo contar\u00e1 com cinco etapas: prova de conhecimentos, exame de aptid\u00e3o f\u00edsica, avalia\u00e7\u00e3o psicol\u00f3gica, investiga\u00e7\u00e3o social e an\u00e1lise documental.<\/p>\n<p class=\"wp-block-paragraph\">Os candidatos dever\u00e3o acompanhar as publica\u00e7\u00f5es oficiais sobre o concurso no Di\u00e1rio Oficial do Estado e no portal da banca organizadora. O edital completo estar\u00e1 dispon\u00edvel na se\u00e7\u00e3o de Concursos P\u00fablicos do caderno Executivo do Di\u00e1rio Oficial.<\/p>\n<h3 class=\"wp-block-heading\">Concurso para alunos-oficiais da PM<\/h3>\n<p class=\"wp-block-paragraph\">Al\u00e9m das vagas para soldados, o Governo de S\u00e3o Paulo tamb\u00e9m mant\u00e9m concurso em andamento para o preenchimento de 200 vagas de alunos-oficiais da Pol\u00edcia Militar. As inscri\u00e7\u00f5es seguem abertas at\u00e9 15 de julho.<\/p>\n<p class=\"wp-block-paragraph\">Os aprovados ingressar\u00e3o no Curso de Forma\u00e7\u00e3o de Oficiais da Academia de Pol\u00edcia Militar do Barro Branco, na capital, com dura\u00e7\u00e3o de quatro anos e remunera\u00e7\u00e3o inicial de R$ 5.460,65 para o cargo de cadete da PM.<\/p>\n<p class=\"wp-block-paragraph\"><strong>LEIA TAMB\u00c9M: <\/strong><a href=\"https:\/\/www.agenciasp.sp.gov.br\/concurso-da-pm-de-sp-para-200-vagas-de-alunos-oficiais-comecam-nesta-segunda-feira-1\/\" rel=\"noopener\">Inscri\u00e7\u00f5es de concurso da PM de SP para 200 vagas de alunos-oficiais come\u00e7am nesta segunda-feira (1)<\/a><\/p>\n<h3 class=\"wp-block-heading\">Combate ao crime e redu\u00e7\u00e3o dos indicadores<\/h3>\n<p class=\"wp-block-paragraph\">O refor\u00e7o do efetivo policial contribui diretamente para os resultados alcan\u00e7ados pelas for\u00e7as de seguran\u00e7a no combate \u00e0 criminalidade. <a href=\"https:\/\/www.agenciasp.sp.gov.br\/roubos-e-furtos-de-veiculos-caem-e-atingem-minimas-historicas-em-todo-o-estado-de-sp\/\" rel=\"noopener\">Entre janeiro e abril deste ano, os roubos de ve\u00edculos ca\u00edram 34,6% em todo o estado<\/a>, com 5,8 mil ocorr\u00eancias registradas. Os roubos em geral tamb\u00e9m apresentaram redu\u00e7\u00e3o de 17,9%, totalizando 48,5 mil casos e atingindo a menor marca para o quadrimestre desde 2001.<\/p>\n<p class=\"wp-block-paragraph\">No mesmo per\u00edodo, S\u00e3o Paulo registrou a menor quantidade de homic\u00eddios dolosos da s\u00e9rie hist\u00f3rica para os primeiros quatro meses do ano, com queda de 3,7% e 807 ocorr\u00eancias.<\/p>\n<p class=\"wp-block-paragraph\">As a\u00e7\u00f5es policiais tamb\u00e9m resultaram na apreens\u00e3o de 4,1 mil armas de fogo e de 50,9 toneladas de drogas. Al\u00e9m disso, 73,8 mil infratores foram presos ou apreendidos em todo o estado entre janeiro e abril.<\/p>\n<\/p><\/div>\n<p><br \/>\n<br \/><a href=\"https:\/\/www.agenciasp.sp.gov.br\/edital-concurso-da-pm-sao-paulo\/\" rel=\"noopener\">Informa\u00e7\u00f5es GOV.SP<\/a><\/p>\n","protected":false},"excerpt":{"rendered":"<p>O Governo de S\u00e3o Paulo publicou nesta quarta-feira (3) o edital para o concurso que prev\u00ea a contrata\u00e7\u00e3o de 2 mil soldados da Pol\u00edcia Militar. As inscri\u00e7\u00f5es come\u00e7am no dia 15 de junho e v\u00e3o at\u00e9 21 de agosto. O sal\u00e1rio inicial para o cargo \u00e9 de R$ 5.482,51. A iniciativa faz parte do programa [&hellip;]<\/p>\n","protected":false},"author":1,"featured_media":67019,"comment_status":"","ping_status":"open","sticky":false,"template":"","format":"standard","meta":{"_jetpack_newsletter_access":"","_jetpack_dont_email_post_to_subs":false,"_jetpack_newsletter_tier_id":0,"_jetpack_memberships_contains_paywalled_content":false,"_mbp_banners":[],"_jetpack_feature_clip_id":0,"_jetpack_memberships_contains_paid_content":false,"footnotes":"","jetpack_publicize_message":"","jetpack_publicize_feature_enabled":true,"jetpack_social_post_already_shared":true,"jetpack_social_options":{"image_generator_settings":{"template":"highway","default_image_id":0,"font":"","enabled":false},"version":2},"jetpack_post_was_ever_published":false},"categories":[21],"tags":[],"class_list":["post-67768","post","type-post","status-publish","format-standard","has-post-thumbnail","category-sp-news"],"jetpack_publicize_connections":[],"jetpack-related-posts":[],"jetpack_shortlink":"https:\/\/wp.me\/p7Eq1F-hD2","jetpack_sharing_enabled":true,"jetpack_featured_media_url":"https:\/\/i0.wp.com\/guialimeira.com.br\/news\/wp-content\/uploads\/2026\/05\/Estado-de-SP-tem-13-das-20-cidades-mais-seguras.jpeg?fit=1280%2C854&ssl=1","_links":{"self":[{"href":"https:\/\/guialimeira.com.br\/news\/wp-json\/wp\/v2\/posts\/67768","targetHints":{"allow":["GET"]}}],"collection":[{"href":"https:\/\/guialimeira.com.br\/news\/wp-json\/wp\/v2\/posts"}],"about":[{"href":"https:\/\/guialimeira.com.br\/news\/wp-json\/wp\/v2\/types\/post"}],"author":[{"embeddable":true,"href":"https:\/\/guialimeira.com.br\/news\/wp-json\/wp\/v2\/users\/1"}],"replies":[{"embeddable":true,"href":"https:\/\/guialimeira.com.br\/news\/wp-json\/wp\/v2\/comments?post=67768"}],"version-history":[{"count":0,"href":"https:\/\/guialimeira.com.br\/news\/wp-json\/wp\/v2\/posts\/67768\/revisions"}],"wp:featuredmedia":[{"embeddable":true,"href":"https:\/\/guialimeira.com.br\/news\/wp-json\/wp\/v2\/media\/67019"}],"wp:attachment":[{"href":"https:\/\/guialimeira.com.br\/news\/wp-json\/wp\/v2\/media?parent=67768"}],"wp:term":[{"taxonomy":"category","embeddable":true,"href":"https:\/\/guialimeira.com.br\/news\/wp-json\/wp\/v2\/categories?post=67768"},{"taxonomy":"post_tag","embeddable":true,"href":"https:\/\/guialimeira.com.br\/news\/wp-json\/wp\/v2\/tags?post=67768"}],"curies":[{"name":"wp","href":"https:\/\/api.w.org\/{rel}","templated":true}]}}