{"id":67742,"date":"2026-06-03T00:36:07","date_gmt":"2026-06-03T03:36:07","guid":{"rendered":"https:\/\/guialimeira.com.br\/operacao-herbie-prende-suspeito-e-recupera-carro-furtado-de-colecionador-em-sao-paulo\/"},"modified":"2026-06-03T00:36:07","modified_gmt":"2026-06-03T03:36:07","slug":"operacao-herbie-prende-suspeito-e-recupera-carro-furtado-de-colecionador-em-sao-paulo","status":"publish","type":"post","link":"https:\/\/guialimeira.com.br\/news\/operacao-herbie-prende-suspeito-e-recupera-carro-furtado-de-colecionador-em-sao-paulo\/","title":{"rendered":"Opera\u00e7\u00e3o Herbie prende suspeito e recupera carro furtado de colecionador em S\u00e3o Paulo"},"content":{"rendered":"<p> <br \/>\n<br \/><img data-recalc-dims=\"1\" decoding=\"async\" src=\"https:\/\/i0.wp.com\/www.agenciasp.sp.gov.br\/wp-content\/uploads\/2026\/01\/55054344479_352135ce64_k.jpg?w=696&#038;ssl=1\" \/><\/p>\n<div>\n<p class=\"wp-block-paragraph\">Policiais do Departamento Estadual de Investiga\u00e7\u00f5es Criminais (Deic) realizaram nesta ter\u00e7a-feira (2) a Opera\u00e7\u00e3o Herbie, que investiga uma quadrilha especializada em furtos de ve\u00edculos raros de colecionadores. O principal alvo da investiga\u00e7\u00e3o foi preso no Jardim S\u00e3o Lu\u00eds, na zona sul de S\u00e3o Paulo.<\/p>\n<p class=\"wp-block-paragraph\">A a\u00e7\u00e3o \u00e9 coordenada pela 3\u00aa Delegacia da Divis\u00e3o de Investiga\u00e7\u00f5es sobre Furtos, Roubos e Recepta\u00e7\u00f5es de Ve\u00edculos e Cargas (Divecar), especializada na apura\u00e7\u00e3o de desmanches ilegais. As investiga\u00e7\u00f5es tiveram in\u00edcio ap\u00f3s o furto de dois carros em uma empresa restauradora localizada na Zona Oeste da capital paulista.<\/p>\n<p class=\"wp-block-paragraph\">Os ve\u00edculos, avaliados em cerca de R$ 50 mil cada, foram levados em duas a\u00e7\u00f5es sucessivas. Os criminosos utilizaram um carro de luxo para chegar ao local. Inicialmente, furtaram um fusca bege e deixaram a empresa. Cerca de 30 minutos depois, retornaram e levaram um segundo ve\u00edculo, desta vez um fusca azul.<\/p>\n<p class=\"wp-block-paragraph\"><strong>LEIA TAMB\u00c9M:<\/strong> <a href=\"https:\/\/www.agenciasp.sp.gov.br\/suspeito-de-aplicar-golpes-com-venda-de-produtos-de-luxo-falsificados-e-preso-em-sp\/\" rel=\"noopener\">Suspeito de aplicar golpes com venda de produtos de luxo falsificados \u00e9 preso em SP<\/a><\/p>\n<p class=\"wp-block-paragraph\">Os levantamentos feitos pela Pol\u00edcia Civil apontaram a exist\u00eancia de uma rede organizada voltada ao furto de autom\u00f3veis raros. At\u00e9 o momento, ao menos tr\u00eas pessoas foram identificadas como participantes do esquema.<\/p>\n<p class=\"wp-block-paragraph\">Durante o cumprimento de mandados de busca e apreens\u00e3o em cinco endere\u00e7os nas Zonas Sul e Oeste da cidade, os policiais prenderam um suspeito e recuperaram um dos fuscas furtados. O ve\u00edculo foi localizado em um galp\u00e3o na regi\u00e3o do Jardim S\u00e3o Lu\u00eds, endere\u00e7o ligado ao principal investigado e indicado por outro alvo da opera\u00e7\u00e3o.\u00a0<\/p>\n<p class=\"wp-block-paragraph\">Tamb\u00e9m foi cumprido mandado de busca na resid\u00eancia do suspeito, onde os agentes encontraram a chave do ve\u00edculo utilizado nos furtos. A identifica\u00e7\u00e3o foi confirmada por meio de leitura eletr\u00f4nica realizada com scanner.<\/p>\n<p class=\"wp-block-paragraph\">Al\u00e9m da chave, foram apreendidas diversas pe\u00e7as automotivas com suspeita de origem il\u00edcita, entre elas uma tampa traseira com registro de furto, um eixo veicular, painel, laterais de portas, bancos, escapamento, carenagens, roda de motocicleta, bengala e duas placas veiculares.\u00a0<\/p>\n<p class=\"wp-block-paragraph\"><strong>LEIA TAMB\u00c9M:<\/strong> <a href=\"https:\/\/www.agenciasp.sp.gov.br\/pm-e-mp-de-sp-realizam-operacao-contra-esquema-milionario-de-desvios-em-catanduva\/\" rel=\"noopener\">PM e MP de SP realizam opera\u00e7\u00e3o contra esquema milion\u00e1rio de desvios em Catanduva<\/a><\/p>\n<p class=\"wp-block-paragraph\">Os policiais tamb\u00e9m apreenderam dez ve\u00edculos, incluindo autom\u00f3veis antigos, entre eles o fusca azul furtado da restauradora.<\/p>\n<p class=\"wp-block-paragraph\">O nome da opera\u00e7\u00e3o faz refer\u00eancia ao personagem Herbie, o famoso fusca retratado em produ\u00e7\u00f5es cinematogr\u00e1ficas da Disney.<\/p>\n<\/p><\/div>\n<p><br \/>\n<br \/><a href=\"https:\/\/www.agenciasp.sp.gov.br\/operacao-herbie-prende-suspeito-e-recupera-carro-furtado-de-colecionador-em-sao-paulo\/\" rel=\"noopener\">Informa\u00e7\u00f5es GOV.SP<\/a><\/p>\n","protected":false},"excerpt":{"rendered":"<p>Policiais do Departamento Estadual de Investiga\u00e7\u00f5es Criminais (Deic) realizaram nesta ter\u00e7a-feira (2) a Opera\u00e7\u00e3o Herbie, que investiga uma quadrilha especializada em furtos de ve\u00edculos raros de colecionadores. O principal alvo da investiga\u00e7\u00e3o foi preso no Jardim S\u00e3o Lu\u00eds, na zona sul de S\u00e3o Paulo. A a\u00e7\u00e3o \u00e9 coordenada pela 3\u00aa Delegacia da Divis\u00e3o de Investiga\u00e7\u00f5es [&hellip;]<\/p>\n","protected":false},"author":1,"featured_media":54008,"comment_status":"","ping_status":"open","sticky":false,"template":"","format":"standard","meta":{"_jetpack_newsletter_access":"","_jetpack_dont_email_post_to_subs":false,"_jetpack_newsletter_tier_id":0,"_jetpack_memberships_contains_paywalled_content":false,"_mbp_banners":[],"_jetpack_feature_clip_id":0,"_jetpack_memberships_contains_paid_content":false,"footnotes":"","jetpack_publicize_message":"","jetpack_publicize_feature_enabled":true,"jetpack_social_post_already_shared":true,"jetpack_social_options":{"image_generator_settings":{"template":"highway","default_image_id":0,"font":"","enabled":false},"version":2},"jetpack_post_was_ever_published":false},"categories":[21],"tags":[],"class_list":["post-67742","post","type-post","status-publish","format-standard","has-post-thumbnail","category-sp-news"],"jetpack_publicize_connections":[],"jetpack-related-posts":[],"jetpack_shortlink":"https:\/\/wp.me\/p7Eq1F-hCC","jetpack_sharing_enabled":true,"jetpack_featured_media_url":"https:\/\/i0.wp.com\/guialimeira.com.br\/news\/wp-content\/uploads\/2026\/02\/Investigacao-da-Policia-Civil-de-SP-em-grupos-online-impede.jpg?fit=2048%2C1365&ssl=1","_links":{"self":[{"href":"https:\/\/guialimeira.com.br\/news\/wp-json\/wp\/v2\/posts\/67742","targetHints":{"allow":["GET"]}}],"collection":[{"href":"https:\/\/guialimeira.com.br\/news\/wp-json\/wp\/v2\/posts"}],"about":[{"href":"https:\/\/guialimeira.com.br\/news\/wp-json\/wp\/v2\/types\/post"}],"author":[{"embeddable":true,"href":"https:\/\/guialimeira.com.br\/news\/wp-json\/wp\/v2\/users\/1"}],"replies":[{"embeddable":true,"href":"https:\/\/guialimeira.com.br\/news\/wp-json\/wp\/v2\/comments?post=67742"}],"version-history":[{"count":0,"href":"https:\/\/guialimeira.com.br\/news\/wp-json\/wp\/v2\/posts\/67742\/revisions"}],"wp:featuredmedia":[{"embeddable":true,"href":"https:\/\/guialimeira.com.br\/news\/wp-json\/wp\/v2\/media\/54008"}],"wp:attachment":[{"href":"https:\/\/guialimeira.com.br\/news\/wp-json\/wp\/v2\/media?parent=67742"}],"wp:term":[{"taxonomy":"category","embeddable":true,"href":"https:\/\/guialimeira.com.br\/news\/wp-json\/wp\/v2\/categories?post=67742"},{"taxonomy":"post_tag","embeddable":true,"href":"https:\/\/guialimeira.com.br\/news\/wp-json\/wp\/v2\/tags?post=67742"}],"curies":[{"name":"wp","href":"https:\/\/api.w.org\/{rel}","templated":true}]}}